{"id":1038,"date":"2014-12-01T13:43:20","date_gmt":"2014-12-01T12:43:20","guid":{"rendered":"http:\/\/slaskipegaz.bs.katowice.pl\/?p=1038"},"modified":"2014-12-01T14:28:22","modified_gmt":"2014-12-01T13:28:22","slug":"relacja-powiatowa-i-miejska-biblioteka-publiczna-w-raciborzu","status":"publish","type":"post","link":"https:\/\/slaskipegaz.bs.katowice.pl\/?p=1038","title":{"rendered":"[Relacja] POWIATOWA I MIEJSKA BIBLIOTEKA PUBLICZNA W RYBNIKU"},"content":{"rendered":"<h6 style=\"text-align: center;\">SPOTKANIA AUTORSKIE<\/h6>\n<p><a href=\"https:\/\/slaskipegaz.bs.katowice.pl\/wp-content\/uploads\/2014\/12\/Tomasz-Szczansny.jpg\"><img loading=\"lazy\" decoding=\"async\" class=\"alignleft size-medium wp-image-1039\" src=\"https:\/\/slaskipegaz.bs.katowice.pl\/wp-content\/uploads\/2014\/12\/Tomasz-Szczansny-300x199.jpg\" alt=\"Tomasz Szczansny\" width=\"300\" height=\"199\" srcset=\"https:\/\/slaskipegaz.bs.katowice.pl\/wp-content\/uploads\/2014\/12\/Tomasz-Szczansny-300x199.jpg 300w, https:\/\/slaskipegaz.bs.katowice.pl\/wp-content\/uploads\/2014\/12\/Tomasz-Szczansny-1024x680.jpg 1024w, https:\/\/slaskipegaz.bs.katowice.pl\/wp-content\/uploads\/2014\/12\/Tomasz-Szczansny.jpg 1600w\" sizes=\"auto, (max-width: 300px) 100vw, 300px\" \/><\/a><strong>Skarby ziemi rybnickiej<\/strong><br \/>\nAleksander \u017bukowski, Daniel Jakubczyk i Tomasz Szczansny opowiadali o skarbach historii i przyrody naszego regionu.<\/p>\n<p><!--more--><br \/>\nNiedawno ukaza\u0142y si\u0119 trzecia cz\u0119\u015b\u0107 przewodnika \u201eSzlakami Zielonego \u015al\u0105ska\u201d i album \u201eSkarby przyrody las\u00f3w rybnickich\u201d (wyd. Vectra). Z tej okazji w rybnickiej bibliotece odby\u0142o si\u0119 spotkanie, podczas kt\u00f3rego autorzy opowiedzieli o pere\u0142kach historii i przyrody naszego regionu. Aleksander \u017bukowski i Daniel Jakubczyk przybli\u017cyli ciekawe historycznie miejsca okolic pograniczna czesko-polskiego dolnej Olzy. Bliski nam geograficznie przedsionek Bramy Morawskiej z pewno\u015bci\u0105 wart jest odwiedzenia. Podczas spotkania zaprezentowano r\u00f3wnie\u017c album \u201eSkarby przyrody las\u00f3w rybnickich\u201d, o kt\u00f3rym najwi\u0119cej opowiedzia\u0142 autor zdj\u0119\u0107 Tomasz Szcznasny. Towarzysz\u0105ce spotkaniu slajdowisko zabra\u0142o publiczno\u015b\u0107 w podr\u00f3\u017c po kompleksach le\u015bnych P\u0142askowy\u017cu Rybnickiego, a\u017c po dolin\u0119 Odry. Tomasz Szczansny przybli\u017cy\u0142 nie tylko pi\u0119kno przyrody, ale i ciekawostki zwi\u0105zane z warsztatem fotografa \u2013 po\u015bwi\u0119cenia wczesnego wstawania, spania w samochodzie, wielogodzinnego oczekiwania w samodzielnie przygotowanych kryj\u00f3wkach, a nawet przebierania si\u0119 w specjalny, kamufluj\u0105cy str\u00f3j.<br \/>\n<a href=\"https:\/\/slaskipegaz.bs.katowice.pl\/wp-content\/uploads\/2014\/12\/Zbigniew-Pawlak.jpg\"><img loading=\"lazy\" decoding=\"async\" class=\"size-medium wp-image-1040 aligncenter\" src=\"https:\/\/slaskipegaz.bs.katowice.pl\/wp-content\/uploads\/2014\/12\/Zbigniew-Pawlak-300x199.jpg\" alt=\"Zbigniew Pawlak\" width=\"300\" height=\"199\" srcset=\"https:\/\/slaskipegaz.bs.katowice.pl\/wp-content\/uploads\/2014\/12\/Zbigniew-Pawlak-300x199.jpg 300w, https:\/\/slaskipegaz.bs.katowice.pl\/wp-content\/uploads\/2014\/12\/Zbigniew-Pawlak-1024x680.jpg 1024w, https:\/\/slaskipegaz.bs.katowice.pl\/wp-content\/uploads\/2014\/12\/Zbigniew-Pawlak.jpg 1600w\" sizes=\"auto, (max-width: 300px) 100vw, 300px\" \/><\/a><br \/>\n<strong>Tragedia Bies\u0142anu<\/strong><br \/>\nW rybnickiej bibliotece odby\u0142o si\u0119 spotkanie ze Zbigniewem Pawlakiem, wsp\u00f3\u0142autorem ksi\u0105\u017cki \u201eP\u0119kni\u0119te miasto. Bies\u0142an\u201d.<br \/>\nZbigniew Pawlak mieszka\u0142 na Kaukazie kilka lat przed tragedi\u0105 w Bies\u0142anie. Po okrutnym ataku terroryst\u00f3w na szko\u0142\u0119 natychmiast tam wr\u00f3ci\u0142, spotyka\u0142 si\u0119 z lud\u017ami, rozmawia\u0142 z rodzinami, kt\u00f3re do\u015bwiadczy\u0142y niewyobra\u017calnej tragedii. Ksi\u0105\u017cka, o kt\u00f3rej autor m\u00f3wi\u0142 podczas spotkania w Rybniku, powsta\u0142a dziesi\u0119\u0107 lat po ataku terroryst\u00f3w na szko\u0142\u0119. W 2004 roku w Bies\u0142anie zgin\u0119\u0142o 334 os\u00f3b, po\u0142owa z nich to dzieci. Do dzisiaj to najtragiczniejszy zamach w Europie. Rozpocz\u0119cie roku szkolnego w tamtym rejonie to wielkie \u015bwi\u0119to \u2013 dzieciom w szkole towarzysz\u0105 rodzice, rodze\u0144stwo, dziadkowie. Terrory\u015bci o tym wiedzieli, wybrali moment z okrutn\u0105 premedytacj\u0105. \u2013 Od dziesi\u0119ciu lat Bies\u0142an jest podzielonym miastem \u2013 na tych, kt\u00f3rzy stracili wszystko i na tych, kt\u00f3rzy nie rozumiej\u0105 \u2013 m\u00f3wi\u0142 Zbigniew Pawlak. Autor pokazywa\u0142 zdj\u0119cia z Bies\u0142anu, opowiada\u0142 tak\u017ce o do\u015bwiadczeniach polskiej m\u0142odzie\u017cy, kt\u00f3ra wraz z nim odwiedzi\u0142a miasto. Podczas prezentacji Zbigniew Pawlak pokaza\u0142 przejmuj\u0105c\u0105 animacj\u0119 piaskow\u0105 Tetiany Galitsyny o zamachu w Bies\u0142anie (https:\/\/www.youtube.com\/watch?v=AFCFbrAWkPY).<\/p>\n<p><a href=\"https:\/\/slaskipegaz.bs.katowice.pl\/wp-content\/uploads\/2014\/12\/Lech-Piercha\u0142a-lady-of-autumn-1.jpg\"><img loading=\"lazy\" decoding=\"async\" class=\"alignleft size-medium wp-image-1041\" src=\"https:\/\/slaskipegaz.bs.katowice.pl\/wp-content\/uploads\/2014\/12\/Lech-Piercha\u0142a-lady-of-autumn-1-300x272.jpg\" alt=\"Lech Piercha\u0142a lady of autumn 1\" width=\"300\" height=\"272\" srcset=\"https:\/\/slaskipegaz.bs.katowice.pl\/wp-content\/uploads\/2014\/12\/Lech-Piercha\u0142a-lady-of-autumn-1-300x272.jpg 300w, https:\/\/slaskipegaz.bs.katowice.pl\/wp-content\/uploads\/2014\/12\/Lech-Piercha\u0142a-lady-of-autumn-1.jpg 800w\" sizes=\"auto, (max-width: 300px) 100vw, 300px\" \/><\/a><br \/>\n<strong>WYSTAWY, LEKCJE BIBLIOTECZNE, WYDARZENIA<\/strong><br \/>\nLech Piercha\u0142a \u2013 malarstwo, rysunek, metaloplastyka<br \/>\nLech Piercha\u0142a si\u0119ga w swoich pracach po motywy odwo\u0142uj\u0105ce si\u0119 do tradycji mitologicznej oraz biblijnej. Wkracza w \u015bwiat fauny, bawi\u0105c si\u0119 w jego obr\u0119bie personifikacj\u0105 i hybrydyzuj\u0105c go z industrialnymi detalami. Jego rysunki to najcz\u0119\u015bciej scenki rodzajowe w groteskowych adaptacjach, w kt\u00f3rych rol\u0119 g\u0142\u00f3wn\u0105 odgrywa erotyzm o zmiennym nat\u0119\u017ceniu: od subtelno\u015bci po perwersj\u0119.<br \/>\nTw\u00f3rczo\u015b\u0107\u00a0 Lecha Piercha\u0142y bazuje na atmosferze tajemnicy i grozy, a oniryczny klimat obraz\u00f3w przywodzi na my\u015bl malarskie wizje Gigera i Beksi\u0144skiego. Maria\u017c ten nie jest jednak synkretycznym odwzorowaniem, a s\u0142u\u017cy budowaniu indywidualnego stylu tw\u00f3rcy.<br \/>\nWystawa potrwa do ko\u0144ca roku, zapraszamy!<\/p>\n<p><strong><a href=\"https:\/\/slaskipegaz.bs.katowice.pl\/wp-content\/uploads\/2014\/12\/Filia-nr-4-Najpierw-ksi\u0105\u017cka-potem-film.jpg\"><img loading=\"lazy\" decoding=\"async\" class=\"size-medium wp-image-1042 aligncenter\" src=\"https:\/\/slaskipegaz.bs.katowice.pl\/wp-content\/uploads\/2014\/12\/Filia-nr-4-Najpierw-ksi\u0105\u017cka-potem-film-300x225.jpg\" alt=\"Filia nr 4- Najpierw ksi\u0105\u017cka, potem film\" width=\"300\" height=\"225\" srcset=\"https:\/\/slaskipegaz.bs.katowice.pl\/wp-content\/uploads\/2014\/12\/Filia-nr-4-Najpierw-ksi\u0105\u017cka-potem-film-300x225.jpg 300w, https:\/\/slaskipegaz.bs.katowice.pl\/wp-content\/uploads\/2014\/12\/Filia-nr-4-Najpierw-ksi\u0105\u017cka-potem-film.jpg 600w\" sizes=\"auto, (max-width: 300px) 100vw, 300px\" \/><\/a>Filia nr 4 \u2013 Najpierw ksi\u0105\u017cka, potem film<\/strong><br \/>\nFilmowcom cz\u0119sto umyka wiele w\u0105tk\u00f3w z ekranizowanego dzia\u0142a. Dos\u0142owne prze\u0142o\u017cenie ksi\u0105\u017cki na j\u0119zyk ruchomych obraz\u00f3w jest nierzadko niewykonalne. Filia nr 4 proponuje czytelnikom si\u0119gni\u0119cie po literackie pierwowzory hollywoodzkich przeboj\u00f3w. Wystawa by\u0142a prezentowana przez ca\u0142y listopad.<br \/>\n<a href=\"https:\/\/slaskipegaz.bs.katowice.pl\/wp-content\/uploads\/2014\/12\/Filia-nr-1-spotkanie-Zwierz\u0119ta-zim\u0105.jpg\"><img loading=\"lazy\" decoding=\"async\" class=\"size-medium wp-image-1043 aligncenter\" src=\"https:\/\/slaskipegaz.bs.katowice.pl\/wp-content\/uploads\/2014\/12\/Filia-nr-1-spotkanie-Zwierz\u0119ta-zim\u0105-300x180.jpg\" alt=\"Filia nr 1 - spotkanie Zwierz\u0119ta zim\u0105\" width=\"300\" height=\"180\" srcset=\"https:\/\/slaskipegaz.bs.katowice.pl\/wp-content\/uploads\/2014\/12\/Filia-nr-1-spotkanie-Zwierz\u0119ta-zim\u0105-300x180.jpg 300w, https:\/\/slaskipegaz.bs.katowice.pl\/wp-content\/uploads\/2014\/12\/Filia-nr-1-spotkanie-Zwierz\u0119ta-zim\u0105-1024x614.jpg 1024w\" sizes=\"auto, (max-width: 300px) 100vw, 300px\" \/><\/a><br \/>\n<strong>Filia nr 1 \u2013 Spotkanie dla dzieci \u201eZwierz\u0119ta zim\u0105\u201d<\/strong><br \/>\nW Filii nr 1 odby\u0142o si\u0119 spotkanie pod has\u0142em \u201e Zwierz\u0119ta zim\u0105\u201d, w kt\u00f3rym wzi\u0119\u0142y udzia\u0142 dzieci z Przedszkola nr 4 w Rybniku. Zaj\u0119cia edukacyjne poprowadzili pracownicy Zespo\u0142u Park\u00f3w Krajobrazowych Wojew\u00f3dztwa \u015al\u0105skiego, Oddzia\u0142 Biura Park\u00f3w w Rudach.<br \/>\nDzieci dowiedzia\u0142y si\u0119, kt\u00f3re ptaki odlatuj\u0105 na zim\u0119, a kt\u00f3re zostaj\u0105, kt\u00f3re zwierz\u0119ta zapadaj\u0105 w sen zimowy, kt\u00f3re zmieniaj\u0105 kolor futerka oraz jaka jest r\u00f3\u017cnica mi\u0119dzy karmikiem a budk\u0105 l\u0119gow\u0105. Dzieci zapozna\u0142y si\u0119 z ksi\u0105\u017ckami o zachowaniu zwierz\u0105t w przyrodzie porze jesienno- zimowej. Spotkanie zako\u0144czy\u0142 konkurs wiedzy, po kt\u00f3rym wszystkie dzieci otrzyma\u0142y upominki.<\/p>\n<p><strong>Filia nr 18 \u2013 I Ty to potrafisz! Bezp\u0142atne zaj\u0119cia z j. angielskiego<\/strong><br \/>\nFilia nr 18 zaprasza dzieci w wieku przedszkolnym i wczesnoszkolnym na bezp\u0142atne zaj\u0119cia z j\u0119zyka angielskiego. W listopadzie zaj\u0119cia prowadzili lektorzy ze szko\u0142y j\u0119zykowej MAKANI dr Anity Szczepan. Spotkania b\u0119d\u0105 kontynuowane w nast\u0119pnych miesi\u0105cach.<\/p>\n<p><strong>650 lat w s\u0142u\u017cbie ksi\u0105\u017cki \u2013 wystawa edukacyjna<\/strong><br \/>\nWystawa po\u015bwi\u0119con\u0105 ksi\u0105\u017ckom, czytelnictwu i bibliotekom w Polsce. Zapraszamy grupy szkolne na lekcje biblioteczne:<br \/>\n-Zapoznanie z histori\u0105 polskiej ksi\u0105\u017cki i jej przeobra\u017ceniami, jakie dokonywa\u0142y si\u0119 na przestrzeni wiek\u00f3w.<br \/>\n-Zaznajomienie z poj\u0119ciami zwi\u0105zanymi tematycznie z ksi\u0105\u017ck\u0105 dawn\u0105 i wsp\u00f3\u0142czesn\u0105 (m. in. ekslibris, inkunabu\u0142, iluminacja, kopista, e-book).<br \/>\n&#8211; Przedstawienie specyfiki zawod\u00f3w zwi\u0105zanych z ksi\u0105\u017ck\u0105, jej produkcj\u0105 i udost\u0119pnianiem \u2013 drukarz, bibliotekarz, ksi\u0119garz.<br \/>\n&#8211; Prezentacja ciekawych form ksi\u0105\u017cki z uwzgl\u0119dnieniem ich wad i zalet na przyk\u0142adzie ksi\u0105\u017cek miniaturowych i kieszonkowych.<br \/>\n&#8211; Ekspozycja starych ksi\u0105\u017cek z XIX w. i pocz\u0105tku XX w.<br \/>\n&#8211; Sk\u0142onienie do refleksji nad przysz\u0142o\u015bci\u0105 ksi\u0105\u017cki papierowej i tradycyjnej biblioteki w czasach ekspansywnego rozwoju technicznego.<br \/>\nW pa\u017adzierniku i listopadzie w lekcjach bibliotecznych wzi\u0119\u0142o udzia\u0142 ponad 230 uczni\u00f3w rybnickich szk\u00f3\u0142 podstawowych. Wystawa potrwa do ko\u0144ca stycznia 2015 r.<br \/>\n<a href=\"https:\/\/slaskipegaz.bs.katowice.pl\/wp-content\/uploads\/2014\/12\/CKA-Bez-Pr\u0105du-Lucca-Jan-D.-fot.-\u0141ukasz-Wawoczny..jpg\"><img loading=\"lazy\" decoding=\"async\" class=\"alignleft  wp-image-1045\" src=\"https:\/\/slaskipegaz.bs.katowice.pl\/wp-content\/uploads\/2014\/12\/CKA-Bez-Pr\u0105du-Lucca-Jan-D.-fot.-\u0141ukasz-Wawoczny.-300x225.jpg\" alt=\"CKA Bez Pr\u0105du Lucca Jan D. fot. \u0141ukasz Wawoczny.\" width=\"275\" height=\"206\" srcset=\"https:\/\/slaskipegaz.bs.katowice.pl\/wp-content\/uploads\/2014\/12\/CKA-Bez-Pr\u0105du-Lucca-Jan-D.-fot.-\u0141ukasz-Wawoczny.-300x225.jpg 300w, https:\/\/slaskipegaz.bs.katowice.pl\/wp-content\/uploads\/2014\/12\/CKA-Bez-Pr\u0105du-Lucca-Jan-D.-fot.-\u0141ukasz-Wawoczny.-1024x768.jpg 1024w, https:\/\/slaskipegaz.bs.katowice.pl\/wp-content\/uploads\/2014\/12\/CKA-Bez-Pr\u0105du-Lucca-Jan-D.-fot.-\u0141ukasz-Wawoczny..jpg 1600w\" sizes=\"auto, (max-width: 275px) 100vw, 275px\" \/><\/a><a href=\"https:\/\/slaskipegaz.bs.katowice.pl\/wp-content\/uploads\/2014\/12\/CKA-Bez-Pr\u0105du-Lucca-Jan-D.-fot.-\u0141ukasz-Wawoczny.jpg\"><img loading=\"lazy\" decoding=\"async\" class=\"alignleft  wp-image-1044\" src=\"https:\/\/slaskipegaz.bs.katowice.pl\/wp-content\/uploads\/2014\/12\/CKA-Bez-Pr\u0105du-Lucca-Jan-D.-fot.-\u0141ukasz-Wawoczny-300x225.jpg\" alt=\"CKA Bez Pr\u0105du Lucca Jan D. fot. \u0141ukasz Wawoczny\" width=\"272\" height=\"204\" srcset=\"https:\/\/slaskipegaz.bs.katowice.pl\/wp-content\/uploads\/2014\/12\/CKA-Bez-Pr\u0105du-Lucca-Jan-D.-fot.-\u0141ukasz-Wawoczny-300x225.jpg 300w, https:\/\/slaskipegaz.bs.katowice.pl\/wp-content\/uploads\/2014\/12\/CKA-Bez-Pr\u0105du-Lucca-Jan-D.-fot.-\u0141ukasz-Wawoczny-1024x768.jpg 1024w, https:\/\/slaskipegaz.bs.katowice.pl\/wp-content\/uploads\/2014\/12\/CKA-Bez-Pr\u0105du-Lucca-Jan-D.-fot.-\u0141ukasz-Wawoczny.jpg 1600w\" sizes=\"auto, (max-width: 272px) 100vw, 272px\" \/><\/a><\/p>\n<p>&nbsp;<br \/>\n<strong>Cykl Koncert\u00f3w Akustycznych \u201eBez Pr\u0105du\u201d<\/strong><br \/>\nW listopadzie na scenie rybnickiej biblioteki wyst\u0105pi\u0142 Lucca Jan D.<br \/>\nRybnicki artysta zaprezentowa\u0142 aran\u017cacje swoich utwor\u00f3w w wersji akustycznej. By\u0142 to niezwykle klimatyczny wiecz\u00f3r, r\u00f3wnie\u017c dzi\u0119ki wystrojowi sceny, na kt\u00f3rej pojawi\u0142y si\u0119 nastrojowe \u015bwiece. CKA \u201eBez Pr\u0105du\u201d odbywa si\u0119 w Powiatowej i Miejskiej Bibliotece Publicznej w Rybniku od kilku lat. Na nast\u0119pny koncert zapraszamy 27 lutego \u2013 wyst\u0105pi krakowski zesp\u00f3\u0142 Cinemon.<\/p>\n<p>Nades\u0142a\u0142a: Powiatowa i Miejska Biblioteka Publiczna w Rybniku<\/p>\n","protected":false},"excerpt":{"rendered":"<p>SPOTKANIA AUTORSKIE Skarby ziemi rybnickiej Aleksander \u017bukowski, Daniel Jakubczyk i Tomasz Szczansny opowiadali o skarbach historii i przyrody naszego regionu.<\/p>\n","protected":false},"author":3,"featured_media":1044,"comment_status":"closed","ping_status":"open","sticky":false,"template":"","format":"standard","meta":{"_acf_changed":false,"_exactmetrics_skip_tracking":false,"_exactmetrics_sitenote_active":false,"_exactmetrics_sitenote_note":"","_exactmetrics_sitenote_category":0,"footnotes":""},"categories":[106],"tags":[80],"class_list":["post-1038","post","type-post","status-publish","format-standard","has-post-thumbnail","hentry","category-nr-3-grudzien-2014","tag-powiatowa-i-miejska-biblioteka-publiczna-w-rybniku"],"acf":[],"jetpack_featured_media_url":"https:\/\/slaskipegaz.bs.katowice.pl\/wp-content\/uploads\/2014\/12\/CKA-Bez-Pr\u0105du-Lucca-Jan-D.-fot.-\u0141ukasz-Wawoczny.jpg","_links":{"self":[{"href":"https:\/\/slaskipegaz.bs.katowice.pl\/index.php?rest_route=\/wp\/v2\/posts\/1038","targetHints":{"allow":["GET"]}}],"collection":[{"href":"https:\/\/slaskipegaz.bs.katowice.pl\/index.php?rest_route=\/wp\/v2\/posts"}],"about":[{"href":"https:\/\/slaskipegaz.bs.katowice.pl\/index.php?rest_route=\/wp\/v2\/types\/post"}],"author":[{"embeddable":true,"href":"https:\/\/slaskipegaz.bs.katowice.pl\/index.php?rest_route=\/wp\/v2\/users\/3"}],"replies":[{"embeddable":true,"href":"https:\/\/slaskipegaz.bs.katowice.pl\/index.php?rest_route=%2Fwp%2Fv2%2Fcomments&post=1038"}],"version-history":[{"count":5,"href":"https:\/\/slaskipegaz.bs.katowice.pl\/index.php?rest_route=\/wp\/v2\/posts\/1038\/revisions"}],"predecessor-version":[{"id":1054,"href":"https:\/\/slaskipegaz.bs.katowice.pl\/index.php?rest_route=\/wp\/v2\/posts\/1038\/revisions\/1054"}],"wp:featuredmedia":[{"embeddable":true,"href":"https:\/\/slaskipegaz.bs.katowice.pl\/index.php?rest_route=\/wp\/v2\/media\/1044"}],"wp:attachment":[{"href":"https:\/\/slaskipegaz.bs.katowice.pl\/index.php?rest_route=%2Fwp%2Fv2%2Fmedia&parent=1038"}],"wp:term":[{"taxonomy":"category","embeddable":true,"href":"https:\/\/slaskipegaz.bs.katowice.pl\/index.php?rest_route=%2Fwp%2Fv2%2Fcategories&post=1038"},{"taxonomy":"post_tag","embeddable":true,"href":"https:\/\/slaskipegaz.bs.katowice.pl\/index.php?rest_route=%2Fwp%2Fv2%2Ftags&post=1038"}],"curies":[{"name":"wp","href":"https:\/\/api.w.org\/{rel}","templated":true}]}}