{"id":10418,"date":"2017-05-16T14:53:14","date_gmt":"2017-05-16T12:53:14","guid":{"rendered":"http:\/\/slaskipegaz.bs.katowice.pl\/?p=10418"},"modified":"2017-05-16T14:53:14","modified_gmt":"2017-05-16T12:53:14","slug":"relacja-ksiaznica-beskidzka-w-bielsku-bialej-47","status":"publish","type":"post","link":"https:\/\/slaskipegaz.bs.katowice.pl\/?p=10418","title":{"rendered":"[Relacja] KSI\u0104\u017bNICA BESKIDZKA W BIELSKU-BIA\u0141EJ"},"content":{"rendered":"<h6 style=\"text-align: center;\"><strong>Dzie\u0144 Regionalny \u2013 \u201eNaszeMiasto.pl\u201d<\/strong><\/h6>\n<p><a href=\"https:\/\/slaskipegaz.bs.katowice.pl\/wp-content\/uploads\/2017\/05\/BOCIAN.jpg\" rel=\"attachment wp-att-10419\"><img loading=\"lazy\" decoding=\"async\" class=\"size-medium wp-image-10419 alignleft\" src=\"https:\/\/slaskipegaz.bs.katowice.pl\/wp-content\/uploads\/2017\/05\/BOCIAN-225x300.jpg\" alt=\"DEKORACJA\" width=\"225\" height=\"300\" srcset=\"https:\/\/slaskipegaz.bs.katowice.pl\/wp-content\/uploads\/2017\/05\/BOCIAN-225x300.jpg 225w, https:\/\/slaskipegaz.bs.katowice.pl\/wp-content\/uploads\/2017\/05\/BOCIAN-768x1024.jpg 768w, https:\/\/slaskipegaz.bs.katowice.pl\/wp-content\/uploads\/2017\/05\/BOCIAN.jpg 1944w\" sizes=\"auto, (max-width: 225px) 100vw, 225px\" \/><\/a>W dniu 9 marca 2017 pracownicy Dzia\u0142u Informacyjno-Bibliograficznego Ksi\u0105\u017cnicy Beskidzkiej w Bielsku-Bia\u0142ej, wzi\u0119li udzia\u0142 w zorganizowanym przez nauczycieli i uczni\u00f3w Szko\u0142y Podstawowej nr 27 im. Janusza Kusoci\u0144skiego w Bielsku-Bia\u0142ej Dniu Regionalnym \u201eNaszeMiasto.pl\u201d. <!--more-->Uczniowie klas 1\u20133 uczestniczyli w nast\u0119puj\u0105cych regionalnych lekcjach tematycznych:<\/p>\n<ul>\n<li>Co si\u0119 kryje za nazwami? Wok\u00f3\u0142 nazw miejscowo\u015bci i szczyt\u00f3w g\u00f3rskich Beskid\u00f3w,<\/li>\n<li>Gdy \u015bwiat si\u0119 budzi do \u017cycia&#8230; Wiosna w tradycji g\u00f3rali beskidzkich,<\/li>\n<li>W babcinej izbie, czyli o tym jak dawniej w domy bywa\u0142o.<\/li>\n<\/ul>\n<p>W trakcie zaj\u0119\u0107, \u201eGdy \u015bwiat si\u0119 budzi do \u017cycia&#8230; Wiosna w tradycji g\u00f3rali beskidzkich\u201d, uczniowie mieli okazj\u0119 zapozna\u0107 si\u0119 z tradycjami i obrz\u0119dami wiosennymi, wierzeniami dotycz\u0105cymi oczekiwania na zmian\u0119 p\u00f3r roku oraz tradycjami wielkanocnymi. Dzi\u0119ki prezentowanym przyk\u0142adom beskidzkich obrz\u0119d\u00f3w<br \/>\ni wierze\u0144, uczestnicy u\u015bwiadomili sobie znaczenie tradycji w \u017cyciu cz\u0142owieka. Podczas spotkania wykonano tak\u017ce kukie\u0142k\u0119 bociana \u2013 symbol wiosny. Uczestnicy obejrzeli r\u00f3wnie\u017c dawne \u015bwi\u0105teczne karty pocztowe, wielkanocne pisanki oraz \u015bwi\u0105teczne ozdoby.<\/p>\n<p><a href=\"https:\/\/slaskipegaz.bs.katowice.pl\/wp-content\/uploads\/2017\/05\/DSC_0009.jpg\" rel=\"attachment wp-att-10420\"><img loading=\"lazy\" decoding=\"async\" class=\"aligncenter size-medium wp-image-10420\" src=\"https:\/\/slaskipegaz.bs.katowice.pl\/wp-content\/uploads\/2017\/05\/DSC_0009-300x184.jpg\" alt=\"dekoracje\" width=\"300\" height=\"184\" srcset=\"https:\/\/slaskipegaz.bs.katowice.pl\/wp-content\/uploads\/2017\/05\/DSC_0009-300x184.jpg 300w, https:\/\/slaskipegaz.bs.katowice.pl\/wp-content\/uploads\/2017\/05\/DSC_0009-768x472.jpg 768w, https:\/\/slaskipegaz.bs.katowice.pl\/wp-content\/uploads\/2017\/05\/DSC_0009-1024x630.jpg 1024w\" sizes=\"auto, (max-width: 300px) 100vw, 300px\" \/><\/a><\/p>\n<p>Druga z prezentowanych lekcji regionalnych na wybranych przyk\u0142adach wyja\u015bnia\u0142a pochodzenie nazw miejscowo\u015bci i g\u00f3rskich szczyt\u00f3w Beskid\u00f3w, kt\u00f3re cho\u0107 s\u0142yszane na co dzie\u0144, nie s\u0105 jednak bli\u017cej znane i rozumiane. Dope\u0142nienie zaj\u0119\u0107 stanowi\u0142a prezentacja zbior\u00f3w regionalnych Ksi\u0105\u017cnicy Beskidzkiej \u2013 album\u00f3w i ksi\u0105\u017cek zwi\u0105zanych<br \/>\nz miejscowo\u015bciami regionu bielskiego oraz beskidzkimi schroniskami g\u00f3rskimi, poczt\u00f3wek i odznak przewodnik\u00f3w beskidzkich. Przypomniano r\u00f3wnie\u017c zasady zachowania si\u0119 w g\u00f3rach.<\/p>\n<p>Uczniowie z klas m\u0142odszych z zainteresowaniem wys\u0142uchali opowie\u015bci o tym jak dawniej w domu bywa\u0142o, dowiedzieli si\u0119 jak wygl\u0105da\u0142a \u201ebabcina\u201d izba i co sk\u0142ada\u0142o si\u0119 na wystr\u00f3j wiejskiej chaty. Dzieci pozna\u0142y symbole domowego ogniska, po\u015br\u00f3d kt\u00f3rych honorowe miejsce zajmowa\u0142 st\u00f3\u0142 pe\u0142ni\u0105cy rol\u0119 domowego o\u0142tarza. Chleb, ogie\u0144, pr\u00f3g domu, rodzinne pami\u0105tki, stanowi\u0142y w tradycji domowej miejsce szczeg\u00f3lne.<\/p>\n<p>Dzieci najbardziej ucieszy\u0142a wiadomo\u015b\u0107, i\u017c domy dobrych ludzi zamieszkuj\u0105 do dzi\u015b dobrotliwe duszki i skrzaty, kt\u00f3re za straw\u0119 i mi\u0142e traktowanie potrafi\u0105 odwdzi\u0119czy\u0107 si\u0119 pomoc\u0105 w domowych zaj\u0119ciach. W trakcie spotkania dowiedzia\u0142y si\u0119 r\u00f3wnie\u017c, \u017ce szcz\u0119\u015bcie domownikom zapewnia\u0142a podkowa znaleziona na polnej drodze, czy gniazdo bocianie uwite na kominie lub na dachu domu, gdy\u017c wierzono, \u017ce <em>Pod bocianim gniazdem szcz\u0119\u015bcie mieszka. <\/em>Dzieci interpretowa\u0142y przytoczone przys\u0142owia i porzekad\u0142a ludowe. Rekwizyty przywo\u0142a\u0142y klimat dawnych dni i przenios\u0142y s\u0142uchaczy w odleg\u0142e czasy.<\/p>\n<p>W Dniu Regionalnym wzi\u0119\u0142o udzia\u0142 248 uczni\u00f3w i nauczycieli klas 1\u20133, przeprowadzono 10 regionalnych lekcji tematycznych. Zar\u00f3wno dyrekcja, nauczyciele, uczniowie, jak i ich rodzice w\u0142o\u017cyli wiele pracy w przygotowanie Dnia Regionalnego. Zaprezentowano stroje ludowe i sportowe regionu, udekorowano klasy, przygotowano wystawy i wystawki nt. Bielska-Bia\u0142ej, a tak\u017ce regionalne przysmaki, kt\u00f3rych ka\u017cdy m\u00f3g\u0142 spr\u00f3bowa\u0107.<\/p>\n<p>Dzie\u0144 Regionalny \u201eNaszeMiasto.pl\u201d sta\u0142 si\u0119 okazj\u0105 do bli\u017cszego poznania miasta<br \/>\ni regionu, a uczniowie i nauczyciele aktywnie i ch\u0119tnie uczestniczyli we wszystkich przygotowanych dzia\u0142aniach.<\/p>\n<p>Dzi\u0119kujemy wszystkim uczestnikom i zach\u0119camy do dalszego pog\u0142\u0119biania wiedzy<br \/>\no naszym mie\u015bcie i regionie, a tak\u017ce do poznawania i piel\u0119gnowania w \u017cyciu codziennym beskidzkich obrz\u0119d\u00f3w i tradycji.<\/p>\n<p>Nades\u0142a\u0142a: Ksi\u0105\u017cnica Beskidzka<\/p>\n<p>&nbsp;<\/p>\n","protected":false},"excerpt":{"rendered":"<p>Dzie\u0144 Regionalny \u2013 \u201eNaszeMiasto.pl\u201d W dniu 9 marca 2017 pracownicy Dzia\u0142u Informacyjno-Bibliograficznego Ksi\u0105\u017cnicy Beskidzkiej w Bielsku-Bia\u0142ej, wzi\u0119li udzia\u0142 w zorganizowanym przez nauczycieli i uczni\u00f3w Szko\u0142y Podstawowej nr 27 im. Janusza Kusoci\u0144skiego w Bielsku-Bia\u0142ej Dniu Regionalnym \u201eNaszeMiasto.pl\u201d.<\/p>\n","protected":false},"author":3,"featured_media":10420,"comment_status":"closed","ping_status":"closed","sticky":false,"template":"","format":"standard","meta":{"_acf_changed":false,"_exactmetrics_skip_tracking":false,"_exactmetrics_sitenote_active":false,"_exactmetrics_sitenote_note":"","_exactmetrics_sitenote_category":0,"footnotes":""},"categories":[1066],"tags":[1035,83],"class_list":["post-10418","post","type-post","status-publish","format-standard","has-post-thumbnail","hentry","category-nr-32-maj-2017","tag-edukacja-regionalna","tag-ksiaznica-beskidzka"],"acf":[],"jetpack_featured_media_url":"https:\/\/slaskipegaz.bs.katowice.pl\/wp-content\/uploads\/2017\/05\/DSC_0009.jpg","_links":{"self":[{"href":"https:\/\/slaskipegaz.bs.katowice.pl\/index.php?rest_route=\/wp\/v2\/posts\/10418","targetHints":{"allow":["GET"]}}],"collection":[{"href":"https:\/\/slaskipegaz.bs.katowice.pl\/index.php?rest_route=\/wp\/v2\/posts"}],"about":[{"href":"https:\/\/slaskipegaz.bs.katowice.pl\/index.php?rest_route=\/wp\/v2\/types\/post"}],"author":[{"embeddable":true,"href":"https:\/\/slaskipegaz.bs.katowice.pl\/index.php?rest_route=\/wp\/v2\/users\/3"}],"replies":[{"embeddable":true,"href":"https:\/\/slaskipegaz.bs.katowice.pl\/index.php?rest_route=%2Fwp%2Fv2%2Fcomments&post=10418"}],"version-history":[{"count":1,"href":"https:\/\/slaskipegaz.bs.katowice.pl\/index.php?rest_route=\/wp\/v2\/posts\/10418\/revisions"}],"predecessor-version":[{"id":10421,"href":"https:\/\/slaskipegaz.bs.katowice.pl\/index.php?rest_route=\/wp\/v2\/posts\/10418\/revisions\/10421"}],"wp:featuredmedia":[{"embeddable":true,"href":"https:\/\/slaskipegaz.bs.katowice.pl\/index.php?rest_route=\/wp\/v2\/media\/10420"}],"wp:attachment":[{"href":"https:\/\/slaskipegaz.bs.katowice.pl\/index.php?rest_route=%2Fwp%2Fv2%2Fmedia&parent=10418"}],"wp:term":[{"taxonomy":"category","embeddable":true,"href":"https:\/\/slaskipegaz.bs.katowice.pl\/index.php?rest_route=%2Fwp%2Fv2%2Fcategories&post=10418"},{"taxonomy":"post_tag","embeddable":true,"href":"https:\/\/slaskipegaz.bs.katowice.pl\/index.php?rest_route=%2Fwp%2Fv2%2Ftags&post=10418"}],"curies":[{"name":"wp","href":"https:\/\/api.w.org\/{rel}","templated":true}]}}