{"id":10439,"date":"2017-05-16T15:18:08","date_gmt":"2017-05-16T13:18:08","guid":{"rendered":"http:\/\/slaskipegaz.bs.katowice.pl\/?p=10439"},"modified":"2017-05-16T15:18:08","modified_gmt":"2017-05-16T13:18:08","slug":"relacja-ksiaznica-beskidzka-w-bielsku-bialej-punkt-europe-direct","status":"publish","type":"post","link":"https:\/\/slaskipegaz.bs.katowice.pl\/?p=10439","title":{"rendered":"[Relacja] KSI\u0104\u017bNICA BESKIDZKA W BIELSKU-BIA\u0141EJ. PUNKT EUROPE DIRECT"},"content":{"rendered":"<h6 style=\"text-align: center;\"><em>Forum M\u0142odych Erasmus+ \u2212 2014-2020<\/em><\/h6>\n<p><a href=\"https:\/\/slaskipegaz.bs.katowice.pl\/wp-content\/uploads\/2017\/05\/DSCN7460.jpg\" rel=\"attachment wp-att-10440\"><img loading=\"lazy\" decoding=\"async\" class=\"size-medium wp-image-10440 alignleft\" src=\"https:\/\/slaskipegaz.bs.katowice.pl\/wp-content\/uploads\/2017\/05\/DSCN7460-300x225.jpg\" alt=\"SALA\" width=\"300\" height=\"225\" srcset=\"https:\/\/slaskipegaz.bs.katowice.pl\/wp-content\/uploads\/2017\/05\/DSCN7460-300x225.jpg 300w, https:\/\/slaskipegaz.bs.katowice.pl\/wp-content\/uploads\/2017\/05\/DSCN7460-768x576.jpg 768w, https:\/\/slaskipegaz.bs.katowice.pl\/wp-content\/uploads\/2017\/05\/DSCN7460.jpg 1000w\" sizes=\"auto, (max-width: 300px) 100vw, 300px\" \/><\/a>4 kwietnia 2017 r. w Ksi\u0105\u017cnicy Beskidzkiej mia\u0142o miejsce wydarzenie pt. \u201eForum M\u0142odych \u2013 Erasmus+ 2014-2020\u201d zorganizowane w ramach obchod\u00f3w 30. rocznicy funkcjonowania programu Erasmus+.<!--more--><\/p>\n<p>Wydarzenie to skierowane zosta\u0142o do nauczycieli i uczni\u00f3w ze szk\u00f3\u0142 gimnazjalnych oraz \u015brednich. Mia\u0142o na celu przedstawienie mo\u017cliwo\u015bci, zw\u0142aszcza m\u0142odym osobom, jakie stwarza sam program. By\u0142o r\u00f3wnie\u017c okazj\u0105 do dzielenia si\u0119 do\u015bwiadczeniami w zakresie zrealizowanych projekt\u00f3w, zwi\u0105zanych z wymian\u0105 m\u0142odzie\u017cy, sta\u017cami oraz praktykami.<\/p>\n<p><a href=\"https:\/\/slaskipegaz.bs.katowice.pl\/wp-content\/uploads\/2017\/05\/DSCN7528.jpg\" rel=\"attachment wp-att-10441\"><img loading=\"lazy\" decoding=\"async\" class=\"aligncenter size-medium wp-image-10441\" src=\"https:\/\/slaskipegaz.bs.katowice.pl\/wp-content\/uploads\/2017\/05\/DSCN7528-300x225.jpg\" alt=\"sala\" width=\"300\" height=\"225\" srcset=\"https:\/\/slaskipegaz.bs.katowice.pl\/wp-content\/uploads\/2017\/05\/DSCN7528-300x225.jpg 300w, https:\/\/slaskipegaz.bs.katowice.pl\/wp-content\/uploads\/2017\/05\/DSCN7528-768x576.jpg 768w, https:\/\/slaskipegaz.bs.katowice.pl\/wp-content\/uploads\/2017\/05\/DSCN7528.jpg 1000w\" sizes=\"auto, (max-width: 300px) 100vw, 300px\" \/><\/a><\/p>\n<p>Forum sk\u0142ada\u0142o si\u0119 z dw\u00f3ch cz\u0119\u015bci \u2013 seminaryjnej, na kt\u00f3rej zaprezentowane zosta\u0142y za\u0142o\u017cenia programu przez przedstawicieli sieci Eurodesk oraz prezentacyjnej, gdzie zaproszeni go\u015bcie \u2013 nauczyciele oraz uczniowie, przybli\u017cyli swoj\u0105 histori\u0119 z udzia\u0142u w\u00a0 programie.<\/p>\n<p><a href=\"https:\/\/slaskipegaz.bs.katowice.pl\/wp-content\/uploads\/2017\/05\/DSCN7600.jpg\" rel=\"attachment wp-att-10442\"><img loading=\"lazy\" decoding=\"async\" class=\"aligncenter size-medium wp-image-10442\" src=\"https:\/\/slaskipegaz.bs.katowice.pl\/wp-content\/uploads\/2017\/05\/DSCN7600-300x225.jpg\" alt=\"sala\" width=\"300\" height=\"225\" srcset=\"https:\/\/slaskipegaz.bs.katowice.pl\/wp-content\/uploads\/2017\/05\/DSCN7600-300x225.jpg 300w, https:\/\/slaskipegaz.bs.katowice.pl\/wp-content\/uploads\/2017\/05\/DSCN7600-768x576.jpg 768w, https:\/\/slaskipegaz.bs.katowice.pl\/wp-content\/uploads\/2017\/05\/DSCN7600.jpg 1000w\" sizes=\"auto, (max-width: 300px) 100vw, 300px\" \/><\/a><\/p>\n<p>Dzi\u0119ki swej strukturze, przedsi\u0119wzi\u0119cie to by\u0142o doskona\u0142\u0105 okazj\u0105 do pokazania przysz\u0142ym uczestnikom programu Erasmus+ \u2212 m\u0142odym Europejczykom oraz nauczycielom szans<br \/>\nw zakresie edukacji na arenie europejskiej, a tak\u017ce potencja\u0142u, jaki drzemie w ka\u017cdym z nas.<\/p>\n<p>Nades\u0142a\u0142a: Ksi\u0105\u017cnica Beskidzka. Punkt Europe Direct<\/p>\n","protected":false},"excerpt":{"rendered":"<p>Forum M\u0142odych Erasmus+ \u2212 2014-2020 4 kwietnia 2017 r. w Ksi\u0105\u017cnicy Beskidzkiej mia\u0142o miejsce wydarzenie pt. \u201eForum M\u0142odych \u2013 Erasmus+ 2014-2020\u201d zorganizowane w ramach obchod\u00f3w 30. rocznicy funkcjonowania programu Erasmus+.<\/p>\n","protected":false},"author":3,"featured_media":10442,"comment_status":"closed","ping_status":"closed","sticky":false,"template":"","format":"standard","meta":{"_acf_changed":false,"_exactmetrics_skip_tracking":false,"_exactmetrics_sitenote_active":false,"_exactmetrics_sitenote_note":"","_exactmetrics_sitenote_category":0,"footnotes":""},"categories":[1066],"tags":[1081,1013,83],"class_list":["post-10439","post","type-post","status-publish","format-standard","has-post-thumbnail","hentry","category-nr-32-maj-2017","tag-erasmus","tag-europe-direct","tag-ksiaznica-beskidzka"],"acf":[],"jetpack_featured_media_url":"https:\/\/slaskipegaz.bs.katowice.pl\/wp-content\/uploads\/2017\/05\/DSCN7600.jpg","_links":{"self":[{"href":"https:\/\/slaskipegaz.bs.katowice.pl\/index.php?rest_route=\/wp\/v2\/posts\/10439","targetHints":{"allow":["GET"]}}],"collection":[{"href":"https:\/\/slaskipegaz.bs.katowice.pl\/index.php?rest_route=\/wp\/v2\/posts"}],"about":[{"href":"https:\/\/slaskipegaz.bs.katowice.pl\/index.php?rest_route=\/wp\/v2\/types\/post"}],"author":[{"embeddable":true,"href":"https:\/\/slaskipegaz.bs.katowice.pl\/index.php?rest_route=\/wp\/v2\/users\/3"}],"replies":[{"embeddable":true,"href":"https:\/\/slaskipegaz.bs.katowice.pl\/index.php?rest_route=%2Fwp%2Fv2%2Fcomments&post=10439"}],"version-history":[{"count":1,"href":"https:\/\/slaskipegaz.bs.katowice.pl\/index.php?rest_route=\/wp\/v2\/posts\/10439\/revisions"}],"predecessor-version":[{"id":10443,"href":"https:\/\/slaskipegaz.bs.katowice.pl\/index.php?rest_route=\/wp\/v2\/posts\/10439\/revisions\/10443"}],"wp:featuredmedia":[{"embeddable":true,"href":"https:\/\/slaskipegaz.bs.katowice.pl\/index.php?rest_route=\/wp\/v2\/media\/10442"}],"wp:attachment":[{"href":"https:\/\/slaskipegaz.bs.katowice.pl\/index.php?rest_route=%2Fwp%2Fv2%2Fmedia&parent=10439"}],"wp:term":[{"taxonomy":"category","embeddable":true,"href":"https:\/\/slaskipegaz.bs.katowice.pl\/index.php?rest_route=%2Fwp%2Fv2%2Fcategories&post=10439"},{"taxonomy":"post_tag","embeddable":true,"href":"https:\/\/slaskipegaz.bs.katowice.pl\/index.php?rest_route=%2Fwp%2Fv2%2Ftags&post=10439"}],"curies":[{"name":"wp","href":"https:\/\/api.w.org\/{rel}","templated":true}]}}