{"id":1057,"date":"2014-12-01T14:01:09","date_gmt":"2014-12-01T13:01:09","guid":{"rendered":"http:\/\/slaskipegaz.bs.katowice.pl\/?p=1057"},"modified":"2015-02-02T07:53:43","modified_gmt":"2015-02-02T06:53:43","slug":"relacja-miejska-i-powiatowa-biblioteka-publiczna-w-raciborzu-6","status":"publish","type":"post","link":"https:\/\/slaskipegaz.bs.katowice.pl\/?p=1057","title":{"rendered":"[Relacja] MIEJSKA I POWIATOWA BIBLIOTEKA PUBLICZNA W RACIBORZU"},"content":{"rendered":"<h6 style=\"text-align: center;\">Spotkanie z Brazyli\u0105<\/h6>\n<p><a href=\"https:\/\/slaskipegaz.bs.katowice.pl\/wp-content\/uploads\/2014\/12\/DSC00012.jpg\"><img loading=\"lazy\" decoding=\"async\" class=\"size-medium wp-image-1058 aligncenter\" src=\"https:\/\/slaskipegaz.bs.katowice.pl\/wp-content\/uploads\/2014\/12\/DSC00012-300x168.jpg\" alt=\"SONY DSC\" width=\"300\" height=\"168\" srcset=\"https:\/\/slaskipegaz.bs.katowice.pl\/wp-content\/uploads\/2014\/12\/DSC00012-300x168.jpg 300w, https:\/\/slaskipegaz.bs.katowice.pl\/wp-content\/uploads\/2014\/12\/DSC00012.jpg 1024w\" sizes=\"auto, (max-width: 300px) 100vw, 300px\" \/><\/a><br \/>\nBrazylia \u2013 najwi\u0119ksze pod wzgl\u0119dem powierzchni i liczby mieszka\u0144c\u00f3w pa\u0144stwo Ameryki Po\u0142udniowej oraz pi\u0105te pod wzgl\u0119dem wielko\u015bci pa\u0144stwo \u015bwiata by\u0142o tematem spotkania z Regin\u0105 i Alojzym Strzedu\u0142ami w\u00a0 Filii nr 10 Markowice Miejskiej i Powiatowej Biblioteki Publicznej w Raciborzu.<!--more--><\/p>\n<p><a href=\"https:\/\/slaskipegaz.bs.katowice.pl\/wp-content\/uploads\/2014\/12\/DSC00001.jpg\"><img loading=\"lazy\" decoding=\"async\" class=\" wp-image-1060 aligncenter\" src=\"https:\/\/slaskipegaz.bs.katowice.pl\/wp-content\/uploads\/2014\/12\/DSC00001-300x168.jpg\" alt=\"SONY DSC\" width=\"305\" height=\"171\" srcset=\"https:\/\/slaskipegaz.bs.katowice.pl\/wp-content\/uploads\/2014\/12\/DSC00001-300x168.jpg 300w, https:\/\/slaskipegaz.bs.katowice.pl\/wp-content\/uploads\/2014\/12\/DSC00001.jpg 1024w\" sizes=\"auto, (max-width: 305px) 100vw, 305px\" \/><\/a><br \/>\nWycieczka, w kt\u00f3rej udzia\u0142 wzi\u0119li Pa\u0144stwo Strzedu\u0142owie, zorganizowana zosta\u0142a przez Diecezj\u0119 Opolsk\u0105 z okazji \u015awiatowych Dni M\u0142odzie\u017cy RIO DE JANEIRO 2013 i przebiega\u0142a wed\u0142ug nast\u0119puj\u0105cego planu:\u00a0 Warszawa &#8211; Sao Paulo &#8211; Penedo &#8211; Parati &#8211; Wyspy Tropikalne &#8211; Petropolis \u2013 Niteroi &#8211; Rio de Janeiro \u2013 Warszawa.<\/p>\n<p><a href=\"https:\/\/slaskipegaz.bs.katowice.pl\/wp-content\/uploads\/2014\/12\/DSC00017.jpg\"><img loading=\"lazy\" decoding=\"async\" class=\" wp-image-1061 aligncenter\" src=\"https:\/\/slaskipegaz.bs.katowice.pl\/wp-content\/uploads\/2014\/12\/DSC00017-168x300.jpg\" alt=\"SONY DSC\" width=\"141\" height=\"252\" srcset=\"https:\/\/slaskipegaz.bs.katowice.pl\/wp-content\/uploads\/2014\/12\/DSC00017-168x300.jpg 168w, https:\/\/slaskipegaz.bs.katowice.pl\/wp-content\/uploads\/2014\/12\/DSC00017.jpg 575w\" sizes=\"auto, (max-width: 141px) 100vw, 141px\" \/><\/a><br \/>\nUczestnicy spotkania w bibliotece mogli obejrze\u0107 fotografie dokumentuj\u0105ce t\u0119 wspania\u0142\u0105 podr\u00f3\u017c. Zobaczyli\u015bmy m.in. Sanktuarium Naj\u015bwi\u0119tszej Maryi Panny w Aparecida, kt\u00f3ra mo\u017ce jednocze\u015bnie pomie\u015bci\u0107 45 tys. wiernych, miasteczko Penedo, zwane \u201ema\u0142\u0105 Finlandi\u0105&#8221;, Parati &#8211; per\u0142\u0119 architektury kolonialnej, wyspy tropikalne \u2013 w wi\u0119kszo\u015bci prywatne oraz Petropolis &#8211; miasto za\u0142o\u017cone w 1843 przez rz\u0105dz\u0105cego Brazyli\u0105 w latach 1831 &#8211; 1889 Pedra II.<\/p>\n<p style=\"text-align: left;\"><a href=\"https:\/\/slaskipegaz.bs.katowice.pl\/wp-content\/uploads\/2014\/12\/DSC00005.jpg\"><img loading=\"lazy\" decoding=\"async\" class=\"size-medium wp-image-1059 aligncenter\" src=\"https:\/\/slaskipegaz.bs.katowice.pl\/wp-content\/uploads\/2014\/12\/DSC00005-300x168.jpg\" alt=\"SONY DSC\" width=\"300\" height=\"168\" srcset=\"https:\/\/slaskipegaz.bs.katowice.pl\/wp-content\/uploads\/2014\/12\/DSC00005-300x168.jpg 300w, https:\/\/slaskipegaz.bs.katowice.pl\/wp-content\/uploads\/2014\/12\/DSC00005.jpg 1024w\" sizes=\"auto, (max-width: 300px) 100vw, 300px\" \/><\/a><\/p>\n<p style=\"text-align: left;\">Du\u017c\u0105 cz\u0119\u015b\u0107 spotkania po\u015bwi\u0119cono opowie\u015bciom o \u017cyciu zwyczajnych ludzi\u00a0 i ich troskom dnia codziennego. Brazylia jest bowiem pa\u0144stwem kontrast\u00f3w &#8211; z jednej strony bogate dzielnice otoczone ogrodzeniem, ochraniane przez stra\u017cnik\u00f3w, z drugiej\u00a0 fawele najbiedniejszej cz\u0119\u015bci\u00a0 spo\u0142ecze\u0144stwa.<\/p>\n<p style=\"text-align: left;\">Wszyscy uczestnicy spotkania dali si\u0119 porwa\u0107 barwnym opowie\u015bciom, w kt\u00f3rych m\u0142odzi ludzie pomimo r\u00f3\u017cnic klasowych, potrafi\u0105 spotka\u0107 si\u0119 ponad podzia\u0142ami. Bawi\u0107 si\u0119 do bia\u0142ego rana na ulicach, w rytmie samby. Ka\u017cdy kadr to inna historia, ka\u017cda osoba to kolejne wspomnienia. I mo\u017cna by tak bez ko\u0144ca\u2026. Brazylijczycy urzekli naszych go\u015bci\u00a0 pogod\u0105 ducha, a przede wszystkim powalaj\u0105c\u0105 go\u015bcinno\u015bci\u0105.<\/p>\n<p style=\"text-align: left;\">Dope\u0142nieniem ca\u0142ej podr\u00f3\u017cy by\u0142o spotkanie z Papie\u017cem Franciszkiem na 28 \u015awiatowych Dniach M\u0142odzie\u017cy w Rio de Janeiro. Pla\u017ce Copacabana, czteromilionowy t\u0142um i wszechobecny \u015bpiew na ulicach zostawi\u0142y g\u0142\u0119boki \u015blad i wielk\u0105 rado\u015b\u0107\u00a0 w sercu podr\u00f3\u017cnik\u00f3w.<\/p>\n<p style=\"text-align: left;\"><a href=\"https:\/\/slaskipegaz.bs.katowice.pl\/wp-content\/uploads\/2014\/12\/DSC00026.jpg\"><img loading=\"lazy\" decoding=\"async\" class=\"alignleft  wp-image-1062\" src=\"https:\/\/slaskipegaz.bs.katowice.pl\/wp-content\/uploads\/2014\/12\/DSC00026-300x168.jpg\" alt=\"SONY DSC\" width=\"287\" height=\"161\" srcset=\"https:\/\/slaskipegaz.bs.katowice.pl\/wp-content\/uploads\/2014\/12\/DSC00026-300x168.jpg 300w, https:\/\/slaskipegaz.bs.katowice.pl\/wp-content\/uploads\/2014\/12\/DSC00026.jpg 1024w\" sizes=\"auto, (max-width: 287px) 100vw, 287px\" \/><\/a> <a href=\"https:\/\/slaskipegaz.bs.katowice.pl\/wp-content\/uploads\/2014\/12\/DSC00031.jpg\"><img loading=\"lazy\" decoding=\"async\" class=\"alignleft  wp-image-1063\" src=\"https:\/\/slaskipegaz.bs.katowice.pl\/wp-content\/uploads\/2014\/12\/DSC00031-300x188.jpg\" alt=\"SONY DSC\" width=\"266\" height=\"167\" srcset=\"https:\/\/slaskipegaz.bs.katowice.pl\/wp-content\/uploads\/2014\/12\/DSC00031-300x188.jpg 300w, https:\/\/slaskipegaz.bs.katowice.pl\/wp-content\/uploads\/2014\/12\/DSC00031.jpg 1024w\" sizes=\"auto, (max-width: 266px) 100vw, 266px\" \/><\/a><br \/>\nSwoj\u0105 drog\u0105 ciekawe dok\u0105d pa\u0144stwo Strzedu\u0142owie\u00a0 zabior\u0105 nas w kolejn\u0105 podr\u00f3\u017c\u2026<\/p>\n<p style=\"text-align: left;\">Nades\u0142a\u0142a: Miejska i Powiatowa Biblioteka Publiczna, Racib\u00f3rz<\/p>\n","protected":false},"excerpt":{"rendered":"<p>Spotkanie z Brazyli\u0105 Brazylia \u2013 najwi\u0119ksze pod wzgl\u0119dem powierzchni i liczby mieszka\u0144c\u00f3w pa\u0144stwo Ameryki Po\u0142udniowej oraz pi\u0105te pod wzgl\u0119dem wielko\u015bci pa\u0144stwo \u015bwiata by\u0142o tematem spotkania z Regin\u0105 i Alojzym Strzedu\u0142ami w\u00a0 Filii nr 10 Markowice Miejskiej i Powiatowej Biblioteki Publicznej w Raciborzu.<\/p>\n","protected":false},"author":3,"featured_media":1061,"comment_status":"closed","ping_status":"closed","sticky":false,"template":"","format":"standard","meta":{"_acf_changed":false,"_exactmetrics_skip_tracking":false,"_exactmetrics_sitenote_active":false,"_exactmetrics_sitenote_note":"","_exactmetrics_sitenote_category":0,"footnotes":""},"categories":[106],"tags":[48],"class_list":["post-1057","post","type-post","status-publish","format-standard","has-post-thumbnail","hentry","category-nr-3-grudzien-2014","tag-miejska-i-powiatowa-biblioteka-publiczna-w-raciborzu"],"acf":[],"jetpack_featured_media_url":"https:\/\/slaskipegaz.bs.katowice.pl\/wp-content\/uploads\/2014\/12\/DSC00017.jpg","_links":{"self":[{"href":"https:\/\/slaskipegaz.bs.katowice.pl\/index.php?rest_route=\/wp\/v2\/posts\/1057","targetHints":{"allow":["GET"]}}],"collection":[{"href":"https:\/\/slaskipegaz.bs.katowice.pl\/index.php?rest_route=\/wp\/v2\/posts"}],"about":[{"href":"https:\/\/slaskipegaz.bs.katowice.pl\/index.php?rest_route=\/wp\/v2\/types\/post"}],"author":[{"embeddable":true,"href":"https:\/\/slaskipegaz.bs.katowice.pl\/index.php?rest_route=\/wp\/v2\/users\/3"}],"replies":[{"embeddable":true,"href":"https:\/\/slaskipegaz.bs.katowice.pl\/index.php?rest_route=%2Fwp%2Fv2%2Fcomments&post=1057"}],"version-history":[{"count":2,"href":"https:\/\/slaskipegaz.bs.katowice.pl\/index.php?rest_route=\/wp\/v2\/posts\/1057\/revisions"}],"predecessor-version":[{"id":1848,"href":"https:\/\/slaskipegaz.bs.katowice.pl\/index.php?rest_route=\/wp\/v2\/posts\/1057\/revisions\/1848"}],"wp:featuredmedia":[{"embeddable":true,"href":"https:\/\/slaskipegaz.bs.katowice.pl\/index.php?rest_route=\/wp\/v2\/media\/1061"}],"wp:attachment":[{"href":"https:\/\/slaskipegaz.bs.katowice.pl\/index.php?rest_route=%2Fwp%2Fv2%2Fmedia&parent=1057"}],"wp:term":[{"taxonomy":"category","embeddable":true,"href":"https:\/\/slaskipegaz.bs.katowice.pl\/index.php?rest_route=%2Fwp%2Fv2%2Fcategories&post=1057"},{"taxonomy":"post_tag","embeddable":true,"href":"https:\/\/slaskipegaz.bs.katowice.pl\/index.php?rest_route=%2Fwp%2Fv2%2Ftags&post=1057"}],"curies":[{"name":"wp","href":"https:\/\/api.w.org\/{rel}","templated":true}]}}