{"id":10629,"date":"2017-05-25T12:55:10","date_gmt":"2017-05-25T10:55:10","guid":{"rendered":"http:\/\/slaskipegaz.bs.katowice.pl\/?p=10629"},"modified":"2017-05-25T12:55:10","modified_gmt":"2017-05-25T10:55:10","slug":"zapowiedz-miejska-biblioteka-publiczna-w-piekarach-slaskich","status":"publish","type":"post","link":"https:\/\/slaskipegaz.bs.katowice.pl\/?p=10629","title":{"rendered":"[Zapowied\u017a] MIEJSKA BIBLIOTEKA PUBLICZNA W PIEKARACH \u015aL\u0104SKICH"},"content":{"rendered":"<h6 style=\"text-align: center;\"><strong>Po czcionce do ksi\u0105\u017cki<\/strong><\/h6>\n<p><a href=\"https:\/\/slaskipegaz.bs.katowice.pl\/wp-content\/uploads\/2017\/05\/PCDK_plakatA3-ogolny.jpg\" rel=\"attachment wp-att-10630\"><img loading=\"lazy\" decoding=\"async\" class=\"size-medium wp-image-10630 alignleft\" src=\"https:\/\/slaskipegaz.bs.katowice.pl\/wp-content\/uploads\/2017\/05\/PCDK_plakatA3-ogolny-212x300.jpg\" alt=\"piekary\" width=\"212\" height=\"300\" srcset=\"https:\/\/slaskipegaz.bs.katowice.pl\/wp-content\/uploads\/2017\/05\/PCDK_plakatA3-ogolny-212x300.jpg 212w, https:\/\/slaskipegaz.bs.katowice.pl\/wp-content\/uploads\/2017\/05\/PCDK_plakatA3-ogolny-768x1086.jpg 768w, https:\/\/slaskipegaz.bs.katowice.pl\/wp-content\/uploads\/2017\/05\/PCDK_plakatA3-ogolny-724x1024.jpg 724w, https:\/\/slaskipegaz.bs.katowice.pl\/wp-content\/uploads\/2017\/05\/PCDK_plakatA3-ogolny.jpg 842w\" sizes=\"auto, (max-width: 212px) 100vw, 212px\" \/><\/a>Z rado\u015bci\u0105 zawiadamiamy, \u017ce Miejska Biblioteka Publiczna w Piekarach \u015al\u0105skich otrzyma\u0142a grant w wysoko\u015bci 9 tysi\u0119cy z\u0142 z programu &#8222;Patriotyzm Jutra&#8221;, na realizacj\u0119 projektu &#8222;Po czcionce do ksi\u0105\u017cki. \u015aladami piekarskiego drukarza Teodora\u00a0Heneczka&#8221;.<!--more--><\/p>\n<p>Motywem wiod\u0105cym projektu jest posta\u0107 Teodora Heneczka &#8211; polskiego drukarza wydaj\u0105cego ksi\u0105\u017cki w Niemieckich Piekarach (Piekary \u015al\u0105skie) w XIX wieku. W 2017 roku przypada 200. rocznica urodzin i 170. rocznica za\u0142o\u017cenia przez niego pierwszej polskiej drukarni w tym mie\u015bcie. Jest to dobra okazja do zaprezentowania mieszka\u0144com miasta i regionu roli Piekar w piel\u0119gnowaniu j\u0119zyka ojczystego i to\u017csamo\u015bci narodowej.<\/p>\n<p>Projekt ma charakter regionalny, ale bez w\u0105tpienia porusza zagadnienia uniwersalne takie jak patriotyzm, tradycja, historia i kultura polska. Skierowany jest do uczestnik\u00f3w z ka\u017cdej grupy wiekowej i b\u0119dzie realizowany z wykorzystaniem aktywnych metod pracy. W ramach projektu przewidziane s\u0105 dzia\u0142ania o charakterze edukacyjnym popularyzuj\u0105ce wiedz\u0119 o warsztacie i dokonaniach s\u0142ynnego piekarskiego drukarza oraz jego roli w umacnianiu polsko\u015bci na G\u00f3rnym \u015al\u0105sku.<\/p>\n<p>W ramach projektu planowane s\u0105 dzia\u0142ania zach\u0119caj\u0105ce dzieci, m\u0142odzie\u017c i doros\u0142ych do poznania historii zas\u0142u\u017conego mieszka\u0144ca miasta w formie konkursu historyczno-literackiego, warsztat\u00f3w papierniczych i drukarskich oraz wystawy tematycznej. Trwa\u0142ym \u015bladem, kt\u00f3ry zostanie po zako\u0144czeniu realizacji projektu b\u0119dzie kr\u00f3j pisma o nazwie &#8222;Heneczek&#8221;, b\u0119d\u0105cy rekonstrukcj\u0105 jednej z czcionek u\u017cywanych w XIX-wiecznym warsztacie piekarskiego drukarza.<\/p>\n<p>Nades\u0142a\u0142a: Miejska Biblioteka Publiczna w Piekarach \u015al\u0105skich<\/p>\n","protected":false},"excerpt":{"rendered":"<p>Po czcionce do ksi\u0105\u017cki Z rado\u015bci\u0105 zawiadamiamy, \u017ce Miejska Biblioteka Publiczna w Piekarach \u015al\u0105skich otrzyma\u0142a grant w wysoko\u015bci 9 tysi\u0119cy z\u0142 z programu &#8222;Patriotyzm Jutra&#8221;, na realizacj\u0119 projektu &#8222;Po czcionce do ksi\u0105\u017cki. \u015aladami piekarskiego drukarza Teodora\u00a0Heneczka&#8221;.<\/p>\n","protected":false},"author":3,"featured_media":10630,"comment_status":"closed","ping_status":"closed","sticky":false,"template":"","format":"standard","meta":{"_acf_changed":false,"_exactmetrics_skip_tracking":false,"_exactmetrics_sitenote_active":false,"_exactmetrics_sitenote_note":"","_exactmetrics_sitenote_category":0,"footnotes":""},"categories":[6,1091],"tags":[309,1102,1103,1101],"class_list":["post-10629","post","type-post","status-publish","format-standard","has-post-thumbnail","hentry","category-aktualnosci","category-nr-33-czerwiec-2017","tag-miejska-biblioteka-publiczna-w-piekarach-slaskich","tag-patriotyzm-jutra","tag-po-czcionce-do-ksiazki-sladami-piekarskiego-drukarza-teodora-heneczka","tag-teodor-heneczek"],"acf":[],"jetpack_featured_media_url":"https:\/\/slaskipegaz.bs.katowice.pl\/wp-content\/uploads\/2017\/05\/PCDK_plakatA3-ogolny.jpg","_links":{"self":[{"href":"https:\/\/slaskipegaz.bs.katowice.pl\/index.php?rest_route=\/wp\/v2\/posts\/10629","targetHints":{"allow":["GET"]}}],"collection":[{"href":"https:\/\/slaskipegaz.bs.katowice.pl\/index.php?rest_route=\/wp\/v2\/posts"}],"about":[{"href":"https:\/\/slaskipegaz.bs.katowice.pl\/index.php?rest_route=\/wp\/v2\/types\/post"}],"author":[{"embeddable":true,"href":"https:\/\/slaskipegaz.bs.katowice.pl\/index.php?rest_route=\/wp\/v2\/users\/3"}],"replies":[{"embeddable":true,"href":"https:\/\/slaskipegaz.bs.katowice.pl\/index.php?rest_route=%2Fwp%2Fv2%2Fcomments&post=10629"}],"version-history":[{"count":1,"href":"https:\/\/slaskipegaz.bs.katowice.pl\/index.php?rest_route=\/wp\/v2\/posts\/10629\/revisions"}],"predecessor-version":[{"id":10631,"href":"https:\/\/slaskipegaz.bs.katowice.pl\/index.php?rest_route=\/wp\/v2\/posts\/10629\/revisions\/10631"}],"wp:featuredmedia":[{"embeddable":true,"href":"https:\/\/slaskipegaz.bs.katowice.pl\/index.php?rest_route=\/wp\/v2\/media\/10630"}],"wp:attachment":[{"href":"https:\/\/slaskipegaz.bs.katowice.pl\/index.php?rest_route=%2Fwp%2Fv2%2Fmedia&parent=10629"}],"wp:term":[{"taxonomy":"category","embeddable":true,"href":"https:\/\/slaskipegaz.bs.katowice.pl\/index.php?rest_route=%2Fwp%2Fv2%2Fcategories&post=10629"},{"taxonomy":"post_tag","embeddable":true,"href":"https:\/\/slaskipegaz.bs.katowice.pl\/index.php?rest_route=%2Fwp%2Fv2%2Ftags&post=10629"}],"curies":[{"name":"wp","href":"https:\/\/api.w.org\/{rel}","templated":true}]}}