{"id":10672,"date":"2017-05-26T09:02:17","date_gmt":"2017-05-26T07:02:17","guid":{"rendered":"http:\/\/slaskipegaz.bs.katowice.pl\/?p=10672"},"modified":"2017-06-12T12:18:43","modified_gmt":"2017-06-12T10:18:43","slug":"relacja-miejska-i-powiatowa-biblioteka-publiczna-w-raciborzu-242","status":"publish","type":"post","link":"https:\/\/slaskipegaz.bs.katowice.pl\/?p=10672","title":{"rendered":"[Relacja] MIEJSKA I POWIATOWA BIBLIOTEKA PUBLICZNA W RACIBORZU"},"content":{"rendered":"<h6 style=\"text-align: center;\">Konkurs Gwary \u015al\u0105skiej \u201eTukej piyknie godomy\u201d<\/h6>\n<p><a href=\"https:\/\/slaskipegaz.bs.katowice.pl\/wp-content\/uploads\/2017\/05\/DSC07896_Kopiowanie.jpg\" rel=\"attachment wp-att-10673\"><img loading=\"lazy\" decoding=\"async\" class=\"size-medium wp-image-10673 alignleft\" src=\"https:\/\/slaskipegaz.bs.katowice.pl\/wp-content\/uploads\/2017\/05\/DSC07896_Kopiowanie-300x169.jpg\" alt=\"konkurs\" width=\"300\" height=\"169\" srcset=\"https:\/\/slaskipegaz.bs.katowice.pl\/wp-content\/uploads\/2017\/05\/DSC07896_Kopiowanie-300x169.jpg 300w, https:\/\/slaskipegaz.bs.katowice.pl\/wp-content\/uploads\/2017\/05\/DSC07896_Kopiowanie-768x432.jpg 768w, https:\/\/slaskipegaz.bs.katowice.pl\/wp-content\/uploads\/2017\/05\/DSC07896_Kopiowanie.jpg 1000w\" sizes=\"auto, (max-width: 300px) 100vw, 300px\" \/><\/a>Po raz dziewi\u0105ty, w raciborskiej bibliotece odby\u0142 si\u0119 Konkurs Gwary \u015al\u0105skiej \u201eTukej piyknie godomy\u201d pod patronatem Prezydenta Miasta Racib\u00f3rz i Starosty Powiatu Raciborskiego, organizowany w ramach Tygodnia Bibliotek. W tegorocznym konkursie wzi\u0119\u0142o udzia\u0142 a\u017c 63 uczestnik\u00f3w z przedszkoli, szk\u00f3\u0142 podstawowych i gimnazj\u00f3w Raciborza i Powiatu Raciborskiego.<!--more--><\/p>\n<p>Autentyczno\u015b\u0107 gwary, og\u00f3lny wyraz artystyczny oraz autentyczno\u015b\u0107 stroju i rekwizyt\u00f3w ocenia\u0142o jury w sk\u0142adzie: Teresa Szymo\u0144ska \u2013 \u015al\u0105zaczka Roku 2016, laureatka konkursu \u201ePo naszymu, czyli po \u015blonsku\u201d organizowanego przez Radio Katowice, so\u0142tys So\u015bnicowic; Krystian Ga\u0142uszka \u2013 dyrektor Miejskiej Biblioteki Publicznej w Rudzie \u015al\u0105skiej, poeta, prozaik, animator kultury oraz przewodnicz\u0105ca Ma\u0142gorzata Szczygielska, Dyrektor Miejskiej i Powiatowej Biblioteki Publicznej w Raciborzu.<\/p>\n<p><a href=\"https:\/\/slaskipegaz.bs.katowice.pl\/wp-content\/uploads\/2017\/05\/DSC07922_Kopiowanie.jpg\" rel=\"attachment wp-att-10674\"><img loading=\"lazy\" decoding=\"async\" class=\"aligncenter size-medium wp-image-10674\" src=\"https:\/\/slaskipegaz.bs.katowice.pl\/wp-content\/uploads\/2017\/05\/DSC07922_Kopiowanie-300x169.jpg\" alt=\"spotkanie\" width=\"300\" height=\"169\" srcset=\"https:\/\/slaskipegaz.bs.katowice.pl\/wp-content\/uploads\/2017\/05\/DSC07922_Kopiowanie-300x169.jpg 300w, https:\/\/slaskipegaz.bs.katowice.pl\/wp-content\/uploads\/2017\/05\/DSC07922_Kopiowanie-768x432.jpg 768w, https:\/\/slaskipegaz.bs.katowice.pl\/wp-content\/uploads\/2017\/05\/DSC07922_Kopiowanie.jpg 1000w\" sizes=\"auto, (max-width: 300px) 100vw, 300px\" \/><\/a><\/p>\n<p>Wszyscy uczestnicy otrzymali pami\u0105tkowe dyplomy a laureaci nagrody ufundowane przez Prezydenta Miasta Racib\u00f3rz, Starost\u0119 Powiatu Raciborskiego i Mieszko S.A. O pocz\u0119stunek dla uczestnik\u00f3w konkursu zadbali Piekarnia \u201eAlfred\u201d oraz PSS Spo\u0142em w Raciborzu.<\/p>\n<p><a href=\"https:\/\/slaskipegaz.bs.katowice.pl\/wp-content\/uploads\/2017\/05\/DSC07898_Kopiowanie.jpg\" rel=\"attachment wp-att-10675\"><img loading=\"lazy\" decoding=\"async\" class=\"aligncenter size-medium wp-image-10675\" src=\"https:\/\/slaskipegaz.bs.katowice.pl\/wp-content\/uploads\/2017\/05\/DSC07898_Kopiowanie-300x169.jpg\" alt=\"SONY DSC\" width=\"300\" height=\"169\" srcset=\"https:\/\/slaskipegaz.bs.katowice.pl\/wp-content\/uploads\/2017\/05\/DSC07898_Kopiowanie-300x169.jpg 300w, https:\/\/slaskipegaz.bs.katowice.pl\/wp-content\/uploads\/2017\/05\/DSC07898_Kopiowanie-768x432.jpg 768w, https:\/\/slaskipegaz.bs.katowice.pl\/wp-content\/uploads\/2017\/05\/DSC07898_Kopiowanie.jpg 1000w\" sizes=\"auto, (max-width: 300px) 100vw, 300px\" \/><\/a><\/p>\n<p>&nbsp;<\/p>\n<p>Nades\u0142a\u0142a: Miejska i Powiatowa Biblioteka Publiczna w Raciborzu<\/p>\n<p>&nbsp;<\/p>\n","protected":false},"excerpt":{"rendered":"<p>Konkurs Gwary \u015al\u0105skiej \u201eTukej piyknie godomy\u201d Po raz dziewi\u0105ty, w raciborskiej bibliotece odby\u0142 si\u0119 Konkurs Gwary \u015al\u0105skiej \u201eTukej piyknie godomy\u201d pod patronatem Prezydenta Miasta Racib\u00f3rz i Starosty Powiatu Raciborskiego, organizowany w ramach Tygodnia Bibliotek. W tegorocznym konkursie wzi\u0119\u0142o udzia\u0142 a\u017c 63 uczestnik\u00f3w z przedszkoli, szk\u00f3\u0142 podstawowych i gimnazj\u00f3w Raciborza i Powiatu Raciborskiego.<\/p>\n","protected":false},"author":3,"featured_media":10674,"comment_status":"closed","ping_status":"closed","sticky":false,"template":"","format":"standard","meta":{"_acf_changed":false,"_exactmetrics_skip_tracking":false,"_exactmetrics_sitenote_active":false,"_exactmetrics_sitenote_note":"","_exactmetrics_sitenote_category":0,"footnotes":""},"categories":[1091],"tags":[1108,48],"class_list":["post-10672","post","type-post","status-publish","format-standard","has-post-thumbnail","hentry","category-nr-33-czerwiec-2017","tag-konkurs-gwary-slaskiej","tag-miejska-i-powiatowa-biblioteka-publiczna-w-raciborzu"],"acf":[],"jetpack_featured_media_url":"https:\/\/slaskipegaz.bs.katowice.pl\/wp-content\/uploads\/2017\/05\/DSC07922_Kopiowanie.jpg","_links":{"self":[{"href":"https:\/\/slaskipegaz.bs.katowice.pl\/index.php?rest_route=\/wp\/v2\/posts\/10672","targetHints":{"allow":["GET"]}}],"collection":[{"href":"https:\/\/slaskipegaz.bs.katowice.pl\/index.php?rest_route=\/wp\/v2\/posts"}],"about":[{"href":"https:\/\/slaskipegaz.bs.katowice.pl\/index.php?rest_route=\/wp\/v2\/types\/post"}],"author":[{"embeddable":true,"href":"https:\/\/slaskipegaz.bs.katowice.pl\/index.php?rest_route=\/wp\/v2\/users\/3"}],"replies":[{"embeddable":true,"href":"https:\/\/slaskipegaz.bs.katowice.pl\/index.php?rest_route=%2Fwp%2Fv2%2Fcomments&post=10672"}],"version-history":[{"count":1,"href":"https:\/\/slaskipegaz.bs.katowice.pl\/index.php?rest_route=\/wp\/v2\/posts\/10672\/revisions"}],"predecessor-version":[{"id":10676,"href":"https:\/\/slaskipegaz.bs.katowice.pl\/index.php?rest_route=\/wp\/v2\/posts\/10672\/revisions\/10676"}],"wp:featuredmedia":[{"embeddable":true,"href":"https:\/\/slaskipegaz.bs.katowice.pl\/index.php?rest_route=\/wp\/v2\/media\/10674"}],"wp:attachment":[{"href":"https:\/\/slaskipegaz.bs.katowice.pl\/index.php?rest_route=%2Fwp%2Fv2%2Fmedia&parent=10672"}],"wp:term":[{"taxonomy":"category","embeddable":true,"href":"https:\/\/slaskipegaz.bs.katowice.pl\/index.php?rest_route=%2Fwp%2Fv2%2Fcategories&post=10672"},{"taxonomy":"post_tag","embeddable":true,"href":"https:\/\/slaskipegaz.bs.katowice.pl\/index.php?rest_route=%2Fwp%2Fv2%2Ftags&post=10672"}],"curies":[{"name":"wp","href":"https:\/\/api.w.org\/{rel}","templated":true}]}}