{"id":10767,"date":"2017-05-31T09:28:46","date_gmt":"2017-05-31T07:28:46","guid":{"rendered":"http:\/\/slaskipegaz.bs.katowice.pl\/?p=10767"},"modified":"2017-06-12T12:17:21","modified_gmt":"2017-06-12T10:17:21","slug":"relacja-powiatowa-i-miejska-biblioteka-publiczna-w-rybniku-11","status":"publish","type":"post","link":"https:\/\/slaskipegaz.bs.katowice.pl\/?p=10767","title":{"rendered":"[Relacja] POWIATOWA I MIEJSKA BIBLIOTEKA PUBLICZNA W RYBNIKU"},"content":{"rendered":"<h6 style=\"text-align: center;\">Tydzie\u0144 Bibliotek pod znakiem ksi\u0105\u017cki<\/h6>\n<p><a href=\"https:\/\/slaskipegaz.bs.katowice.pl\/wp-content\/uploads\/2017\/05\/DSC_0024.jpg\" rel=\"attachment wp-att-10768\"><img loading=\"lazy\" decoding=\"async\" class=\"size-medium wp-image-10768 alignleft\" src=\"https:\/\/slaskipegaz.bs.katowice.pl\/wp-content\/uploads\/2017\/05\/DSC_0024-300x199.jpg\" alt=\"SPOTKANIE\" width=\"300\" height=\"199\" srcset=\"https:\/\/slaskipegaz.bs.katowice.pl\/wp-content\/uploads\/2017\/05\/DSC_0024-300x199.jpg 300w, https:\/\/slaskipegaz.bs.katowice.pl\/wp-content\/uploads\/2017\/05\/DSC_0024-768x511.jpg 768w, https:\/\/slaskipegaz.bs.katowice.pl\/wp-content\/uploads\/2017\/05\/DSC_0024-1024x681.jpg 1024w\" sizes=\"auto, (max-width: 300px) 100vw, 300px\" \/><\/a>Tydzie\u0144 Bibliotek rozpocz\u0119\u0142a 6. edycja \u201eBiblioteki na trzepaku\u201d (pod has\u0142em \u201eBajkolandia\u201d) \u2013 impreza plenerowa filii nr 18, podczas kt\u00f3rej przedszkolaki z dzielnicy Maroko-Nowiny maj\u0105 okazj\u0119 do integracji. Na \u201etrzepaku\u201d pojawi\u0142y si\u0119 elfy i czarodzieje, kt\u00f3re wzi\u0119\u0142y udzia\u0142 w zabawie na Bajkowym Placu Zabaw przy ulicy Orzepowickiej, za blokiem nr 14.<!--more--><\/p>\n<p>Wyst\u0105pi\u0142 teatrzyk kukie\u0142kowy Stowarzyszenia 17-tka, dzieci obejrza\u0142y tak\u017ce wyst\u0119p uczni\u00f3w ZSP nr 13 w Rybniku. Fina\u0142em wydarzenia by\u0142 pokaz judo w wykonaniu zawodnik\u00f3w z Kejza Team (w tym Piotr Kuczera i Anna Borowska). Prezentacj\u0119 poprowadzi\u0142 trener, Prezes Zarz\u0105du Kejza Team \u2013 Artur Kejza. Wymiana ksi\u0105\u017cek dla ma\u0142ych i du\u017cych, \u015bpiew, zabawy ruchowe towarzyszy\u0142y imprezie. \u2013 <em>Majowa impreza jest najwi\u0119ksz\u0105 atrakcj\u0105 dla dzieci, gdy\u017c tutaj mog\u0105 pokaza\u0107 swoje talenty aktorskie, muzyczne i podsumowa\u0107 ca\u0142oroczn\u0105 prac\u0119. Pogoda jak co roku r\u00f3wnie\u017c dopisa\u0142a, jeste\u015bmy bardzo zadowoleni. Dzi\u0119kujemy bardzo za zaproszenie i za rok r\u00f3wnie\u017c przyjedziemy<\/em> \u2013 powiedzia\u0142a Gra\u017cyna Kotula, nauczyciel ZSP13 w Rybniku.<\/p>\n<p><a href=\"https:\/\/slaskipegaz.bs.katowice.pl\/wp-content\/uploads\/2017\/05\/12.jpg\" rel=\"attachment wp-att-10769\"><img loading=\"lazy\" decoding=\"async\" class=\"aligncenter size-medium wp-image-10769\" src=\"https:\/\/slaskipegaz.bs.katowice.pl\/wp-content\/uploads\/2017\/05\/12-300x199.jpg\" alt=\"JUDO\" width=\"300\" height=\"199\" srcset=\"https:\/\/slaskipegaz.bs.katowice.pl\/wp-content\/uploads\/2017\/05\/12-300x199.jpg 300w, https:\/\/slaskipegaz.bs.katowice.pl\/wp-content\/uploads\/2017\/05\/12.jpg 750w\" sizes=\"auto, (max-width: 300px) 100vw, 300px\" \/><\/a><\/p>\n<p>Z kolei\u00a0 w filii nr 8 na Smolnej zorganizowano dla dzieci warsztaty lalkarskie pod okiem Marka \u017by\u0142y zatytu\u0142owane \u201eW pracowni pana Geppetta\u201d. Lalk\u0119 teatraln\u0105 mo\u017cna by\u0142o tak\u017ce zg\u0142osi\u0107 do konkursu plastycznego \u201eBa\u015bniowa Parada\u201d, kt\u00f3ry trwa\u0142 dwa miesi\u0105ce, a fina\u0142, czyli og\u0142oszenie wynik\u00f3w i wr\u0119czenie nagr\u00f3d nast\u0105pi\u0142 11 maja w Oddziale dla Dzieci i M\u0142odzie\u017cy w Bibliotece G\u0142\u00f3wnej. Najm\u0142odszy z uczestnik\u00f3w konkursu mia\u0142 2,5 lat, a najstarsi to reprezentanci Domu Dziennego \u201eWigor-Senior\u201d w Lyskach.<\/p>\n<p>Na Smolnej i w Bibliotece G\u0142\u00f3wnej odby\u0142o si\u0119 tak\u017ce spotkanie dla dzieci z autorem powie\u015bci, wierszy i s\u0142uchowisk dla dzieci i m\u0142odzie\u017cy \u2013 Rafa\u0142em Witkiem. Autor od pocz\u0105tku prowadzi\u0142 lu\u017ane rozmowy z publiczno\u015bci\u0105, zach\u0119ca\u0142 do zagadek, rymowanek, pisania regulaminu placu zabaw. Wybiera\u0142 ochotnik\u00f3w spo\u015br\u00f3d publiczno\u015bci, by na czas czyta\u0107 wiersze jego autorstwa. R\u00f3wnie\u017c ch\u0119tnie podpisywa\u0142 swoje ksi\u0105\u017cki i robi\u0142 zdj\u0119cia z m\u0142odymi czytelnikami. \u2013 <em>Pan od \u201eMai na tropie jaja\u201d okaza\u0142 si\u0119 bardzo fajnym cz\u0142owiekiem, du\u017co \u017cartowa\u0142, rozmawia\u0142 z nami jak z kumplem<\/em> \u2013 powiedzia\u0142 zadowolony ucze\u0144 ze Szko\u0142y Podstawowej nr 19 w Rybniku-K\u0142okocinie.<\/p>\n<p>Zwie\u0144czeniem Tygodnia Bibliotek i najmocniejszym punktem by\u0142y \u201eRozmowy o czytaniu\u201d, czyli spotkanie z Justyn\u0105 Sobolewsk\u0105 \u2013 autork\u0105 \u201eKsi\u0105\u017cki o czytaniu\u201d, krytyczk\u0105 literack\u0105 i dziennikark\u0105. Spotkanie ukaza\u0142o si\u0119 \u015bwietn\u0105 okazj\u0105 do rozmowy o mi\u0142o\u015bci\u2026do ksi\u0105\u017cek. M\u00f3wiono o strachu przed tym, \u017ce nie \u201eb\u0119dzie co czyta\u0107\u201d, czyli abibliofobii, o sposobach, miejscach, pozycjach, upodobaniach, okoliczno\u015bciach czytania. Licznie zgromadzona publiczno\u015b\u0107 z\u0142o\u017cona w du\u017cej mierze z pasjonat\u00f3w ksi\u0105\u017cek ch\u0119tnie dzieli\u0142a si\u0119 spostrze\u017ceniami na temat czytania, przy okazji polecaj\u0105c kolejne tytu\u0142y. Pisarka tak\u017ce sypa\u0142a jak z r\u0119kawa nazwiskami pisarzy, tytu\u0142ami ksi\u0105\u017cek, do kt\u00f3rych warto si\u0119gn\u0105\u0107, ale te\u017c m\u00f3wi\u0142a o pozycjach, kt\u00f3re nie wzbudzi\u0142y w niej \u017cadnych emocji. \u2013 <em>Ksi\u0105\u017cka papierowa jest jak ko\u0142o. Nikt i nic jej nie zagra\u017ca<\/em> \u2013 podsumowa\u0142a pozycj\u0119 ksi\u0105\u017cki Justyna Sobolewska, nawi\u0105zuj\u0105c do s\u0142\u00f3w Umberto Eco. Fina\u0142em spotkania by\u0142o zaproszenie na festiwal literacki \u201eStolica J\u0119zyka Polskiego\u201d w Szczebrzeszynie, kt\u00f3rego pani Sobolewsk\u0105 jest kuratorem.<\/p>\n<p><a href=\"https:\/\/slaskipegaz.bs.katowice.pl\/wp-content\/uploads\/2017\/05\/DSC_0086.jpg\" rel=\"attachment wp-att-10770\"><img loading=\"lazy\" decoding=\"async\" class=\"aligncenter size-medium wp-image-10770\" src=\"https:\/\/slaskipegaz.bs.katowice.pl\/wp-content\/uploads\/2017\/05\/DSC_0086-300x199.jpg\" alt=\"autorka\" width=\"300\" height=\"199\" srcset=\"https:\/\/slaskipegaz.bs.katowice.pl\/wp-content\/uploads\/2017\/05\/DSC_0086-300x199.jpg 300w, https:\/\/slaskipegaz.bs.katowice.pl\/wp-content\/uploads\/2017\/05\/DSC_0086-768x511.jpg 768w, https:\/\/slaskipegaz.bs.katowice.pl\/wp-content\/uploads\/2017\/05\/DSC_0086-1024x681.jpg 1024w\" sizes=\"auto, (max-width: 300px) 100vw, 300px\" \/><\/a><\/p>\n<p>Ciekaw\u0105 propozycj\u0105 podczas Tygodnia Bibliotek, tym razem dedykowan\u0105 rodzicom i dzieciom by\u0142y kreatywne warsztaty Fundacji Nido inspirowane wystaw\u0105 \u201eJasnowidze\u201d wydawnictwa Dwie Siostry, kt\u00f3r\u0105 mo\u017cna obejrze\u0107 w Bibliotece G\u0142\u00f3wnej przy ulicy Szafranka do 24 maja. Obejrzenie ilustracji do ksi\u0105\u017cek dla dzieci by\u0142o wst\u0119pem do tworzenia w\u0142asnych ksi\u0105\u017ceczek w towarzystwie rodzic\u00f3w.<\/p>\n<p>To jednak nie koniec artystycznych propozycji z okazji Tygodnia Bibliotek, bowiem Galeria Smolna go\u015bci u siebie obrazy Paw\u0142a Mocka. Wystaw\u0119 pt. \u201e[ODBICIA]\u201d mo\u017cna ogl\u0105da\u0107 do 30 czerwca. Prace traktuj\u0105 o identyczno\u015bci ludzi, tak fizycznej jak i psychicznej, a artysta stara\u0142 si\u0119 pokaza\u0107, \u017ce o wyj\u0105tkowo\u015bci jednostki \u015bwiadcz\u0105 jedynie szczeg\u00f3\u0142y.<\/p>\n<p>Tydzie\u0144 Bibliotek ods\u0142oni\u0142 rzesze czytelnik\u00f3w, dla kt\u00f3rych ksi\u0105\u017cka jest wa\u017cnym elementem codziennego \u017cycia, ku zadowoleniu bibliotekarzy, kt\u00f3rzy w\u0142a\u015bnie 8 maja obchodzili swoje \u015bwi\u0119to. \u2013 Nie ma lepszego prezentu ni\u017c gromada zapalonych bibliofil\u00f3w na spotkaniu z Justyn\u0105 Sobolewsk\u0105 \u2013 podsumowuje jedna z bibliotekarek PiMBP w Rybniku.<\/p>\n<p>Nades\u0142a\u0142a: Karolina Doliba, Powiatowa i Miejska Biblioteka Publiczna w Rybniku<\/p>\n<p>&nbsp;<\/p>\n<p>&nbsp;<\/p>\n<p>&nbsp;<\/p>\n<p>&nbsp;<\/p>\n<p>&nbsp;<\/p>\n<p>&nbsp;<\/p>\n<p>&nbsp;<\/p>\n<p>&nbsp;<\/p>\n","protected":false},"excerpt":{"rendered":"<p>Tydzie\u0144 Bibliotek pod znakiem ksi\u0105\u017cki Tydzie\u0144 Bibliotek rozpocz\u0119\u0142a 6. edycja \u201eBiblioteki na trzepaku\u201d (pod has\u0142em \u201eBajkolandia\u201d) \u2013 impreza plenerowa filii nr 18, podczas kt\u00f3rej przedszkolaki z dzielnicy Maroko-Nowiny maj\u0105 okazj\u0119 do integracji. Na \u201etrzepaku\u201d pojawi\u0142y si\u0119 elfy i czarodzieje, kt\u00f3re wzi\u0119\u0142y udzia\u0142 w zabawie na Bajkowym Placu Zabaw przy ulicy Orzepowickiej, za blokiem nr 14.<\/p>\n","protected":false},"author":3,"featured_media":10768,"comment_status":"closed","ping_status":"closed","sticky":false,"template":"","format":"standard","meta":{"_acf_changed":false,"_exactmetrics_skip_tracking":false,"_exactmetrics_sitenote_active":false,"_exactmetrics_sitenote_note":"","_exactmetrics_sitenote_category":0,"footnotes":""},"categories":[1091],"tags":[1119,80,1118,11,979],"class_list":["post-10767","post","type-post","status-publish","format-standard","has-post-thumbnail","hentry","category-nr-33-czerwiec-2017","tag-justyna-sobolewska","tag-powiatowa-i-miejska-biblioteka-publiczna-w-rybniku","tag-rafal-witek","tag-spotkanie-autorskie","tag-tydzien-bibliotek-2017"],"acf":[],"jetpack_featured_media_url":"https:\/\/slaskipegaz.bs.katowice.pl\/wp-content\/uploads\/2017\/05\/DSC_0024.jpg","_links":{"self":[{"href":"https:\/\/slaskipegaz.bs.katowice.pl\/index.php?rest_route=\/wp\/v2\/posts\/10767","targetHints":{"allow":["GET"]}}],"collection":[{"href":"https:\/\/slaskipegaz.bs.katowice.pl\/index.php?rest_route=\/wp\/v2\/posts"}],"about":[{"href":"https:\/\/slaskipegaz.bs.katowice.pl\/index.php?rest_route=\/wp\/v2\/types\/post"}],"author":[{"embeddable":true,"href":"https:\/\/slaskipegaz.bs.katowice.pl\/index.php?rest_route=\/wp\/v2\/users\/3"}],"replies":[{"embeddable":true,"href":"https:\/\/slaskipegaz.bs.katowice.pl\/index.php?rest_route=%2Fwp%2Fv2%2Fcomments&post=10767"}],"version-history":[{"count":1,"href":"https:\/\/slaskipegaz.bs.katowice.pl\/index.php?rest_route=\/wp\/v2\/posts\/10767\/revisions"}],"predecessor-version":[{"id":10771,"href":"https:\/\/slaskipegaz.bs.katowice.pl\/index.php?rest_route=\/wp\/v2\/posts\/10767\/revisions\/10771"}],"wp:featuredmedia":[{"embeddable":true,"href":"https:\/\/slaskipegaz.bs.katowice.pl\/index.php?rest_route=\/wp\/v2\/media\/10768"}],"wp:attachment":[{"href":"https:\/\/slaskipegaz.bs.katowice.pl\/index.php?rest_route=%2Fwp%2Fv2%2Fmedia&parent=10767"}],"wp:term":[{"taxonomy":"category","embeddable":true,"href":"https:\/\/slaskipegaz.bs.katowice.pl\/index.php?rest_route=%2Fwp%2Fv2%2Fcategories&post=10767"},{"taxonomy":"post_tag","embeddable":true,"href":"https:\/\/slaskipegaz.bs.katowice.pl\/index.php?rest_route=%2Fwp%2Fv2%2Ftags&post=10767"}],"curies":[{"name":"wp","href":"https:\/\/api.w.org\/{rel}","templated":true}]}}