{"id":10795,"date":"2017-06-01T11:04:08","date_gmt":"2017-06-01T09:04:08","guid":{"rendered":"http:\/\/slaskipegaz.bs.katowice.pl\/?p=10795"},"modified":"2017-06-01T11:04:48","modified_gmt":"2017-06-01T09:04:48","slug":"relacja-miejska-biblioteka-publiczna-w-siemianowicach-slaskich-34","status":"publish","type":"post","link":"https:\/\/slaskipegaz.bs.katowice.pl\/?p=10795","title":{"rendered":"[Relacja] MIEJSKA BIBLIOTEKA PUBLICZNA W SIEMIANOWICACH \u015aL\u0104SKICH"},"content":{"rendered":"<p><a href=\"https:\/\/slaskipegaz.bs.katowice.pl\/wp-content\/uploads\/2017\/06\/DSC00728.jpg\" rel=\"attachment wp-att-10796\"><img loading=\"lazy\" decoding=\"async\" class=\"wp-image-10796 alignleft\" src=\"https:\/\/slaskipegaz.bs.katowice.pl\/wp-content\/uploads\/2017\/06\/DSC00728-150x150.jpg\" alt=\"Poezja\" width=\"175\" height=\"175\" \/><\/a><strong>Z poezj\u0105 Jaros\u0142awa Englera na ty<\/strong><\/p>\n<p>Biblioteka to oczywi\u015bcie ksi\u0105\u017cki i spotkania z autorami. Tym razem, w Tygodniu Bibliotek, spotkali\u015bmy si\u0119 z lokalnym, siemianowickim poet\u0105 Jaros\u0142awem Englerem.<\/p>\n<p>Bohater wczorajszego wydarzenia w swoim dorobku artystycznym ma liczne wiersze, teksty piosenek, a tak\u017ce obrazy malowane akrylami. Jest cz\u0142onkiem Grupy Artystycznej \u201eLaura\u201d (wcze\u015bniej \u201eSpichlerz 86\u201d) oraz Grupy Artystycznej \u201eSztuka bez barier 14\u201d, w kt\u00f3rej realizuje swoj\u0105 pasj\u0119 aktorsk\u0105. Wyda\u0142 cztery tomiki wierszy: \u201eGo\u0142\u0105b w rynnie, czyli los \u015al\u0105zak\u00f3w\u201d (2004), \u201ePomaluj\u201d (2011), \u201eGo\u0142\u0105b w rynnie, czyli Richter i inne wiersze\u201d(2012) oraz \u201ePrzeobra\u017cenie\u201d (2016). <!--more--><\/p>\n<p>W to majowe popo\u0142udnie pan Jaros\u0142aw uraczy\u0142 zebranych wierszami ze swojego najnowszego tomiku. Wyst\u0105pienie by\u0142o poprzeplatane muzyk\u0105 w wykonaniu m.in. Krystiana Hadasza i Andrzeja Pajdaka, jak r\u00f3wnie\u017c \u015bpiewem synowej poety Oliwii Kobuszewskiej \u2013 Engler. Nie zabrak\u0142o tak\u017ce wielu ciep\u0142ych s\u0142\u00f3w, wiersza powsta\u0142ego specjalnie na t\u0119 okazj\u0119, recytacji wierszy obecnych na spotkaniu przyjaci\u00f3\u0142, r\u00f3wnie\u017c poet\u00f3w: Janiny Partyki-Poj\u0119ty, Jacka Laskowskiego, Eugeniusza Depty, Krystiana Hadasza, Andrzeja Suchowskiego oraz syna autora &#8211; Paw\u0142a Englera, kt\u00f3ry te\u017c tworzy poezj\u0119.<\/p>\n<p>By\u0142 to bardzo mi\u0142y i ciep\u0142y czas spotkania z codzienno\u015bci\u0105 w wierszach i delektowania si\u0119 dobr\u0105 muzyk\u0105.<\/p>\n<p>Anna Leszczak<\/p>\n<p><a href=\"https:\/\/slaskipegaz.bs.katowice.pl\/wp-content\/uploads\/2017\/06\/DSC00742.jpg\" rel=\"attachment wp-att-10797\"><img loading=\"lazy\" decoding=\"async\" class=\"size-thumbnail wp-image-10797\" src=\"https:\/\/slaskipegaz.bs.katowice.pl\/wp-content\/uploads\/2017\/06\/DSC00742-150x150.jpg\" alt=\"Poezja\" width=\"150\" height=\"150\" \/><\/a><\/p>\n<p><a href=\"https:\/\/slaskipegaz.bs.katowice.pl\/wp-content\/uploads\/2017\/06\/DSC00733.jpg\" rel=\"attachment wp-att-10799\"><img loading=\"lazy\" decoding=\"async\" class=\"size-thumbnail wp-image-10799\" src=\"https:\/\/slaskipegaz.bs.katowice.pl\/wp-content\/uploads\/2017\/06\/DSC00733-150x150.jpg\" alt=\"Poezja\" width=\"150\" height=\"150\" \/><\/a><\/p>\n<p><a href=\"https:\/\/slaskipegaz.bs.katowice.pl\/wp-content\/uploads\/2017\/06\/DSC00731.jpg\" rel=\"attachment wp-att-10800\"><img loading=\"lazy\" decoding=\"async\" class=\"size-thumbnail wp-image-10800\" src=\"https:\/\/slaskipegaz.bs.katowice.pl\/wp-content\/uploads\/2017\/06\/DSC00731-150x150.jpg\" alt=\"Poezja\" width=\"150\" height=\"150\" \/><\/a><\/p>\n<p><a href=\"https:\/\/slaskipegaz.bs.katowice.pl\/wp-content\/uploads\/2017\/06\/DSC00737.jpg\" rel=\"attachment wp-att-10798\"><img loading=\"lazy\" decoding=\"async\" class=\"size-thumbnail wp-image-10798\" src=\"https:\/\/slaskipegaz.bs.katowice.pl\/wp-content\/uploads\/2017\/06\/DSC00737-150x150.jpg\" alt=\"Poezja\" width=\"150\" height=\"150\" srcset=\"https:\/\/slaskipegaz.bs.katowice.pl\/wp-content\/uploads\/2017\/06\/DSC00737-150x150.jpg 150w, https:\/\/slaskipegaz.bs.katowice.pl\/wp-content\/uploads\/2017\/06\/DSC00737-300x297.jpg 300w\" sizes=\"auto, (max-width: 150px) 100vw, 150px\" \/><\/a><\/p>\n<p><a href=\"https:\/\/slaskipegaz.bs.katowice.pl\/wp-content\/uploads\/2017\/06\/DSC00713.jpg\" rel=\"attachment wp-att-10801\"><img loading=\"lazy\" decoding=\"async\" class=\"size-thumbnail wp-image-10801\" src=\"https:\/\/slaskipegaz.bs.katowice.pl\/wp-content\/uploads\/2017\/06\/DSC00713-150x150.jpg\" alt=\"Poezja\" width=\"150\" height=\"150\" \/><\/a><\/p>\n<p><a href=\"https:\/\/slaskipegaz.bs.katowice.pl\/wp-content\/uploads\/2017\/06\/DSC00709.jpg\" rel=\"attachment wp-att-10802\"><img loading=\"lazy\" decoding=\"async\" class=\"size-thumbnail wp-image-10802\" src=\"https:\/\/slaskipegaz.bs.katowice.pl\/wp-content\/uploads\/2017\/06\/DSC00709-150x150.jpg\" alt=\"Poezja\" width=\"150\" height=\"150\" \/><\/a><\/p>\n<figure id=\"attachment_10803\" aria-describedby=\"caption-attachment-10803\" style=\"width: 150px\" class=\"wp-caption alignleft\"><a href=\"https:\/\/slaskipegaz.bs.katowice.pl\/wp-content\/uploads\/2017\/06\/DSC00695.jpg\" rel=\"attachment wp-att-10803\"><img loading=\"lazy\" decoding=\"async\" class=\"size-thumbnail wp-image-10803\" src=\"https:\/\/slaskipegaz.bs.katowice.pl\/wp-content\/uploads\/2017\/06\/DSC00695-150x150.jpg\" alt=\"Poezja\" width=\"150\" height=\"150\" \/><\/a><figcaption id=\"caption-attachment-10803\" class=\"wp-caption-text\">SONY DSC<\/figcaption><\/figure>\n","protected":false},"excerpt":{"rendered":"<p>Z poezj\u0105 Jaros\u0142awa Englera na ty Biblioteka to oczywi\u015bcie ksi\u0105\u017cki i spotkania z autorami. Tym razem, w Tygodniu Bibliotek, spotkali\u015bmy si\u0119 z lokalnym, siemianowickim poet\u0105 Jaros\u0142awem Englerem. Bohater wczorajszego wydarzenia w swoim dorobku artystycznym ma liczne wiersze, teksty piosenek, a tak\u017ce obrazy malowane akrylami. Jest cz\u0142onkiem Grupy Artystycznej \u201eLaura\u201d (wcze\u015bniej \u201eSpichlerz 86\u201d) oraz Grupy Artystycznej &hellip; <a href=\"https:\/\/slaskipegaz.bs.katowice.pl\/?p=10795\" class=\"more-link\">Czytaj dalej <span class=\"screen-reader-text\">[Relacja] MIEJSKA BIBLIOTEKA PUBLICZNA W SIEMIANOWICACH \u015aL\u0104SKICH<\/span> <span class=\"meta-nav\">&rarr;<\/span><\/a><\/p>\n","protected":false},"author":2,"featured_media":0,"comment_status":"closed","ping_status":"closed","sticky":false,"template":"","format":"standard","meta":{"_acf_changed":false,"_exactmetrics_skip_tracking":false,"_exactmetrics_sitenote_active":false,"_exactmetrics_sitenote_note":"","_exactmetrics_sitenote_category":0,"footnotes":""},"categories":[1091],"tags":[23],"class_list":["post-10795","post","type-post","status-publish","format-standard","hentry","category-nr-33-czerwiec-2017","tag-miejska-biblioteka-publiczna-w-siemianowicach-slaskich"],"acf":[],"jetpack_featured_media_url":"","_links":{"self":[{"href":"https:\/\/slaskipegaz.bs.katowice.pl\/index.php?rest_route=\/wp\/v2\/posts\/10795","targetHints":{"allow":["GET"]}}],"collection":[{"href":"https:\/\/slaskipegaz.bs.katowice.pl\/index.php?rest_route=\/wp\/v2\/posts"}],"about":[{"href":"https:\/\/slaskipegaz.bs.katowice.pl\/index.php?rest_route=\/wp\/v2\/types\/post"}],"author":[{"embeddable":true,"href":"https:\/\/slaskipegaz.bs.katowice.pl\/index.php?rest_route=\/wp\/v2\/users\/2"}],"replies":[{"embeddable":true,"href":"https:\/\/slaskipegaz.bs.katowice.pl\/index.php?rest_route=%2Fwp%2Fv2%2Fcomments&post=10795"}],"version-history":[{"count":3,"href":"https:\/\/slaskipegaz.bs.katowice.pl\/index.php?rest_route=\/wp\/v2\/posts\/10795\/revisions"}],"predecessor-version":[{"id":10806,"href":"https:\/\/slaskipegaz.bs.katowice.pl\/index.php?rest_route=\/wp\/v2\/posts\/10795\/revisions\/10806"}],"wp:attachment":[{"href":"https:\/\/slaskipegaz.bs.katowice.pl\/index.php?rest_route=%2Fwp%2Fv2%2Fmedia&parent=10795"}],"wp:term":[{"taxonomy":"category","embeddable":true,"href":"https:\/\/slaskipegaz.bs.katowice.pl\/index.php?rest_route=%2Fwp%2Fv2%2Fcategories&post=10795"},{"taxonomy":"post_tag","embeddable":true,"href":"https:\/\/slaskipegaz.bs.katowice.pl\/index.php?rest_route=%2Fwp%2Fv2%2Ftags&post=10795"}],"curies":[{"name":"wp","href":"https:\/\/api.w.org\/{rel}","templated":true}]}}