{"id":11039,"date":"2017-06-20T09:20:22","date_gmt":"2017-06-20T07:20:22","guid":{"rendered":"http:\/\/slaskipegaz.bs.katowice.pl\/?p=11039"},"modified":"2017-07-18T13:50:28","modified_gmt":"2017-07-18T11:50:28","slug":"relacja-miejska-i-powiatowa-biblioteka-publiczna-w-raciborzu-255","status":"publish","type":"post","link":"https:\/\/slaskipegaz.bs.katowice.pl\/?p=11039","title":{"rendered":"[Relacja] MIEJSKA I POWIATOWA BIBLIOTEKA PUBLICZNA W RACIBORZU"},"content":{"rendered":"<h6 style=\"text-align: center;\">Czytanie zbli\u017ca&#8230; pokolenia<\/h6>\n<p><a href=\"https:\/\/slaskipegaz.bs.katowice.pl\/wp-content\/uploads\/2017\/06\/20170609_090546_resized.jpg\" rel=\"attachment wp-att-11040\"><img loading=\"lazy\" decoding=\"async\" class=\"size-medium wp-image-11040 alignleft\" src=\"https:\/\/slaskipegaz.bs.katowice.pl\/wp-content\/uploads\/2017\/06\/20170609_090546_resized-300x169.jpg\" alt=\"czytanie\" width=\"300\" height=\"169\" srcset=\"https:\/\/slaskipegaz.bs.katowice.pl\/wp-content\/uploads\/2017\/06\/20170609_090546_resized-300x169.jpg 300w, https:\/\/slaskipegaz.bs.katowice.pl\/wp-content\/uploads\/2017\/06\/20170609_090546_resized-768x432.jpg 768w, https:\/\/slaskipegaz.bs.katowice.pl\/wp-content\/uploads\/2017\/06\/20170609_090546_resized-1024x576.jpg 1024w, https:\/\/slaskipegaz.bs.katowice.pl\/wp-content\/uploads\/2017\/06\/20170609_090546_resized.jpg 1600w\" sizes=\"auto, (max-width: 300px) 100vw, 300px\" \/><\/a>W raciborskiej bibliotece od poniedzia\u0142ku trwa Og\u00f3lnopolski Tydzie\u0144 Czytania Dzieciom-najwi\u0119ksze doroczne \u015bwi\u0119to w ramach trwaj\u0105cej nieprzerwanie od 2001 roku kampanii spo\u0142ecznej \u201eCa\u0142a Polska czyta dzieciom\u201d. Filie i oddzia\u0142y biblioteki do wsp\u00f3\u0142pracy zaprosi\u0142y m.in. cz\u0142onk\u00f3w oddzia\u0142u Zwi\u0105zku Emeryt\u00f3w, Rencist\u00f3w i Inwalid\u00f3w, kt\u00f3rzy czytaj\u0105 fragmenty ksi\u0105\u017cek Astrid Lindgren.<!--more--><\/p>\n<p>Co roku, Tydzie\u0144 Czytania mobilizuje do aktywnej promocji czytelnictwa ponad 9240 wolontariuszy oraz plac\u00f3wki, instytucje i spo\u0142ecze\u0144stwo w ca\u0142ym kraju. Tegoroczny XVI Og\u00f3lnopolski Tydzie\u0144 Czytania Dzieciom odbywa si\u0119 pod has\u0142em \u201eCZYTANIE ZBLI\u017bA\u201d.<a href=\"https:\/\/slaskipegaz.bs.katowice.pl\/wp-content\/uploads\/2017\/06\/IMG_0002.jpg\" rel=\"attachment wp-att-11041\"><img loading=\"lazy\" decoding=\"async\" class=\"aligncenter size-medium wp-image-11041\" src=\"https:\/\/slaskipegaz.bs.katowice.pl\/wp-content\/uploads\/2017\/06\/IMG_0002-300x200.jpg\" alt=\"czytanie\" width=\"300\" height=\"200\" srcset=\"https:\/\/slaskipegaz.bs.katowice.pl\/wp-content\/uploads\/2017\/06\/IMG_0002-300x200.jpg 300w, https:\/\/slaskipegaz.bs.katowice.pl\/wp-content\/uploads\/2017\/06\/IMG_0002-768x513.jpg 768w, https:\/\/slaskipegaz.bs.katowice.pl\/wp-content\/uploads\/2017\/06\/IMG_0002-1024x684.jpg 1024w, https:\/\/slaskipegaz.bs.katowice.pl\/wp-content\/uploads\/2017\/06\/IMG_0002.jpg 1600w\" sizes=\"auto, (max-width: 300px) 100vw, 300px\" \/><\/a><\/p>\n<p>&#8211; W naszej bibliotece, czytanie zbli\u017ca\u2026 pokolenia, dlatego dzieciom z raciborskich przedszkoli i szk\u00f3\u0142 podstawowych czytaj\u0105 m.in. seniorzy ze Zwi\u0105zku Emeryt\u00f3w, Rencist\u00f3w i Inwalid\u00f3w. Akcja ruszy\u0142a w poniedzia\u0142ek i ju\u017c obj\u0119\u0142a swoim zasi\u0119giem niemal 400 s\u0142uchaczy &#8211; m\u00f3wi Ma\u0142gorzata Szczygielska, dyrektor MiPBP.<\/p>\n<p><a href=\"https:\/\/slaskipegaz.bs.katowice.pl\/wp-content\/uploads\/2017\/06\/P1020576.jpg\" rel=\"attachment wp-att-11042\"><img loading=\"lazy\" decoding=\"async\" class=\"aligncenter size-medium wp-image-11042\" src=\"https:\/\/slaskipegaz.bs.katowice.pl\/wp-content\/uploads\/2017\/06\/P1020576-300x169.jpg\" alt=\"czytanie\" width=\"300\" height=\"169\" srcset=\"https:\/\/slaskipegaz.bs.katowice.pl\/wp-content\/uploads\/2017\/06\/P1020576-300x169.jpg 300w, https:\/\/slaskipegaz.bs.katowice.pl\/wp-content\/uploads\/2017\/06\/P1020576-768x432.jpg 768w, https:\/\/slaskipegaz.bs.katowice.pl\/wp-content\/uploads\/2017\/06\/P1020576-1024x575.jpg 1024w, https:\/\/slaskipegaz.bs.katowice.pl\/wp-content\/uploads\/2017\/06\/P1020576.jpg 1600w\" sizes=\"auto, (max-width: 300px) 100vw, 300px\" \/><\/a><\/p>\n<p>&nbsp;<\/p>\n<p>W poszczeg\u00f3lnych plac\u00f3wkach czytano m.in.: \u201ePippi na Po\u0142udniowym Pacyfiku\u201d, \u201eCzy znasz Pippi Po\u0144czoszank\u0119?\u201d, \u201eNilsa Paluszka\u201d czy fragmenty ksi\u0105\u017cki \u201eAch, ten Emil\u201d.<\/p>\n<p><a href=\"https:\/\/slaskipegaz.bs.katowice.pl\/wp-content\/uploads\/2017\/06\/P1020666.jpg\" rel=\"attachment wp-att-11043\"><img loading=\"lazy\" decoding=\"async\" class=\"aligncenter size-medium wp-image-11043\" src=\"https:\/\/slaskipegaz.bs.katowice.pl\/wp-content\/uploads\/2017\/06\/P1020666-300x169.jpg\" alt=\"czytanie\" width=\"300\" height=\"169\" srcset=\"https:\/\/slaskipegaz.bs.katowice.pl\/wp-content\/uploads\/2017\/06\/P1020666-300x169.jpg 300w, https:\/\/slaskipegaz.bs.katowice.pl\/wp-content\/uploads\/2017\/06\/P1020666-768x432.jpg 768w, https:\/\/slaskipegaz.bs.katowice.pl\/wp-content\/uploads\/2017\/06\/P1020666-1024x575.jpg 1024w, https:\/\/slaskipegaz.bs.katowice.pl\/wp-content\/uploads\/2017\/06\/P1020666.jpg 1600w\" sizes=\"auto, (max-width: 300px) 100vw, 300px\" \/><\/a><\/p>\n<p><a href=\"https:\/\/slaskipegaz.bs.katowice.pl\/wp-content\/uploads\/2017\/04\/mkidn_01_cmyk.jpg\" rel=\"attachment wp-att-10243\"><img loading=\"lazy\" decoding=\"async\" class=\" wp-image-10243 alignleft\" src=\"https:\/\/slaskipegaz.bs.katowice.pl\/wp-content\/uploads\/2017\/04\/mkidn_01_cmyk-300x300.jpg\" alt=\"logos\" width=\"117\" height=\"117\" srcset=\"https:\/\/slaskipegaz.bs.katowice.pl\/wp-content\/uploads\/2017\/04\/mkidn_01_cmyk-300x300.jpg 300w, https:\/\/slaskipegaz.bs.katowice.pl\/wp-content\/uploads\/2017\/04\/mkidn_01_cmyk-150x150.jpg 150w, https:\/\/slaskipegaz.bs.katowice.pl\/wp-content\/uploads\/2017\/04\/mkidn_01_cmyk-768x768.jpg 768w, https:\/\/slaskipegaz.bs.katowice.pl\/wp-content\/uploads\/2017\/04\/mkidn_01_cmyk-1024x1024.jpg 1024w, https:\/\/slaskipegaz.bs.katowice.pl\/wp-content\/uploads\/2017\/04\/mkidn_01_cmyk.jpg 1323w\" sizes=\"auto, (max-width: 117px) 100vw, 117px\" \/><\/a>Spotkania dofinansowano ze \u015brodk\u00f3w Ministra Kultury i Dziedzictwa Narodowego.<\/p>\n","protected":false},"excerpt":{"rendered":"<p>Czytanie zbli\u017ca&#8230; pokolenia W raciborskiej bibliotece od poniedzia\u0142ku trwa Og\u00f3lnopolski Tydzie\u0144 Czytania Dzieciom-najwi\u0119ksze doroczne \u015bwi\u0119to w ramach trwaj\u0105cej nieprzerwanie od 2001 roku kampanii spo\u0142ecznej \u201eCa\u0142a Polska czyta dzieciom\u201d. Filie i oddzia\u0142y biblioteki do wsp\u00f3\u0142pracy zaprosi\u0142y m.in. cz\u0142onk\u00f3w oddzia\u0142u Zwi\u0105zku Emeryt\u00f3w, Rencist\u00f3w i Inwalid\u00f3w, kt\u00f3rzy czytaj\u0105 fragmenty ksi\u0105\u017cek Astrid Lindgren.<\/p>\n","protected":false},"author":3,"featured_media":11042,"comment_status":"closed","ping_status":"closed","sticky":false,"template":"","format":"standard","meta":{"_acf_changed":false,"_exactmetrics_skip_tracking":false,"_exactmetrics_sitenote_active":false,"_exactmetrics_sitenote_note":"","_exactmetrics_sitenote_category":0,"footnotes":""},"categories":[1131],"tags":[48,280],"class_list":["post-11039","post","type-post","status-publish","format-standard","has-post-thumbnail","hentry","category-nr-34-lipiec-2017","tag-miejska-i-powiatowa-biblioteka-publiczna-w-raciborzu","tag-ogolnopolski-tydzien-czytania-dzieciom"],"acf":[],"jetpack_featured_media_url":"https:\/\/slaskipegaz.bs.katowice.pl\/wp-content\/uploads\/2017\/06\/P1020576.jpg","_links":{"self":[{"href":"https:\/\/slaskipegaz.bs.katowice.pl\/index.php?rest_route=\/wp\/v2\/posts\/11039","targetHints":{"allow":["GET"]}}],"collection":[{"href":"https:\/\/slaskipegaz.bs.katowice.pl\/index.php?rest_route=\/wp\/v2\/posts"}],"about":[{"href":"https:\/\/slaskipegaz.bs.katowice.pl\/index.php?rest_route=\/wp\/v2\/types\/post"}],"author":[{"embeddable":true,"href":"https:\/\/slaskipegaz.bs.katowice.pl\/index.php?rest_route=\/wp\/v2\/users\/3"}],"replies":[{"embeddable":true,"href":"https:\/\/slaskipegaz.bs.katowice.pl\/index.php?rest_route=%2Fwp%2Fv2%2Fcomments&post=11039"}],"version-history":[{"count":1,"href":"https:\/\/slaskipegaz.bs.katowice.pl\/index.php?rest_route=\/wp\/v2\/posts\/11039\/revisions"}],"predecessor-version":[{"id":11044,"href":"https:\/\/slaskipegaz.bs.katowice.pl\/index.php?rest_route=\/wp\/v2\/posts\/11039\/revisions\/11044"}],"wp:featuredmedia":[{"embeddable":true,"href":"https:\/\/slaskipegaz.bs.katowice.pl\/index.php?rest_route=\/wp\/v2\/media\/11042"}],"wp:attachment":[{"href":"https:\/\/slaskipegaz.bs.katowice.pl\/index.php?rest_route=%2Fwp%2Fv2%2Fmedia&parent=11039"}],"wp:term":[{"taxonomy":"category","embeddable":true,"href":"https:\/\/slaskipegaz.bs.katowice.pl\/index.php?rest_route=%2Fwp%2Fv2%2Fcategories&post=11039"},{"taxonomy":"post_tag","embeddable":true,"href":"https:\/\/slaskipegaz.bs.katowice.pl\/index.php?rest_route=%2Fwp%2Fv2%2Ftags&post=11039"}],"curies":[{"name":"wp","href":"https:\/\/api.w.org\/{rel}","templated":true}]}}