{"id":11045,"date":"2017-06-20T09:28:44","date_gmt":"2017-06-20T07:28:44","guid":{"rendered":"http:\/\/slaskipegaz.bs.katowice.pl\/?p=11045"},"modified":"2017-07-18T13:50:23","modified_gmt":"2017-07-18T11:50:23","slug":"relacja-miejska-i-powiatowa-biblioteka-publiczna-w-zawierciu-65","status":"publish","type":"post","link":"https:\/\/slaskipegaz.bs.katowice.pl\/?p=11045","title":{"rendered":"[Relacja] MIEJSKA I POWIATOWA BIBLIOTEKA PUBLICZNA W ZAWIERCIU"},"content":{"rendered":"<h6 style=\"text-align: center;\">Warsztaty muzyczne w Filii nr 2<\/h6>\n<p><a href=\"https:\/\/slaskipegaz.bs.katowice.pl\/wp-content\/uploads\/2017\/06\/DSC_0150.jpg\" rel=\"attachment wp-att-11046\"><img loading=\"lazy\" decoding=\"async\" class=\"size-medium wp-image-11046 alignleft\" src=\"https:\/\/slaskipegaz.bs.katowice.pl\/wp-content\/uploads\/2017\/06\/DSC_0150-300x200.jpg\" alt=\"INSTRUMENTY\" width=\"300\" height=\"200\" srcset=\"https:\/\/slaskipegaz.bs.katowice.pl\/wp-content\/uploads\/2017\/06\/DSC_0150-300x200.jpg 300w, https:\/\/slaskipegaz.bs.katowice.pl\/wp-content\/uploads\/2017\/06\/DSC_0150-768x512.jpg 768w, https:\/\/slaskipegaz.bs.katowice.pl\/wp-content\/uploads\/2017\/06\/DSC_0150-1024x683.jpg 1024w\" sizes=\"auto, (max-width: 300px) 100vw, 300px\" \/><\/a>9 czerwca w Filii nr 2 dla Dzieci i M\u0142odzie\u017cy Miejskiej i Powiatowej Biblioteki Publicznej w Zawierciu we wsp\u00f3\u0142pracy z Regionalnym O\u015brodkiem Kultury w Cz\u0119stochowie w ramach Mobilnego Uniwersytetu Kultury i Sztuki odby\u0142y si\u0119 warsztaty muzyczne przeprowadzone przez pani\u0105 instruktor ds. muzyki Paulin\u0119 Zarzyck\u0105. <!--more-->Podczas zaj\u0119\u0107 dzieciaki ze Szko\u0142o Podstawowej nr 4 wykonywa\u0142y r\u00f3\u017cne muzyczne \u0107wiczenia, \u015bpiewa\u0142y piosenk\u0119 o \u201eWronie bez ogona\u201d, za pomoc\u0105 \u015bmiechu dowiedzia\u0142y si\u0119 co to jest dynamika d\u017awi\u0119ku, pozna\u0142y gestod\u017awi\u0119ki.<\/p>\n<p>Wiele zabawy i \u015bmiechu wywo\u0142a\u0142o \u0107wiczenie z kr\u00f3tkim zdaniem \u201eWr\u00f3belek Walerek mia\u0142 ma\u0142y werbelek ha ha\u201d. Dzieciaki mia\u0142y go \u015bpiewa\u0107 w r\u00f3\u017cnych tonacjach.<\/p>\n<p><a href=\"https:\/\/slaskipegaz.bs.katowice.pl\/wp-content\/uploads\/2017\/06\/DSC_0153.jpg\" rel=\"attachment wp-att-11047\"><img loading=\"lazy\" decoding=\"async\" class=\"aligncenter size-medium wp-image-11047\" src=\"https:\/\/slaskipegaz.bs.katowice.pl\/wp-content\/uploads\/2017\/06\/DSC_0153-300x200.jpg\" alt=\"spotkanie\" width=\"300\" height=\"200\" srcset=\"https:\/\/slaskipegaz.bs.katowice.pl\/wp-content\/uploads\/2017\/06\/DSC_0153-300x200.jpg 300w, https:\/\/slaskipegaz.bs.katowice.pl\/wp-content\/uploads\/2017\/06\/DSC_0153-768x512.jpg 768w, https:\/\/slaskipegaz.bs.katowice.pl\/wp-content\/uploads\/2017\/06\/DSC_0153-1024x683.jpg 1024w\" sizes=\"auto, (max-width: 300px) 100vw, 300px\" \/><\/a><br \/>\nNast\u0119pnie rozpoznawa\u0142y r\u00f3\u017cne ma\u0142e instrumenty: tamburyno, marakasy, kastaniety, grzechotka, reco-reco, pude\u0142ko akustyczne, bongosy. Z kt\u00f3rych nast\u0119pnie stworzy\u0142y orkiestr\u0119.<\/p>\n<p>Wszystkie dzieci bardzo zadowolone i roz\u015bpiewane wraca\u0142y do szko\u0142y.<\/p>\n<p>Nades\u0142a\u0142a: Miejska i Powiatowa Biblioteka Publiczna w Zawierciu<\/p>\n","protected":false},"excerpt":{"rendered":"<p>Warsztaty muzyczne w Filii nr 2 9 czerwca w Filii nr 2 dla Dzieci i M\u0142odzie\u017cy Miejskiej i Powiatowej Biblioteki Publicznej w Zawierciu we wsp\u00f3\u0142pracy z Regionalnym O\u015brodkiem Kultury w Cz\u0119stochowie w ramach Mobilnego Uniwersytetu Kultury i Sztuki odby\u0142y si\u0119 warsztaty muzyczne przeprowadzone przez pani\u0105 instruktor ds. muzyki Paulin\u0119 Zarzyck\u0105.<\/p>\n","protected":false},"author":3,"featured_media":11047,"comment_status":"closed","ping_status":"closed","sticky":false,"template":"","format":"standard","meta":{"_acf_changed":false,"_exactmetrics_skip_tracking":false,"_exactmetrics_sitenote_active":false,"_exactmetrics_sitenote_note":"","_exactmetrics_sitenote_category":0,"footnotes":""},"categories":[1131],"tags":[110],"class_list":["post-11045","post","type-post","status-publish","format-standard","has-post-thumbnail","hentry","category-nr-34-lipiec-2017","tag-miejska-i-powiatowa-biblioteka-publiczna-w-zawierciu"],"acf":[],"jetpack_featured_media_url":"https:\/\/slaskipegaz.bs.katowice.pl\/wp-content\/uploads\/2017\/06\/DSC_0153.jpg","_links":{"self":[{"href":"https:\/\/slaskipegaz.bs.katowice.pl\/index.php?rest_route=\/wp\/v2\/posts\/11045","targetHints":{"allow":["GET"]}}],"collection":[{"href":"https:\/\/slaskipegaz.bs.katowice.pl\/index.php?rest_route=\/wp\/v2\/posts"}],"about":[{"href":"https:\/\/slaskipegaz.bs.katowice.pl\/index.php?rest_route=\/wp\/v2\/types\/post"}],"author":[{"embeddable":true,"href":"https:\/\/slaskipegaz.bs.katowice.pl\/index.php?rest_route=\/wp\/v2\/users\/3"}],"replies":[{"embeddable":true,"href":"https:\/\/slaskipegaz.bs.katowice.pl\/index.php?rest_route=%2Fwp%2Fv2%2Fcomments&post=11045"}],"version-history":[{"count":1,"href":"https:\/\/slaskipegaz.bs.katowice.pl\/index.php?rest_route=\/wp\/v2\/posts\/11045\/revisions"}],"predecessor-version":[{"id":11048,"href":"https:\/\/slaskipegaz.bs.katowice.pl\/index.php?rest_route=\/wp\/v2\/posts\/11045\/revisions\/11048"}],"wp:featuredmedia":[{"embeddable":true,"href":"https:\/\/slaskipegaz.bs.katowice.pl\/index.php?rest_route=\/wp\/v2\/media\/11047"}],"wp:attachment":[{"href":"https:\/\/slaskipegaz.bs.katowice.pl\/index.php?rest_route=%2Fwp%2Fv2%2Fmedia&parent=11045"}],"wp:term":[{"taxonomy":"category","embeddable":true,"href":"https:\/\/slaskipegaz.bs.katowice.pl\/index.php?rest_route=%2Fwp%2Fv2%2Fcategories&post=11045"},{"taxonomy":"post_tag","embeddable":true,"href":"https:\/\/slaskipegaz.bs.katowice.pl\/index.php?rest_route=%2Fwp%2Fv2%2Ftags&post=11045"}],"curies":[{"name":"wp","href":"https:\/\/api.w.org\/{rel}","templated":true}]}}