{"id":11058,"date":"2017-06-21T08:33:10","date_gmt":"2017-06-21T06:33:10","guid":{"rendered":"http:\/\/slaskipegaz.bs.katowice.pl\/?p=11058"},"modified":"2017-07-18T13:50:00","modified_gmt":"2017-07-18T11:50:00","slug":"relacja-miejska-i-powiatowa-biblioteka-publiczna-w-zawierciu-66","status":"publish","type":"post","link":"https:\/\/slaskipegaz.bs.katowice.pl\/?p=11058","title":{"rendered":"[Relacja] MIEJSKA I POWIATOWA BIBLIOTEKA PUBLICZNA W ZAWIERCIU"},"content":{"rendered":"<h6 style=\"text-align: center;\">Konkurs plastyczny \u201eZawiercie Moje Miasto\u201d<\/h6>\n<p style=\"text-align: left;\">\n<p><a href=\"https:\/\/slaskipegaz.bs.katowice.pl\/wp-content\/uploads\/2017\/06\/DSC_0092.jpg\" rel=\"attachment wp-att-11059\"><img loading=\"lazy\" decoding=\"async\" class=\"size-medium wp-image-11059 alignleft\" src=\"https:\/\/slaskipegaz.bs.katowice.pl\/wp-content\/uploads\/2017\/06\/DSC_0092-300x200.jpg\" alt=\"konkurs\" width=\"300\" height=\"200\" srcset=\"https:\/\/slaskipegaz.bs.katowice.pl\/wp-content\/uploads\/2017\/06\/DSC_0092-300x200.jpg 300w, https:\/\/slaskipegaz.bs.katowice.pl\/wp-content\/uploads\/2017\/06\/DSC_0092-768x512.jpg 768w, https:\/\/slaskipegaz.bs.katowice.pl\/wp-content\/uploads\/2017\/06\/DSC_0092-1024x683.jpg 1024w\" sizes=\"auto, (max-width: 300px) 100vw, 300px\" \/><\/a>7 czerwca w godz. od 14.00 do 16.00 w Filii nr 2 dla Dzieci i M\u0142odzie\u017cy Miejskiej i Powiatowej Biblioteki Publicznej w Zawierciu odby\u0142 si\u0119 Konkurs Plastyczny &#8222;Zawiercie Moje Miasto&#8221;. <!--more-->Impreza towarzyszy\u0142a zbli\u017caj\u0105cym si\u0119 Dniom Zawiercia. Dzieciaki rysowa\u0142y swoje ulubione miejsca z naszego miasta. Na pi\u0119knych pracach przedstawi\u0142y m.in. Pa\u0142acyk Szyma\u0144skiego, Bazylik\u0119 Mniejsz\u0105 p.w. Piotra i Paw\u0142a, Szko\u0142\u0119 Podstawow\u0105 nr 6 oraz Park Miejski. W prezencie za wspania\u0142e rysunki uczestnicy otrzymali pami\u0105tkowe dyplomy oraz nagrody ksi\u0105\u017ckowe, kt\u00f3re wr\u0119czy\u0142 Wiceprezydent Miasta Marek Borowik.<\/p>\n<p style=\"text-align: left;\">Nades\u0142a\u0142a: Miejska i Powiatowa Biblioteka Publiczna w Zawierciu<\/p>\n","protected":false},"excerpt":{"rendered":"<p>Konkurs plastyczny \u201eZawiercie Moje Miasto\u201d 7 czerwca w godz. od 14.00 do 16.00 w Filii nr 2 dla Dzieci i M\u0142odzie\u017cy Miejskiej i Powiatowej Biblioteki Publicznej w Zawierciu odby\u0142 si\u0119 Konkurs Plastyczny &#8222;Zawiercie Moje Miasto&#8221;.<\/p>\n","protected":false},"author":3,"featured_media":11059,"comment_status":"closed","ping_status":"closed","sticky":false,"template":"","format":"standard","meta":{"_acf_changed":false,"_exactmetrics_skip_tracking":false,"_exactmetrics_sitenote_active":false,"_exactmetrics_sitenote_note":"","_exactmetrics_sitenote_category":0,"footnotes":""},"categories":[1131],"tags":[311,110],"class_list":["post-11058","post","type-post","status-publish","format-standard","has-post-thumbnail","hentry","category-nr-34-lipiec-2017","tag-konkurs-plastyczny","tag-miejska-i-powiatowa-biblioteka-publiczna-w-zawierciu"],"acf":[],"jetpack_featured_media_url":"https:\/\/slaskipegaz.bs.katowice.pl\/wp-content\/uploads\/2017\/06\/DSC_0092.jpg","_links":{"self":[{"href":"https:\/\/slaskipegaz.bs.katowice.pl\/index.php?rest_route=\/wp\/v2\/posts\/11058","targetHints":{"allow":["GET"]}}],"collection":[{"href":"https:\/\/slaskipegaz.bs.katowice.pl\/index.php?rest_route=\/wp\/v2\/posts"}],"about":[{"href":"https:\/\/slaskipegaz.bs.katowice.pl\/index.php?rest_route=\/wp\/v2\/types\/post"}],"author":[{"embeddable":true,"href":"https:\/\/slaskipegaz.bs.katowice.pl\/index.php?rest_route=\/wp\/v2\/users\/3"}],"replies":[{"embeddable":true,"href":"https:\/\/slaskipegaz.bs.katowice.pl\/index.php?rest_route=%2Fwp%2Fv2%2Fcomments&post=11058"}],"version-history":[{"count":1,"href":"https:\/\/slaskipegaz.bs.katowice.pl\/index.php?rest_route=\/wp\/v2\/posts\/11058\/revisions"}],"predecessor-version":[{"id":11060,"href":"https:\/\/slaskipegaz.bs.katowice.pl\/index.php?rest_route=\/wp\/v2\/posts\/11058\/revisions\/11060"}],"wp:featuredmedia":[{"embeddable":true,"href":"https:\/\/slaskipegaz.bs.katowice.pl\/index.php?rest_route=\/wp\/v2\/media\/11059"}],"wp:attachment":[{"href":"https:\/\/slaskipegaz.bs.katowice.pl\/index.php?rest_route=%2Fwp%2Fv2%2Fmedia&parent=11058"}],"wp:term":[{"taxonomy":"category","embeddable":true,"href":"https:\/\/slaskipegaz.bs.katowice.pl\/index.php?rest_route=%2Fwp%2Fv2%2Fcategories&post=11058"},{"taxonomy":"post_tag","embeddable":true,"href":"https:\/\/slaskipegaz.bs.katowice.pl\/index.php?rest_route=%2Fwp%2Fv2%2Ftags&post=11058"}],"curies":[{"name":"wp","href":"https:\/\/api.w.org\/{rel}","templated":true}]}}