{"id":11121,"date":"2017-06-23T08:09:09","date_gmt":"2017-06-23T06:09:09","guid":{"rendered":"http:\/\/slaskipegaz.bs.katowice.pl\/?p=11121"},"modified":"2017-06-23T08:09:09","modified_gmt":"2017-06-23T06:09:09","slug":"zapowiedz-miejska-biblioteka-publiczna-w-sosnowcu-76","status":"publish","type":"post","link":"https:\/\/slaskipegaz.bs.katowice.pl\/?p=11121","title":{"rendered":"[Zapowied\u017a] MIEJSKA BIBLIOTEKA PUBLICZNA W SOSNOWCU"},"content":{"rendered":"<h6 style=\"text-align: center;\"><strong>\u00a0\u201eLiteraccy w\u0142adcy fantazji, czyli lato z bibliotek\u0105\u201d <\/strong><\/h6>\n<p><a href=\"https:\/\/slaskipegaz.bs.katowice.pl\/wp-content\/uploads\/2017\/06\/Lato2017.jpg\" rel=\"attachment wp-att-11122\"><img loading=\"lazy\" decoding=\"async\" class=\"size-medium wp-image-11122 alignleft\" src=\"https:\/\/slaskipegaz.bs.katowice.pl\/wp-content\/uploads\/2017\/06\/Lato2017-211x300.jpg\" alt=\"plakat\" width=\"211\" height=\"300\" srcset=\"https:\/\/slaskipegaz.bs.katowice.pl\/wp-content\/uploads\/2017\/06\/Lato2017-211x300.jpg 211w, https:\/\/slaskipegaz.bs.katowice.pl\/wp-content\/uploads\/2017\/06\/Lato2017-768x1094.jpg 768w, https:\/\/slaskipegaz.bs.katowice.pl\/wp-content\/uploads\/2017\/06\/Lato2017-719x1024.jpg 719w, https:\/\/slaskipegaz.bs.katowice.pl\/wp-content\/uploads\/2017\/06\/Lato2017.jpg 800w\" sizes=\"auto, (max-width: 211px) 100vw, 211px\" \/><\/a>Wakacje 2017 w Miejskiej Bibliotece Publicznej w Sosnowcu zapowiadaj\u0105 si\u0119 niezwykle ciekawie. Dlaczego? To za spraw\u0105 organizowanej przez Ksi\u0105\u017cnic\u0119 kolejny rok z rz\u0119du akcji letniej, przeznaczonej specjalnie dla dzieci sp\u0119dzaj\u0105cych wakacje w mie\u015bcie. W ramach trwaj\u0105cego od 1 lipca do 31 sierpnia projektu, na dzieci i nastolatk\u00f3w czeka\u0107 b\u0119dzie fura atrakcji, a wszystkie zaplanowane imprezy kr\u0105\u017cy\u0107 b\u0119d\u0105 wok\u00f3\u0142 jednego tematu FANTASTYKI. \u201eLiteraccy w\u0142adcy fantazji, czyli lato z bibliotek\u0105\u201d \u2013 tak brzmi oficjalny tytu\u0142 akcji, do udzia\u0142u w kt\u00f3rej organizatorzy zapraszaj\u0105 serdecznie ju\u017c dzi\u015b! Wycieczki, warsztaty, spotkania, imprezy plenerowe, konkursy \u2013 i co jeszcze? Zach\u0119camy do zapoznania si\u0119 ze szczeg\u00f3\u0142owym programem.<!--more--><\/p>\n<p><strong>S\u0141\u00d3WKO O PROJEKCIE<\/strong><\/p>\n<p>\u201eLiteraccy w\u0142adcy fantazji, czyli lato z bibliotek\u0105\u201d to interdyscyplinarny projekt wakacyjny dofinansowany przez Ministerstwo Kultury i Dziedzictwa Narodowego w ramach programu \u201ePromocja czytelnictwa\u201d, adresowany do dzieci w wieku 6-15 lat, zach\u0119caj\u0105cy do udzia\u0142u w zaj\u0119ciach, kt\u00f3re poprzez czytanie i kreatywn\u0105 zabaw\u0119 przybli\u017c\u0105 m\u0142odym czytelnikom polsk\u0105 i obc\u0105 literatur\u0119 fantastyczn\u0105. Dzieci \u2013 rami\u0119 w rami\u0119 z bohaterami swych ulubionych ksi\u0105\u017cek fantasy i science fiction, a tak\u017ce legend, ba\u015bni i mit\u00f3w \u2013 przekonaj\u0105 si\u0119 jak niezmierzona jest ludzka wyobra\u017ania! W programie znalaz\u0142y si\u0119 nie tylko arcyciekawe zaj\u0119cia \u015bwietlicowe z pogranicza edukacji i rozrywki, ale przede wszystkim liczne wycieczki, konkursy, projekcje filmowe, warsztaty i spotkania z pisarzami. R\u00f3\u017cnorodne propozycje programowe &#8211; z zakresu literatury, teatru, plastyki, informatyki, nauk \u015bcis\u0142ych, kulinari\u00f3w &#8211; zapewni\u0105 dzieciom interesuj\u0105c\u0105 form\u0119 sp\u0119dzenia wakacyjnego czasu w gronie r\u00f3wie\u015bnik\u00f3w, a tak\u017ce mo\u017cliwo\u015b\u0107 rozwoju pasji czytelniczych, \u0107wiczenia wyobra\u017ani i nauki poprzez zabaw\u0119.<\/p>\n<p>Na wszystkie dzieci, przez ca\u0142e wakacje, czeka\u0107 b\u0119dzie m.in. cykl spotka\u0144 literacko-plastyczno-ruchowych. Zaj\u0119cia odbywa\u0107 si\u0119 b\u0119d\u0105 trzy razy w tygodniu (poniedzia\u0142ki \u2013 zaj\u0119cia literackie, \u015brody \u2013 zaj\u0119cia plastyczne, pi\u0105tki \u2013 zaj\u0119cia sportowo-rekreacyjne). W ka\u017cdym tygodniu uczestnicy akcji przenios\u0105 si\u0119 wraz z bibliotekarzami do innej krainy ze \u015bwiata fantazji, zamieszkanej przez niesamowite stworzenia wykreowane przez najznamienitszych tw\u00f3rc\u00f3w literatury \u2013 polskiej i zagranicznej. M\u0142odzi czytelnicy ka\u017cdej bibliotecznej filii utworz\u0105 Wakacyjne Kluby FUNtastyki, przygotuj\u0105 swoje god\u0142a, by nast\u0119pnie bra\u0107 udzia\u0142 w zaj\u0119ciach literackich, plastycznych i sportowych, grach i zabawach sprawno\u015bciowych, konkursach, zaj\u0119ciach terenowych, karaoke, zabawach z chust\u0105 animacyjn\u0105 i wielu innych atrakcjach.<\/p>\n<p>Zaj\u0119cia w bibliotecznych plac\u00f3wkach uzupe\u0142nia\u0107 b\u0119d\u0105 liczne imprezy towarzysz\u0105ce \u2013 ich szczeg\u00f3\u0142y b\u0119d\u0105 systematycznie publikowane na stronie internetowej Biblioteki.<\/p>\n<p><strong>MAMY SOLIDNE WSPARCIE\u00a0\u00a0\u00a0\u00a0\u00a0\u00a0\u00a0\u00a0\u00a0\u00a0\u00a0\u00a0\u00a0\u00a0 <\/strong><\/p>\n<p>Honorowym patronatem letni\u0105 akcj\u0119 obj\u0105\u0142 Prezydent Miasta Sosnowca \u2013 Arkadiusz Ch\u0119ci\u0144ski. We wsp\u00f3\u0142prac\u0119 zaanga\u017cowali si\u0119: Restauracja Magiel Kulinarny w Sosnowcu, Teatr Zag\u0142\u0119bia w Sosnowcu, Poradnia Psychologiczno-Pedagogiczna nr 2 w Sosnowcu, Garmory Games Studio z Katowic, \u015al\u0105ski Klub Fantastyki z Katowic, Fundacja \u201eDr Clown\u201d (Oddzia\u0142 Sosnowiec), Centrum Informacji Miejskiej w Sosnowcu. Patronat medialny zapewniaj\u0105: Sosnowiec.pl, Sosnowiecki.pl, Wiadomo\u015bci Zag\u0142\u0119bia, CzasDzieci.pl, SilesiaDzieci.pl, DzieckowZag\u0142\u0119biu.pl, Zag\u0142ebie.fm, Kurier Miejski, TVP Katowice; a cz\u0119\u015b\u0107 nagr\u00f3d funduj\u0105: Laserhouse Sosnowiec, Sport Poziom 450 w Sosnowcu, Wydawnictwo Literatura z \u0141odzi, Wydawnictwo Media Rodzina z Poznania, CzasDzieci.pl, DzieckowZag\u0142\u0119biu.pl, Sala Zabaw Kangurek w Sosnowcu, najwi\u0119kszy polski sklep z grami REBEL z Gda\u0144ska oraz Pracownia Reklamy Lemongrass w Sosnowcu.<\/p>\n<p><strong>Kalendarium imprez:<\/strong><\/p>\n<p>Literaccy w\u0142adcy fantazji, czyli lato z bibliotek\u0105 \u2013 cykl spotka\u0144 literacko-plastyczno-ruchowych (poniedzia\u0142ki, \u015brody, pi\u0105tki)<\/p>\n<p>Oddzia\u0142 dla Dzieci i M\u0142odzie\u017cy: w godz. 11.00-12.30<\/p>\n<p>Biblioteka Dzieci\u0119ca \u201eTajemniczy ogr\u00f3d\u201d: w godz. 11.00-12.00<\/p>\n<p>Filia nr 1 \u015arodula: w godz. 12.00-13.00<\/p>\n<p>Filia nr 2 Rudna IV: w godz. 12.00-13.00<\/p>\n<p>Filia nr 3 Klimont\u00f3w: w godz. 11.00-12.00<\/p>\n<p>Filia nr 4 Sielec: w godz. 10.30-11.30<\/p>\n<p>Filia nr 5 Walcownia: w godz. 10.00-11.00<\/p>\n<p>Filia nr 6 Niwka: w godz. 11.00-12.30<\/p>\n<p>Filia nr 7 Da\u0144d\u00f3wka: w godz. 10.00-11.00<\/p>\n<p>Filia nr 10 Kazimierz G\u00f3rniczy: w godz. 10.30-12.00<\/p>\n<p>Filia nr 11 Ostrowy G\u00f3rnicze: w godz. 12.00-13.00<\/p>\n<p>Filia nr 12 Por\u0105bka: w godz. pn 10.00-12.30; \u015br, pt 15.00-16.30<\/p>\n<p>Filia nr 13 Maczki: w godz.12.00-14.00<\/p>\n<p>Filia nr 14 Zag\u00f3rze: w godz. 11.00-12.00<\/p>\n<p>Filia nr 15 Mec: w godz. 13.00-14.00<\/p>\n<p>Filia nr 18 Juliusz: w godz. 10.00-11.30<\/p>\n<p>Filia nr 19 Milowice: w godz. 10.00-11.00<\/p>\n<p>Filia nr 20 Stary Sosnowiec: w godz. 11.00-12.30<\/p>\n<p><strong>Fantastyczna Akademia Literatury<\/strong><\/p>\n<p><strong>Spotkania autorskie:<\/strong><\/p>\n<p>Beata Ostrowicka \u2013 7 lipca 2017, godz. 11.00 \u2013 Filia nr 14, ul. Zapa\u0142y 10<\/p>\n<p>Izabela Skorupka \u2013 11 sierpnia 2017, godz. 12.00 \u2013 Filia nr 4, ul. Zamkowa 9<\/p>\n<p>Rafa\u0142 Witek &#8211; 25 sierpnia 2017, godz. 11.00 \u2013 Filia nr 5, ul. Maliny 39<\/p>\n<p><strong>Imprezy towarzysz\u0105ce:<\/strong><\/p>\n<p><strong>Fantastyka po polsku<\/strong> <strong>\u2013 wernisa\u017c wystawy:\u00a0<\/strong>5 lipca 2017, godz. 11.00 \u2013 Filia nr 1, ul. Kossaka 10a<\/p>\n<p><strong>Wycieczka do Parku Ogrodzieniec:\u00a0<\/strong>13 lipca 2017, godz. 10.00 (zapisy)<\/p>\n<p><strong>Fantastyczny \u015bwiat gier komputerowych \u2013 warsztaty programowania z Garmory:\u00a0<\/strong>17, 18, 19, 20, 21 lipca 2017, godz. 10.00 \u2013 Filia nr 15, ul. Kisielewskiego 9a (zapisy)<\/p>\n<p><strong>\u00a0<\/strong><strong>Warsztaty w Ogrodzie Do\u015bwiadcze\u0144 im. S. Lema w Krakowie\u00a0 \u2013 wycieczka:\u00a0<\/strong>20 lipca 2017, godz. 10.40 (zapisy)<\/p>\n<p><strong>Czy to Batman czy Smerfetka \u2013 namaluje twoja kredka \u2013 warsztaty z ilustratorem Adamem W\u00f3jcickim:\u00a0<\/strong>24 lipca 2017, godz. 11.00 \u2013 Filia nr 7 \u201eBibliosfera\u201d, ul. Kalinowa<\/p>\n<p><strong>Trzy noce w \u015ar\u00f3dziemiu<\/strong> <strong>\u2013 projekcje filmowe\u00a0:\u00a0<\/strong>26, 27, 28 lipca 2017, godz. 17.00 \u2013 Oddzia\u0142 dla Dzieci i M\u0142odzie\u017cy, ul. Parkowa 1a (zapisy)<\/p>\n<p><strong>Rekordowy UFOGIGANT \u2013 impreza plastyczna:\u00a0<\/strong>2 sierpnia 2017, godz. 10.00 \u2013 Oddzia\u0142 dla Dzieci i M\u0142odzie\u017cy, ul. Parkowa 1a<\/p>\n<p><strong>Uwa\u017caj Automateuszu! \u2013 fantastyczna noc w bibliotece:\u00a0<\/strong>4\/5 sierpnia 2017, godz. 20.00 \u2013 6.00 \u2013 Filia nr 15, ul. Kisielewskiego 9a (zapisy)<\/p>\n<p><strong>\u00a0<\/strong><strong>Fantastyczny Sosnowiec \u2013 gra miejska:\u00a0<\/strong>8 sierpnia 2017, godz. 10.00 \u2013 start Oddzia\u0142 dla Dzieci i M\u0142odzie\u017cy, ul. Parkowa 1A; meta Plac Stulecia \u201ePatelnia\u201d (zapisy)<\/p>\n<p><strong>Wielki Turniej Wiedzy o Harrym Potterze \u2013 konkurs wiedzy o m\u0142odym czarodzieju:\u00a0<\/strong>10 sierpnia 2017, godz. 10.00 \u2013 Biblioteka Dzieci\u0119ca \u201dTajemniczy Ogr\u00f3d\u201d, ul. Grota Roweckiego 23<\/p>\n<p><strong>W magicznym \u015bwiecie za kurtyn\u0105 \u2013 warsztaty teatralne z aktorami Teatru Zag\u0142\u0119bia:\u00a0<\/strong>16, 18, 21, 25 sierpnia 2017, godz. 14.30 \u2013 Filia nr 20, ul. Pi\u0142sudskiego 19 (zapisy)<\/p>\n<p><strong>O czym wiedzia\u0142 Kapitan Nemo? Z wizyt\u0105 w Hydropolis we Wroc\u0142awiu \u2013 wycieczka:\u00a0<\/strong>17 sierpnia 2017, godz. 10.00 (zapisy)<\/p>\n<p><strong>W spi\u017carni Bilbo Bagginsa \u2013 warsztaty kulinarne:\u00a0<\/strong>23 sierpnia 2017, godz. 12.00 \u2013 Restauracja Magiel Kulinarny, ul Warszawska 5A (zapisy)<\/p>\n<p><strong>W niesamowitym \u015bwiecie gier planszowych \u2013 turniej gier planszowych ze \u015al\u0105skim Klubem Fantastyki:\u00a0<\/strong>28 sierpnia 2017, godz. 11.00 \u2013 Filia nr 2, ul. Gospodarcza 32<\/p>\n<p><strong>Festyn w kolorze blue, czyli Smerfy zapraszaj\u0105 \u2013 fina\u0142 akcji lato, impreza plenerowa:\u00a0<\/strong>31 sierpnia 2017, godz. 11.00 &#8211; Filia nr 20, ul. Pi\u0142sudskiego 19<\/p>\n<p>&nbsp;<\/p>\n<p><strong>Konkursy:<\/strong><strong>\u00a0<\/strong><\/p>\n<p>W \u015bwiecie nieograniczonej wyobra\u017ani \u2013 konkurs literacki<\/p>\n<p>Od Piotrusia Pana do Batmana, czyli leksykon wiedzy o\u2026 &#8211; konkurs plastyczno-literacki<\/p>\n<p>Plastycznie \u2013 fantastycznie \u2013 konkurs plastyczny<\/p>\n<p>Biblioteczny EKOrobot \u2013 og\u00f3lnobiblioteczny konkurs dru\u017cynowy<\/p>\n<p>&nbsp;<\/p>\n<p>Organizator zastrzega sobie prawo do zmian w harmonogramie akcji letniej.<\/p>\n<p><u>Uwaga <\/u>\u2013 pierwsze\u0144stwo udzia\u0142u w imprezach, na kt\u00f3rych obowi\u0105zuj\u0105 zapisy, maj\u0105 dzieci bior\u0105ce aktywny udzia\u0142 w zaj\u0119ciach prowadzonych w plac\u00f3wkach MBP.<\/p>\n","protected":false},"excerpt":{"rendered":"<p>\u00a0\u201eLiteraccy w\u0142adcy fantazji, czyli lato z bibliotek\u0105\u201d Wakacje 2017 w Miejskiej Bibliotece Publicznej w Sosnowcu zapowiadaj\u0105 si\u0119 niezwykle ciekawie. Dlaczego? To za spraw\u0105 organizowanej przez Ksi\u0105\u017cnic\u0119 kolejny rok z rz\u0119du akcji letniej, przeznaczonej specjalnie dla dzieci sp\u0119dzaj\u0105cych wakacje w mie\u015bcie. W ramach trwaj\u0105cego od 1 lipca do 31 sierpnia projektu, na dzieci i nastolatk\u00f3w czeka\u0107 &hellip; <a href=\"https:\/\/slaskipegaz.bs.katowice.pl\/?p=11121\" class=\"more-link\">Czytaj dalej <span class=\"screen-reader-text\">[Zapowied\u017a] MIEJSKA BIBLIOTEKA PUBLICZNA W SOSNOWCU<\/span> <span class=\"meta-nav\">&rarr;<\/span><\/a><\/p>\n","protected":false},"author":3,"featured_media":0,"comment_status":"open","ping_status":"open","sticky":false,"template":"","format":"standard","meta":{"_acf_changed":false,"_exactmetrics_skip_tracking":false,"_exactmetrics_sitenote_active":false,"_exactmetrics_sitenote_note":"","_exactmetrics_sitenote_category":0,"footnotes":""},"categories":[6],"tags":[1153,146,304],"class_list":["post-11121","post","type-post","status-publish","format-standard","hentry","category-aktualnosci","tag-literaccy-wladcy-fantazji","tag-miejska-biblioteka-publiczna-w-sosnowcu","tag-wakacje-w-bibliotece"],"acf":[],"jetpack_featured_media_url":"","_links":{"self":[{"href":"https:\/\/slaskipegaz.bs.katowice.pl\/index.php?rest_route=\/wp\/v2\/posts\/11121","targetHints":{"allow":["GET"]}}],"collection":[{"href":"https:\/\/slaskipegaz.bs.katowice.pl\/index.php?rest_route=\/wp\/v2\/posts"}],"about":[{"href":"https:\/\/slaskipegaz.bs.katowice.pl\/index.php?rest_route=\/wp\/v2\/types\/post"}],"author":[{"embeddable":true,"href":"https:\/\/slaskipegaz.bs.katowice.pl\/index.php?rest_route=\/wp\/v2\/users\/3"}],"replies":[{"embeddable":true,"href":"https:\/\/slaskipegaz.bs.katowice.pl\/index.php?rest_route=%2Fwp%2Fv2%2Fcomments&post=11121"}],"version-history":[{"count":1,"href":"https:\/\/slaskipegaz.bs.katowice.pl\/index.php?rest_route=\/wp\/v2\/posts\/11121\/revisions"}],"predecessor-version":[{"id":11123,"href":"https:\/\/slaskipegaz.bs.katowice.pl\/index.php?rest_route=\/wp\/v2\/posts\/11121\/revisions\/11123"}],"wp:attachment":[{"href":"https:\/\/slaskipegaz.bs.katowice.pl\/index.php?rest_route=%2Fwp%2Fv2%2Fmedia&parent=11121"}],"wp:term":[{"taxonomy":"category","embeddable":true,"href":"https:\/\/slaskipegaz.bs.katowice.pl\/index.php?rest_route=%2Fwp%2Fv2%2Fcategories&post=11121"},{"taxonomy":"post_tag","embeddable":true,"href":"https:\/\/slaskipegaz.bs.katowice.pl\/index.php?rest_route=%2Fwp%2Fv2%2Ftags&post=11121"}],"curies":[{"name":"wp","href":"https:\/\/api.w.org\/{rel}","templated":true}]}}