{"id":11561,"date":"2017-09-12T13:53:41","date_gmt":"2017-09-12T11:53:41","guid":{"rendered":"http:\/\/slaskipegaz.bs.katowice.pl\/?p=11561"},"modified":"2017-09-18T08:32:18","modified_gmt":"2017-09-18T06:32:18","slug":"relacja-miejska-biblioteka-publiczna-w-piekarach-slaskich-10","status":"publish","type":"post","link":"https:\/\/slaskipegaz.bs.katowice.pl\/?p=11561","title":{"rendered":"[Relacja] MIEJSKA BIBLIOTEKA PUBLICZNA W PIEKARACH \u015aL\u0104SKICH"},"content":{"rendered":"<h6 style=\"text-align: center;\"><strong>Po czcionce do ksi\u0105\u017cki \u2013 warsztaty papiernicze i drukarskie<\/strong><\/h6>\n<p><a href=\"https:\/\/slaskipegaz.bs.katowice.pl\/wp-content\/uploads\/2017\/09\/DSC09291.jpg\" rel=\"attachment wp-att-11562\"><img loading=\"lazy\" decoding=\"async\" class=\"size-medium wp-image-11562 alignleft\" src=\"https:\/\/slaskipegaz.bs.katowice.pl\/wp-content\/uploads\/2017\/09\/DSC09291-300x225.jpg\" alt=\"piecz\u0105tki\" width=\"300\" height=\"225\" srcset=\"https:\/\/slaskipegaz.bs.katowice.pl\/wp-content\/uploads\/2017\/09\/DSC09291-300x225.jpg 300w, https:\/\/slaskipegaz.bs.katowice.pl\/wp-content\/uploads\/2017\/09\/DSC09291-768x576.jpg 768w, https:\/\/slaskipegaz.bs.katowice.pl\/wp-content\/uploads\/2017\/09\/DSC09291-1024x768.jpg 1024w, https:\/\/slaskipegaz.bs.katowice.pl\/wp-content\/uploads\/2017\/09\/DSC09291.jpg 1600w\" sizes=\"auto, (max-width: 300px) 100vw, 300px\" \/><\/a>W 2017 roku Miejska Biblioteka Publiczna w Piekarach \u015al\u0105skich realizuje projekt \u201ePo czcionce do ksi\u0105\u017cki\u201d po\u015bwi\u0119cony \u017cyciu i dzia\u0142alno\u015bci Teodora Heneczka, kt\u00f3ry w tym roku g\u0142osami Rady Miasta zosta\u0142 okrzykni\u0119ty patronem biblioteki. Ju\u017c 19 pa\u017adziernika 2017 odb\u0119d\u0105 si\u0119 w piekarskiej bibliotece oficjalne uroczysto\u015bci zwi\u0105zane z tym wydarzeniem, o czym b\u0119dziemy pisali w kolejnych numerach \u015al\u0105skiego Pegaza.<!--more--><\/p>\n<p>Mo\u017cna powiedzie\u0107, \u017ce jeste\u015bmy ju\u017c na p\u00f3\u0142metku realizacji projektu. Trwaj\u0105 prace merytoryczne nad przygotowaniem wystawy i rekonstrukcj\u0105 XIX-wiecznej czcionki, ale dotychczasowym, najbardziej widowiskowym wydarzeniem by\u0142y warsztaty papiernicze i drukarskie prowadzone przez Czerpalni\u0119 papieru \u201eKalander\u201d z Gliwic. W zaj\u0119ciach wzi\u0119\u0142o udzia\u0142 ok. 200 dzieci, kt\u00f3re mia\u0142y okazj\u0119 pozna\u0107 tajniki czerpania i barwienia papieru, kaligrafowania, ilustrowania oraz drukowania metodami tradycyjnymi. Warsztaty odbywa\u0142y si\u0119 w scenerii przypominaj\u0105cej \u015bredniowieczn\u0105 i nowo\u017cytn\u0105 epok\u0119 i moguncki warsztat prekursora drukarstwa Jana Gutenberga.<\/p>\n<p><a href=\"https:\/\/slaskipegaz.bs.katowice.pl\/wp-content\/uploads\/2017\/09\/DSC09135.jpg\" rel=\"attachment wp-att-11563\"><img loading=\"lazy\" decoding=\"async\" class=\"aligncenter size-medium wp-image-11563\" src=\"https:\/\/slaskipegaz.bs.katowice.pl\/wp-content\/uploads\/2017\/09\/DSC09135-300x225.jpg\" alt=\"bania\" width=\"300\" height=\"225\" srcset=\"https:\/\/slaskipegaz.bs.katowice.pl\/wp-content\/uploads\/2017\/09\/DSC09135-300x225.jpg 300w, https:\/\/slaskipegaz.bs.katowice.pl\/wp-content\/uploads\/2017\/09\/DSC09135-768x576.jpg 768w, https:\/\/slaskipegaz.bs.katowice.pl\/wp-content\/uploads\/2017\/09\/DSC09135-1024x768.jpg 1024w, https:\/\/slaskipegaz.bs.katowice.pl\/wp-content\/uploads\/2017\/09\/DSC09135.jpg 1600w\" sizes=\"auto, (max-width: 300px) 100vw, 300px\" \/><\/a><\/p>\n<p>Instruktorzy prowadz\u0105cy zaj\u0119cia przyodziali specjalne stroje mnich\u00f3w i rzemie\u015blnik\u00f3w i prowadzili uczestnik\u00f3w przez kolejne etapy powstawania i ozdabiania papieru oraz ksi\u0105\u017cki.\u00a0 Ka\u017cdy z uczestnik\u00f3w m\u00f3g\u0142 spr\u00f3bowa\u0107 swoich si\u0142 z sitem papierniczym i kadzi\u0105, wierszownikiem i pras\u0105 drukarsk\u0105, g\u0119sim pi\u00f3rem i tuszem, a tak\u017ce piecz\u0119ci\u0105 lakow\u0105.<\/p>\n<p><a href=\"https:\/\/slaskipegaz.bs.katowice.pl\/wp-content\/uploads\/2017\/09\/DSC09137.jpg\" rel=\"attachment wp-att-11564\"><img loading=\"lazy\" decoding=\"async\" class=\"aligncenter size-medium wp-image-11564\" src=\"https:\/\/slaskipegaz.bs.katowice.pl\/wp-content\/uploads\/2017\/09\/DSC09137-225x300.jpg\" alt=\"nasiona\" width=\"225\" height=\"300\" srcset=\"https:\/\/slaskipegaz.bs.katowice.pl\/wp-content\/uploads\/2017\/09\/DSC09137-225x300.jpg 225w, https:\/\/slaskipegaz.bs.katowice.pl\/wp-content\/uploads\/2017\/09\/DSC09137-768x1024.jpg 768w, https:\/\/slaskipegaz.bs.katowice.pl\/wp-content\/uploads\/2017\/09\/DSC09137.jpg 1200w\" sizes=\"auto, (max-width: 225px) 100vw, 225px\" \/><\/a><\/p>\n<p>Pod koniec sierpnia og\u0142osili\u015bmy konkurs historyczno-literacki dla dzieci i m\u0142odzie\u017cy pt. \u201eLegenda o piekarskim drukarzu\u201d, w trakcie kt\u00f3rego uczniowie z regionu mog\u0105 wykorzysta\u0107 zdobyt\u0105 na warsztatach wiedz\u0119, przenie\u015b\u0107 j\u0105 do XIX-wiecznych reali\u00f3w i pochwali\u0107 si\u0119 kilkustronicowym tekstem z w\u0142asnym wyobra\u017ceniem sylwetki piekarskiego drukarza, wydawcy i redaktora Teodora Heneczka, kt\u00f3ry ca\u0142\u0105 swoj\u0105 prac\u0119 zawodow\u0105 sp\u0119dzi\u0142 w Piekarach, w\u00f3wczas Niemieckich Piekarach.<\/p>\n<p><a href=\"https:\/\/slaskipegaz.bs.katowice.pl\/wp-content\/uploads\/2017\/09\/DSC09177.jpg\" rel=\"attachment wp-att-11565\"><img loading=\"lazy\" decoding=\"async\" class=\"aligncenter size-medium wp-image-11565\" src=\"https:\/\/slaskipegaz.bs.katowice.pl\/wp-content\/uploads\/2017\/09\/DSC09177-300x225.jpg\" alt=\"piecz\u0105tki\" width=\"300\" height=\"225\" srcset=\"https:\/\/slaskipegaz.bs.katowice.pl\/wp-content\/uploads\/2017\/09\/DSC09177-300x225.jpg 300w, https:\/\/slaskipegaz.bs.katowice.pl\/wp-content\/uploads\/2017\/09\/DSC09177-768x576.jpg 768w, https:\/\/slaskipegaz.bs.katowice.pl\/wp-content\/uploads\/2017\/09\/DSC09177-1024x768.jpg 1024w, https:\/\/slaskipegaz.bs.katowice.pl\/wp-content\/uploads\/2017\/09\/DSC09177.jpg 1600w\" sizes=\"auto, (max-width: 300px) 100vw, 300px\" \/><\/a><\/p>\n<p>Wszystkich mi\u0142o\u015bnik\u00f3w g\u00f3rno\u015bl\u0105skiego drukarstwa zapraszamy do naszej biblioteki 19 pa\u017adziernika 2017, o godz. 17:00 na wydarzenie z okazji 200. rocznicy urodzin oraz 170. otwarcia przez Teodora Heneczka pierwszej polskiej drukarni w Piekarach. Szczeg\u00f3\u0142owy program wydarzenia w nast\u0119pnym artykule w \u015al\u0105skim Pegazie.<\/p>\n<p>&nbsp;<\/p>\n<p>Nades\u0142a\u0142: \u0141ukasz \u017bywulski,\u00a0Instruktor Miejskiej Biblioteki\u00a0\u00a0Publicznej w Piekarach \u015al\u0105skich<\/p>\n<p>&nbsp;<\/p>\n","protected":false},"excerpt":{"rendered":"<p>Po czcionce do ksi\u0105\u017cki \u2013 warsztaty papiernicze i drukarskie W 2017 roku Miejska Biblioteka Publiczna w Piekarach \u015al\u0105skich realizuje projekt \u201ePo czcionce do ksi\u0105\u017cki\u201d po\u015bwi\u0119cony \u017cyciu i dzia\u0142alno\u015bci Teodora Heneczka, kt\u00f3ry w tym roku g\u0142osami Rady Miasta zosta\u0142 okrzykni\u0119ty patronem biblioteki. Ju\u017c 19 pa\u017adziernika 2017 odb\u0119d\u0105 si\u0119 w piekarskiej bibliotece oficjalne uroczysto\u015bci zwi\u0105zane z tym &hellip; <a href=\"https:\/\/slaskipegaz.bs.katowice.pl\/?p=11561\" class=\"more-link\">Czytaj dalej <span class=\"screen-reader-text\">[Relacja] MIEJSKA BIBLIOTEKA PUBLICZNA W PIEKARACH \u015aL\u0104SKICH<\/span> <span class=\"meta-nav\">&rarr;<\/span><\/a><\/p>\n","protected":false},"author":3,"featured_media":11563,"comment_status":"closed","ping_status":"closed","sticky":false,"template":"","format":"standard","meta":{"_acf_changed":false,"_exactmetrics_skip_tracking":false,"_exactmetrics_sitenote_active":false,"_exactmetrics_sitenote_note":"","_exactmetrics_sitenote_category":0,"footnotes":""},"categories":[1191],"tags":[309,1103,174],"class_list":["post-11561","post","type-post","status-publish","format-standard","has-post-thumbnail","hentry","category-nr-36-wrzesien-2017","tag-miejska-biblioteka-publiczna-w-piekarach-slaskich","tag-po-czcionce-do-ksiazki-sladami-piekarskiego-drukarza-teodora-heneczka","tag-warsztaty-dla-dzieci"],"acf":[],"jetpack_featured_media_url":"https:\/\/slaskipegaz.bs.katowice.pl\/wp-content\/uploads\/2017\/09\/DSC09135.jpg","_links":{"self":[{"href":"https:\/\/slaskipegaz.bs.katowice.pl\/index.php?rest_route=\/wp\/v2\/posts\/11561","targetHints":{"allow":["GET"]}}],"collection":[{"href":"https:\/\/slaskipegaz.bs.katowice.pl\/index.php?rest_route=\/wp\/v2\/posts"}],"about":[{"href":"https:\/\/slaskipegaz.bs.katowice.pl\/index.php?rest_route=\/wp\/v2\/types\/post"}],"author":[{"embeddable":true,"href":"https:\/\/slaskipegaz.bs.katowice.pl\/index.php?rest_route=\/wp\/v2\/users\/3"}],"replies":[{"embeddable":true,"href":"https:\/\/slaskipegaz.bs.katowice.pl\/index.php?rest_route=%2Fwp%2Fv2%2Fcomments&post=11561"}],"version-history":[{"count":2,"href":"https:\/\/slaskipegaz.bs.katowice.pl\/index.php?rest_route=\/wp\/v2\/posts\/11561\/revisions"}],"predecessor-version":[{"id":11584,"href":"https:\/\/slaskipegaz.bs.katowice.pl\/index.php?rest_route=\/wp\/v2\/posts\/11561\/revisions\/11584"}],"wp:featuredmedia":[{"embeddable":true,"href":"https:\/\/slaskipegaz.bs.katowice.pl\/index.php?rest_route=\/wp\/v2\/media\/11563"}],"wp:attachment":[{"href":"https:\/\/slaskipegaz.bs.katowice.pl\/index.php?rest_route=%2Fwp%2Fv2%2Fmedia&parent=11561"}],"wp:term":[{"taxonomy":"category","embeddable":true,"href":"https:\/\/slaskipegaz.bs.katowice.pl\/index.php?rest_route=%2Fwp%2Fv2%2Fcategories&post=11561"},{"taxonomy":"post_tag","embeddable":true,"href":"https:\/\/slaskipegaz.bs.katowice.pl\/index.php?rest_route=%2Fwp%2Fv2%2Ftags&post=11561"}],"curies":[{"name":"wp","href":"https:\/\/api.w.org\/{rel}","templated":true}]}}