{"id":11685,"date":"2017-10-02T09:56:12","date_gmt":"2017-10-02T07:56:12","guid":{"rendered":"http:\/\/slaskipegaz.bs.katowice.pl\/?p=11685"},"modified":"2017-10-02T09:56:12","modified_gmt":"2017-10-02T07:56:12","slug":"relacja-miejska-i-powiatowa-biblioteka-publiczna-w-zawierciu-70","status":"publish","type":"post","link":"https:\/\/slaskipegaz.bs.katowice.pl\/?p=11685","title":{"rendered":"[Relacja] MIEJSKA I POWIATOWA BIBLIOTEKA PUBLICZNA W ZAWIERCIU"},"content":{"rendered":"<h6 style=\"text-align: center;\">Narodowe Czytanie \u201eWesela\u201d Stanis\u0142awa Wyspia\u0144skiego<\/h6>\n<p style=\"text-align: left;\"><a href=\"https:\/\/slaskipegaz.bs.katowice.pl\/wp-content\/uploads\/2017\/10\/DSC_0214.jpg\" rel=\"attachment wp-att-11686\"><img loading=\"lazy\" decoding=\"async\" class=\"size-medium wp-image-11686 alignleft\" src=\"https:\/\/slaskipegaz.bs.katowice.pl\/wp-content\/uploads\/2017\/10\/DSC_0214-300x200.jpg\" alt=\"DYREKTORKA\" width=\"300\" height=\"200\" srcset=\"https:\/\/slaskipegaz.bs.katowice.pl\/wp-content\/uploads\/2017\/10\/DSC_0214-300x200.jpg 300w, https:\/\/slaskipegaz.bs.katowice.pl\/wp-content\/uploads\/2017\/10\/DSC_0214-768x512.jpg 768w, https:\/\/slaskipegaz.bs.katowice.pl\/wp-content\/uploads\/2017\/10\/DSC_0214-1024x683.jpg 1024w\" sizes=\"auto, (max-width: 300px) 100vw, 300px\" \/><\/a>W ca\u0142ym kraju 2 wrze\u015bnia odby\u0142o si\u0119 Narodowe Czytanie \u201eWesela\u201d Stanis\u0142awa Wyspia\u0144skiego. Miejska i Powiatowa Biblioteka Publiczna w Zawierciu r\u00f3wnie\u017c w\u0142\u0105czy\u0142a si\u0119 do tej akcji. Z powodu niekorzystnych warunk\u00f3w atmosferycznych impreza zosta\u0142a przeniesiona do siedziby biblioteki. <!--more-->Ju\u017c od godziny 10:00 rozpocz\u0119to czytanie. W\u015br\u00f3d zaproszonych go\u015bci czytali min. wiceprezydenci Marek Borowik i \u0141ukasz Konarski, rzecznik prasowy Marcin Wojciechowski i Micha\u0142 Ole\u015b z UM, s\u0142uchacze Uniwersytetu Trzeciego Wieku wraz z J\u00f3zefem Nied\u017awiedzkim, a tak\u017ce pracownicy biblioteki i zebrani go\u015bcie.<\/p>\n<p style=\"text-align: left;\"><a href=\"https:\/\/slaskipegaz.bs.katowice.pl\/wp-content\/uploads\/2017\/10\/DSC_0231.jpg\" rel=\"attachment wp-att-11687\"><img loading=\"lazy\" decoding=\"async\" class=\"aligncenter size-medium wp-image-11687\" src=\"https:\/\/slaskipegaz.bs.katowice.pl\/wp-content\/uploads\/2017\/10\/DSC_0231-300x200.jpg\" alt=\"go\u015bcie\" width=\"300\" height=\"200\" srcset=\"https:\/\/slaskipegaz.bs.katowice.pl\/wp-content\/uploads\/2017\/10\/DSC_0231-300x200.jpg 300w, https:\/\/slaskipegaz.bs.katowice.pl\/wp-content\/uploads\/2017\/10\/DSC_0231-768x512.jpg 768w, https:\/\/slaskipegaz.bs.katowice.pl\/wp-content\/uploads\/2017\/10\/DSC_0231-1024x683.jpg 1024w\" sizes=\"auto, (max-width: 300px) 100vw, 300px\" \/><\/a><\/p>\n<p style=\"text-align: left;\">Zosta\u0142y odczytane 1 i 3 akt dramatu, a urozmaici\u0142o je wykonanie muzyczne uczennic z I LO im Stefana \u017beromskiego w Zawierciu. Bardzo dzi\u0119kujemy za udzia\u0142. Kolejne Narodowe Czytanie ju\u017c za rok.<\/p>\n<p style=\"text-align: left;\"><a href=\"https:\/\/slaskipegaz.bs.katowice.pl\/wp-content\/uploads\/2017\/10\/DSC_0254.jpg\" rel=\"attachment wp-att-11688\"><img loading=\"lazy\" decoding=\"async\" class=\"aligncenter size-medium wp-image-11688\" src=\"https:\/\/slaskipegaz.bs.katowice.pl\/wp-content\/uploads\/2017\/10\/DSC_0254-300x200.jpg\" alt=\"sala\" width=\"300\" height=\"200\" srcset=\"https:\/\/slaskipegaz.bs.katowice.pl\/wp-content\/uploads\/2017\/10\/DSC_0254-300x200.jpg 300w, https:\/\/slaskipegaz.bs.katowice.pl\/wp-content\/uploads\/2017\/10\/DSC_0254-768x512.jpg 768w, https:\/\/slaskipegaz.bs.katowice.pl\/wp-content\/uploads\/2017\/10\/DSC_0254-1024x683.jpg 1024w\" sizes=\"auto, (max-width: 300px) 100vw, 300px\" \/><\/a><\/p>\n<p style=\"text-align: left;\">Nades\u0142a\u0142a: Miejska i Powiatowa Biblioteka Publiczna w Zawierciu<\/p>\n","protected":false},"excerpt":{"rendered":"<p>Narodowe Czytanie \u201eWesela\u201d Stanis\u0142awa Wyspia\u0144skiego W ca\u0142ym kraju 2 wrze\u015bnia odby\u0142o si\u0119 Narodowe Czytanie \u201eWesela\u201d Stanis\u0142awa Wyspia\u0144skiego. Miejska i Powiatowa Biblioteka Publiczna w Zawierciu r\u00f3wnie\u017c w\u0142\u0105czy\u0142a si\u0119 do tej akcji. Z powodu niekorzystnych warunk\u00f3w atmosferycznych impreza zosta\u0142a przeniesiona do siedziby biblioteki.<\/p>\n","protected":false},"author":3,"featured_media":11687,"comment_status":"closed","ping_status":"closed","sticky":false,"template":"","format":"standard","meta":{"_acf_changed":false,"_exactmetrics_skip_tracking":false,"_exactmetrics_sitenote_active":false,"_exactmetrics_sitenote_note":"","_exactmetrics_sitenote_category":0,"footnotes":""},"categories":[1197],"tags":[1203,110,1199],"class_list":["post-11685","post","type-post","status-publish","format-standard","has-post-thumbnail","hentry","category-nr-37-pazdziernik-2017","tag-wesele-stanislawa-wyspianskiego","tag-miejska-i-powiatowa-biblioteka-publiczna-w-zawierciu","tag-narodowe-czytanie-2017"],"acf":[],"jetpack_featured_media_url":"https:\/\/slaskipegaz.bs.katowice.pl\/wp-content\/uploads\/2017\/10\/DSC_0231.jpg","_links":{"self":[{"href":"https:\/\/slaskipegaz.bs.katowice.pl\/index.php?rest_route=\/wp\/v2\/posts\/11685","targetHints":{"allow":["GET"]}}],"collection":[{"href":"https:\/\/slaskipegaz.bs.katowice.pl\/index.php?rest_route=\/wp\/v2\/posts"}],"about":[{"href":"https:\/\/slaskipegaz.bs.katowice.pl\/index.php?rest_route=\/wp\/v2\/types\/post"}],"author":[{"embeddable":true,"href":"https:\/\/slaskipegaz.bs.katowice.pl\/index.php?rest_route=\/wp\/v2\/users\/3"}],"replies":[{"embeddable":true,"href":"https:\/\/slaskipegaz.bs.katowice.pl\/index.php?rest_route=%2Fwp%2Fv2%2Fcomments&post=11685"}],"version-history":[{"count":1,"href":"https:\/\/slaskipegaz.bs.katowice.pl\/index.php?rest_route=\/wp\/v2\/posts\/11685\/revisions"}],"predecessor-version":[{"id":11689,"href":"https:\/\/slaskipegaz.bs.katowice.pl\/index.php?rest_route=\/wp\/v2\/posts\/11685\/revisions\/11689"}],"wp:featuredmedia":[{"embeddable":true,"href":"https:\/\/slaskipegaz.bs.katowice.pl\/index.php?rest_route=\/wp\/v2\/media\/11687"}],"wp:attachment":[{"href":"https:\/\/slaskipegaz.bs.katowice.pl\/index.php?rest_route=%2Fwp%2Fv2%2Fmedia&parent=11685"}],"wp:term":[{"taxonomy":"category","embeddable":true,"href":"https:\/\/slaskipegaz.bs.katowice.pl\/index.php?rest_route=%2Fwp%2Fv2%2Fcategories&post=11685"},{"taxonomy":"post_tag","embeddable":true,"href":"https:\/\/slaskipegaz.bs.katowice.pl\/index.php?rest_route=%2Fwp%2Fv2%2Ftags&post=11685"}],"curies":[{"name":"wp","href":"https:\/\/api.w.org\/{rel}","templated":true}]}}