{"id":11839,"date":"2017-10-05T08:16:50","date_gmt":"2017-10-05T06:16:50","guid":{"rendered":"http:\/\/slaskipegaz.bs.katowice.pl\/?p=11839"},"modified":"2017-10-05T08:17:03","modified_gmt":"2017-10-05T06:17:03","slug":"relacja-miejska-i-powiatowa-biblioteka-publiczna-w-zawierciu-76","status":"publish","type":"post","link":"https:\/\/slaskipegaz.bs.katowice.pl\/?p=11839","title":{"rendered":"[Relacja] MIEJSKA I POWIATOWA BIBLIOTEKA PUBLICZNA W ZAWIERCIU"},"content":{"rendered":"<h6 style=\"text-align: center;\">Historia Zawiercia &#8211; wyk\u0142ady historyka<\/h6>\n<p><a href=\"https:\/\/slaskipegaz.bs.katowice.pl\/wp-content\/uploads\/2017\/10\/DSC_0807.jpg\" rel=\"attachment wp-att-11840\"><img loading=\"lazy\" decoding=\"async\" class=\"size-medium wp-image-11840 alignleft\" src=\"https:\/\/slaskipegaz.bs.katowice.pl\/wp-content\/uploads\/2017\/10\/DSC_0807-300x200.jpg\" alt=\"go\u015b\u0107\" width=\"300\" height=\"200\" srcset=\"https:\/\/slaskipegaz.bs.katowice.pl\/wp-content\/uploads\/2017\/10\/DSC_0807-300x200.jpg 300w, https:\/\/slaskipegaz.bs.katowice.pl\/wp-content\/uploads\/2017\/10\/DSC_0807-768x512.jpg 768w, https:\/\/slaskipegaz.bs.katowice.pl\/wp-content\/uploads\/2017\/10\/DSC_0807-1024x683.jpg 1024w\" sizes=\"auto, (max-width: 300px) 100vw, 300px\" \/><\/a>29 wrze\u015bnia w Miejskiej i Powiatowej Bibliotece Publicznej odby\u0142y si\u0119 dwa spotkania z historykiem dr. Marcinem Janeczkiem, kt\u00f3re stanowi\u0142y podsumowanie projektu &#8222;Zawiercie &#8211; moja Ma\u0142a Ojczyzna&#8221; w ramach programu Patriotyzm Jutra. Pierwsze dopo\u0142udniowe skierowane by\u0142o do m\u0142odzie\u017cy szkolnej, a drugie popo\u0142udniowe do odbiorcy doros\u0142ego. <!--more-->W wyk\u0142adzie dla uczni\u00f3w wzi\u0119li udzia\u0142 przedstawiciele nast\u0119puj\u0105cych szk\u00f3\u0142: SP nr 6, Zespo\u0142u Szk\u00f3\u0142 im. Stanis\u0142awa Staszica oraz Zespo\u0142u Szk\u00f3\u0142 im. Oskara Langego, razem 60 os\u00f3b z 4 nauczycielami. Podczas spotkania m\u0142odzie\u017cy zosta\u0142a przybli\u017cona historia naszego miasta od samego pocz\u0105tku ma\u0142ej osady, wyja\u015bniono im genez\u0119 nazwy Zawiercie, poprzez udzia\u0142 mieszka\u0144c\u00f3w w wielkich wydarzeniach historycznych, jak Powstanie Listopadowe, Styczniowe, dwie wojny \u015bwiatowe, a\u017c do czas\u00f3w wsp\u00f3\u0142czesnych. Ca\u0142y wyk\u0142ad uzupe\u0142ni\u0142 pokaz slajd\u00f3w starych fotografii miasta, kt\u00f3re w obrazowy spos\u00f3b dzia\u0142a\u0142y na m\u0142odych ludzi. W przerwie uczniowie zwiedzili Izb\u0119 Muzealn\u0105, w kt\u00f3rej zgromadzone s\u0105 eksponaty dotycz\u0105ce historii miasta. Po spotkaniu obejrzeli r\u00f3wnie\u017c wystaw\u0119 starych fotografii w holu biblioteki.<\/p>\n<p><a href=\"https:\/\/slaskipegaz.bs.katowice.pl\/wp-content\/uploads\/2017\/10\/DSC_0781.jpg\" rel=\"attachment wp-att-11841\"><img loading=\"lazy\" decoding=\"async\" class=\"aligncenter size-medium wp-image-11841\" src=\"https:\/\/slaskipegaz.bs.katowice.pl\/wp-content\/uploads\/2017\/10\/DSC_0781-300x200.jpg\" alt=\"sala\" width=\"300\" height=\"200\" srcset=\"https:\/\/slaskipegaz.bs.katowice.pl\/wp-content\/uploads\/2017\/10\/DSC_0781-300x200.jpg 300w, https:\/\/slaskipegaz.bs.katowice.pl\/wp-content\/uploads\/2017\/10\/DSC_0781-768x512.jpg 768w, https:\/\/slaskipegaz.bs.katowice.pl\/wp-content\/uploads\/2017\/10\/DSC_0781-1024x683.jpg 1024w\" sizes=\"auto, (max-width: 300px) 100vw, 300px\" \/><\/a><br \/>\nW spotkaniu popo\u0142udniowym wzi\u0119li licznie udzia\u0142 mieszka\u0144cy Zawiercia ch\u0142onni wiedzy o swoim mie\u015bcie, jego historii i dawnych wydarzeniach na tym terenie. Wyk\u0142ad obejmowa\u0142 zagadnienia takie, jak ten przedstawiony dla m\u0142odzie\u017cy. Nie zabrak\u0142o r\u00f3\u017cnych ciekawostek, np. jak zmienia\u0142y si\u0119 niekt\u00f3re nazwy ulic i w jakich okoliczno\u015bciach, \u017ce na ulicy Ogrodowej mieszka\u0142 kiedy\u015b W\u0142adys\u0142aw Gomu\u0142ka i wiele innych.<\/p>\n<p><a href=\"https:\/\/slaskipegaz.bs.katowice.pl\/wp-content\/uploads\/2017\/10\/DSC_0813.jpg\" rel=\"attachment wp-att-11842\"><img loading=\"lazy\" decoding=\"async\" class=\"aligncenter size-medium wp-image-11842\" src=\"https:\/\/slaskipegaz.bs.katowice.pl\/wp-content\/uploads\/2017\/10\/DSC_0813-300x200.jpg\" alt=\"spotkanie\" width=\"300\" height=\"200\" srcset=\"https:\/\/slaskipegaz.bs.katowice.pl\/wp-content\/uploads\/2017\/10\/DSC_0813-300x200.jpg 300w, https:\/\/slaskipegaz.bs.katowice.pl\/wp-content\/uploads\/2017\/10\/DSC_0813-768x512.jpg 768w, https:\/\/slaskipegaz.bs.katowice.pl\/wp-content\/uploads\/2017\/10\/DSC_0813-1024x683.jpg 1024w\" sizes=\"auto, (max-width: 300px) 100vw, 300px\" \/><\/a>Powy\u017csze dzia\u0142ania Miejska i Powiatowa Biblioteka Publiczna w Zawierciu zrealizowa\u0142a poprzez projekt \u201eZawiercie \u2013 Moja Ma\u0142a Ojczyzna\u201d, kt\u00f3ry\u00a0 \u201eDofinansowano ze \u015brodk\u00f3w MHP w ramach Programu \u201ePatriotyzm Jutra\u201d.<\/p>\n<p>Nades\u0142a\u0142a: Miejska i Powiatowa Biblioteka Publiczna w Zawierciu<\/p>\n","protected":false},"excerpt":{"rendered":"<p>Historia Zawiercia &#8211; wyk\u0142ady historyka 29 wrze\u015bnia w Miejskiej i Powiatowej Bibliotece Publicznej odby\u0142y si\u0119 dwa spotkania z historykiem dr. Marcinem Janeczkiem, kt\u00f3re stanowi\u0142y podsumowanie projektu &#8222;Zawiercie &#8211; moja Ma\u0142a Ojczyzna&#8221; w ramach programu Patriotyzm Jutra. Pierwsze dopo\u0142udniowe skierowane by\u0142o do m\u0142odzie\u017cy szkolnej, a drugie popo\u0142udniowe do odbiorcy doros\u0142ego.<\/p>\n","protected":false},"author":3,"featured_media":11840,"comment_status":"closed","ping_status":"closed","sticky":false,"template":"","format":"standard","meta":{"_acf_changed":false,"_exactmetrics_skip_tracking":false,"_exactmetrics_sitenote_active":false,"_exactmetrics_sitenote_note":"","_exactmetrics_sitenote_category":0,"footnotes":""},"categories":[1191,1197],"tags":[1236,110,11,1212,1222],"class_list":["post-11839","post","type-post","status-publish","format-standard","has-post-thumbnail","hentry","category-nr-36-wrzesien-2017","category-nr-37-pazdziernik-2017","tag-marcin-janeczek","tag-miejska-i-powiatowa-biblioteka-publiczna-w-zawierciu","tag-spotkanie-autorskie","tag-wyklad-historyczny","tag-zawiercie-moja-mala-ojczyzna"],"acf":[],"jetpack_featured_media_url":"https:\/\/slaskipegaz.bs.katowice.pl\/wp-content\/uploads\/2017\/10\/DSC_0807.jpg","_links":{"self":[{"href":"https:\/\/slaskipegaz.bs.katowice.pl\/index.php?rest_route=\/wp\/v2\/posts\/11839","targetHints":{"allow":["GET"]}}],"collection":[{"href":"https:\/\/slaskipegaz.bs.katowice.pl\/index.php?rest_route=\/wp\/v2\/posts"}],"about":[{"href":"https:\/\/slaskipegaz.bs.katowice.pl\/index.php?rest_route=\/wp\/v2\/types\/post"}],"author":[{"embeddable":true,"href":"https:\/\/slaskipegaz.bs.katowice.pl\/index.php?rest_route=\/wp\/v2\/users\/3"}],"replies":[{"embeddable":true,"href":"https:\/\/slaskipegaz.bs.katowice.pl\/index.php?rest_route=%2Fwp%2Fv2%2Fcomments&post=11839"}],"version-history":[{"count":1,"href":"https:\/\/slaskipegaz.bs.katowice.pl\/index.php?rest_route=\/wp\/v2\/posts\/11839\/revisions"}],"predecessor-version":[{"id":11843,"href":"https:\/\/slaskipegaz.bs.katowice.pl\/index.php?rest_route=\/wp\/v2\/posts\/11839\/revisions\/11843"}],"wp:featuredmedia":[{"embeddable":true,"href":"https:\/\/slaskipegaz.bs.katowice.pl\/index.php?rest_route=\/wp\/v2\/media\/11840"}],"wp:attachment":[{"href":"https:\/\/slaskipegaz.bs.katowice.pl\/index.php?rest_route=%2Fwp%2Fv2%2Fmedia&parent=11839"}],"wp:term":[{"taxonomy":"category","embeddable":true,"href":"https:\/\/slaskipegaz.bs.katowice.pl\/index.php?rest_route=%2Fwp%2Fv2%2Fcategories&post=11839"},{"taxonomy":"post_tag","embeddable":true,"href":"https:\/\/slaskipegaz.bs.katowice.pl\/index.php?rest_route=%2Fwp%2Fv2%2Ftags&post=11839"}],"curies":[{"name":"wp","href":"https:\/\/api.w.org\/{rel}","templated":true}]}}