{"id":12108,"date":"2017-10-30T10:57:22","date_gmt":"2017-10-30T09:57:22","guid":{"rendered":"http:\/\/slaskipegaz.bs.katowice.pl\/?p=12108"},"modified":"2017-11-02T13:31:47","modified_gmt":"2017-11-02T12:31:47","slug":"relacja-miejska-biblioteka-publiczna-w-czeladzi-32","status":"publish","type":"post","link":"https:\/\/slaskipegaz.bs.katowice.pl\/?p=12108","title":{"rendered":"[Relacja] MIEJSKA BIBLIOTEKA PUBLICZNA W CZELADZI"},"content":{"rendered":"<h6 style=\"margin-bottom: 0.0001pt; text-align: center;\">16 Festiwal Nordalia<\/h6>\n<p style=\"margin-bottom: .0001pt;\">\n<p style=\"margin-bottom: .0001pt;\"><a href=\"https:\/\/slaskipegaz.bs.katowice.pl\/wp-content\/uploads\/2017\/10\/IMG_0052.jpg\"><img loading=\"lazy\" decoding=\"async\" class=\"size-medium wp-image-12109 alignleft\" src=\"https:\/\/slaskipegaz.bs.katowice.pl\/wp-content\/uploads\/2017\/10\/IMG_0052-225x300.jpg\" alt=\"SPOTKANIE\" width=\"225\" height=\"300\" srcset=\"https:\/\/slaskipegaz.bs.katowice.pl\/wp-content\/uploads\/2017\/10\/IMG_0052-225x300.jpg 225w, https:\/\/slaskipegaz.bs.katowice.pl\/wp-content\/uploads\/2017\/10\/IMG_0052-768x1024.jpg 768w, https:\/\/slaskipegaz.bs.katowice.pl\/wp-content\/uploads\/2017\/10\/IMG_0052.jpg 1200w\" sizes=\"auto, (max-width: 225px) 100vw, 225px\" \/><\/a>W tym roku przygotowali\u015bmy trzy wydarzenia. W Galerii Exlibris MBP prezentowana jest przez ca\u0142y pa\u017adziernik wystawa po\u015bwi\u0119cona Czes\u0142awowi S\u0142ani &#8211; Honorowemu Obywatelowi Czeladzi. 17 pa\u017adziernika Antoni Krawczyk, opiekun M\u0142odzie\u017cowego Ko\u0142a Filatelistycznego dzia\u0142aj\u0105cego przy Szkole Podstawowej nr 1 uroczy\u015bcie otworzy\u0142 wystaw\u0119, opowiedzia\u0142 o \u017cyciu i dzia\u0142alno\u015bci Czes\u0142awa S\u0142ani, zwanego nadwornym grawerem, kt\u00f3ry z male\u0144kiej Czeladzi wyw\u0119drowa\u0142 w wielki \u015bwiat i sta\u0142 si\u0119 cenionym obywatelem Szwecji. <!--more-->Na wystawie zobaczy\u0107 mo\u017cna oryginalne znaczki projektowane przez S\u0142ani\u0119 oraz dokumenty zwi\u0105zane z jego \u017cyciem. Kolekcja pochodzi ze zbior\u00f3w Antoniego Krawczyka oraz Biblioteki w Czeladzi. Na pami\u0105tk\u0119 wystawy i 16. edycji \u00a0Festiwalu Nordalia przygotowali\u015bmy okoliczno\u015bciow\u0105 kopert\u0119 oraz piecz\u0105tk\u0119, kt\u00f3re by\u0142y mi\u0142\u0105 niespodziank\u0105 dla uczestnik\u00f3w.<\/p>\n<p><a href=\"https:\/\/slaskipegaz.bs.katowice.pl\/wp-content\/uploads\/2017\/10\/IMG_0003.jpg\"><img loading=\"lazy\" decoding=\"async\" class=\"aligncenter size-medium wp-image-12110\" src=\"https:\/\/slaskipegaz.bs.katowice.pl\/wp-content\/uploads\/2017\/10\/IMG_0003-300x225.jpg\" alt=\"wystawa\" width=\"300\" height=\"225\" srcset=\"https:\/\/slaskipegaz.bs.katowice.pl\/wp-content\/uploads\/2017\/10\/IMG_0003-300x225.jpg 300w, https:\/\/slaskipegaz.bs.katowice.pl\/wp-content\/uploads\/2017\/10\/IMG_0003-768x576.jpg 768w, https:\/\/slaskipegaz.bs.katowice.pl\/wp-content\/uploads\/2017\/10\/IMG_0003-1024x768.jpg 1024w, https:\/\/slaskipegaz.bs.katowice.pl\/wp-content\/uploads\/2017\/10\/IMG_0003.jpg 1600w\" sizes=\"auto, (max-width: 300px) 100vw, 300px\" \/><\/a><\/p>\n<p style=\"margin-bottom: .0001pt;\">Kolejnym wydarzeniem Nordali\u00f3w by\u0142o spotkanie z autork\u0105 ksi\u0105\u017cki pt. <i>I c\u00f3\u017c, \u017ce o Szwecji <\/i>Natali\u0105 Ko\u0142aczek. Ksi\u0105\u017cka sk\u0142ada sie z rozdzia\u0142\u00f3w, kt\u00f3re oprowadzaj\u0105 czytelnika po stereotypowych etykietach przypisywanych Szwedom. Poniewa\u017c robi to lekkim stylem, opatrzonym licznymi ciekawostkami i anegdotami ksi\u0105\u017cka w\u0142a\u015bciwie sama si\u0119 czyta a ponadto mo\u017ce by\u0107 nieturystycznym przewodnikiem po ojczy\u017anie Astrid Lindgren.<\/p>\n<p>&nbsp;<\/p>\n<p style=\"margin-bottom: .0001pt;\">Natalia Ko\u0142aczek jest r\u00f3wnie\u017c autork\u0105 niezmiernie popularnego Szwecjobloga, w kt\u00f3rym opisuje swoje spostrze\u017cenia i refleksje z podr\u00f3\u017cy po Szwecji. Warto do niego zajrze\u0107.<\/p>\n<p style=\"margin-bottom: .0001pt;\">Inicjatork\u0105 i koordynatork\u0105 Festiwalu Nordalia jest Maria Danielska. Nam wypada tylko podzi\u0119kowa\u0107 za tak inspiruj\u0105ce dzia\u0142ania i ciekawe propozycje wydarze\u0144 festiwalowych.<\/p>\n<p>&nbsp;<\/p>\n<p>Nades\u0142a\u0142a: Miejska Biblioteka Publiczna w Czeladzi<\/p>\n","protected":false},"excerpt":{"rendered":"<p>16 Festiwal Nordalia W tym roku przygotowali\u015bmy trzy wydarzenia. W Galerii Exlibris MBP prezentowana jest przez ca\u0142y pa\u017adziernik wystawa po\u015bwi\u0119cona Czes\u0142awowi S\u0142ani &#8211; Honorowemu Obywatelowi Czeladzi. 17 pa\u017adziernika Antoni Krawczyk, opiekun M\u0142odzie\u017cowego Ko\u0142a Filatelistycznego dzia\u0142aj\u0105cego przy Szkole Podstawowej nr 1 uroczy\u015bcie otworzy\u0142 wystaw\u0119, opowiedzia\u0142 o \u017cyciu i dzia\u0142alno\u015bci Czes\u0142awa S\u0142ani, zwanego nadwornym grawerem, kt\u00f3ry z &hellip; <a href=\"https:\/\/slaskipegaz.bs.katowice.pl\/?p=12108\" class=\"more-link\">Czytaj dalej <span class=\"screen-reader-text\">[Relacja] MIEJSKA BIBLIOTEKA PUBLICZNA W CZELADZI<\/span> <span class=\"meta-nav\">&rarr;<\/span><\/a><\/p>\n","protected":false},"author":3,"featured_media":12109,"comment_status":"closed","ping_status":"closed","sticky":false,"template":"","format":"standard","meta":{"_acf_changed":false,"_exactmetrics_skip_tracking":false,"_exactmetrics_sitenote_active":false,"_exactmetrics_sitenote_note":"","_exactmetrics_sitenote_category":0,"footnotes":""},"categories":[1241],"tags":[25,11,24],"class_list":["post-12108","post","type-post","status-publish","format-standard","has-post-thumbnail","hentry","category-nr-38-listopad-2017","tag-miejska-biblioteka-publiczna-w-czeladzi","tag-spotkanie-autorskie","tag-wystawa"],"acf":[],"jetpack_featured_media_url":"https:\/\/slaskipegaz.bs.katowice.pl\/wp-content\/uploads\/2017\/10\/IMG_0052.jpg","_links":{"self":[{"href":"https:\/\/slaskipegaz.bs.katowice.pl\/index.php?rest_route=\/wp\/v2\/posts\/12108","targetHints":{"allow":["GET"]}}],"collection":[{"href":"https:\/\/slaskipegaz.bs.katowice.pl\/index.php?rest_route=\/wp\/v2\/posts"}],"about":[{"href":"https:\/\/slaskipegaz.bs.katowice.pl\/index.php?rest_route=\/wp\/v2\/types\/post"}],"author":[{"embeddable":true,"href":"https:\/\/slaskipegaz.bs.katowice.pl\/index.php?rest_route=\/wp\/v2\/users\/3"}],"replies":[{"embeddable":true,"href":"https:\/\/slaskipegaz.bs.katowice.pl\/index.php?rest_route=%2Fwp%2Fv2%2Fcomments&post=12108"}],"version-history":[{"count":1,"href":"https:\/\/slaskipegaz.bs.katowice.pl\/index.php?rest_route=\/wp\/v2\/posts\/12108\/revisions"}],"predecessor-version":[{"id":12111,"href":"https:\/\/slaskipegaz.bs.katowice.pl\/index.php?rest_route=\/wp\/v2\/posts\/12108\/revisions\/12111"}],"wp:featuredmedia":[{"embeddable":true,"href":"https:\/\/slaskipegaz.bs.katowice.pl\/index.php?rest_route=\/wp\/v2\/media\/12109"}],"wp:attachment":[{"href":"https:\/\/slaskipegaz.bs.katowice.pl\/index.php?rest_route=%2Fwp%2Fv2%2Fmedia&parent=12108"}],"wp:term":[{"taxonomy":"category","embeddable":true,"href":"https:\/\/slaskipegaz.bs.katowice.pl\/index.php?rest_route=%2Fwp%2Fv2%2Fcategories&post=12108"},{"taxonomy":"post_tag","embeddable":true,"href":"https:\/\/slaskipegaz.bs.katowice.pl\/index.php?rest_route=%2Fwp%2Fv2%2Ftags&post=12108"}],"curies":[{"name":"wp","href":"https:\/\/api.w.org\/{rel}","templated":true}]}}