{"id":12228,"date":"2017-11-02T12:53:12","date_gmt":"2017-11-02T11:53:12","guid":{"rendered":"http:\/\/slaskipegaz.bs.katowice.pl\/?p=12228"},"modified":"2017-11-02T12:53:12","modified_gmt":"2017-11-02T11:53:12","slug":"relacja-miejska-biblioteka-publiczna-w-siemianowicach-slaskich-41","status":"publish","type":"post","link":"https:\/\/slaskipegaz.bs.katowice.pl\/?p=12228","title":{"rendered":"[Relacja] MIEJSKA BIBLIOTEKA PUBLICZNA W SIEMIANOWICACH \u015aL\u0104SKICH"},"content":{"rendered":"<h6 style=\"text-align: center;\">\u201eKa\u017cde s\u0142owo wa\u017cne\u201d \u2013 spotkanie z Ann\u0105 Liber<\/h6>\n<p><a href=\"https:\/\/slaskipegaz.bs.katowice.pl\/wp-content\/uploads\/2017\/11\/DSC00738.jpg\"><img loading=\"lazy\" decoding=\"async\" class=\"size-medium wp-image-12229 alignleft\" src=\"https:\/\/slaskipegaz.bs.katowice.pl\/wp-content\/uploads\/2017\/11\/DSC00738-187x300.jpg\" alt=\"PISARKA\" width=\"187\" height=\"300\" srcset=\"https:\/\/slaskipegaz.bs.katowice.pl\/wp-content\/uploads\/2017\/11\/DSC00738-187x300.jpg 187w, https:\/\/slaskipegaz.bs.katowice.pl\/wp-content\/uploads\/2017\/11\/DSC00738-768x1235.jpg 768w, https:\/\/slaskipegaz.bs.katowice.pl\/wp-content\/uploads\/2017\/11\/DSC00738-637x1024.jpg 637w, https:\/\/slaskipegaz.bs.katowice.pl\/wp-content\/uploads\/2017\/11\/DSC00738.jpg 1244w\" sizes=\"auto, (max-width: 187px) 100vw, 187px\" \/><\/a>Siemianowicka Biblioteka mia\u0142a zaszczyt go\u015bci\u0107 w swoich progach osob\u0119 niezwyk\u0142\u0105 \u2013 pani\u0105 Ann\u0119 Liber, pochodz\u0105c\u0105 z Warszawy emerytowan\u0105 nauczycielk\u0105 z powo\u0142ania, zawodow\u0105 korespondentk\u0105 j\u0119zyka angielskiego i rosyjskiego, ale chyba przede wszystkim utalentowan\u0105 artystk\u0105, kt\u00f3ra wyra\u017ca sw\u00f3j \u015bwiat w poezji, muzyce i malarstwie. Pani Anna kocha \u017cycie, jest osob\u0105 pe\u0142n\u0105 ciep\u0142a i \u017cyczliwo\u015bci, otwart\u0105 na \u015bwiat i ludzi, co przek\u0142ada si\u0119 oczywi\u015bcie na jej bogat\u0105 tw\u00f3rczo\u015b\u0107.<!--more--><\/p>\n<p>16 pa\u017adziernika, w s\u0142oneczne jesienne po\u0142udnie (dok\u0142adnie jak w wierszu \u201eS\u0142o\u0144cem obdarowana\u201d) pani Anna odkry\u0142a przed zgromadzonymi w bibliotece go\u015b\u0107mi swoje poetyckie oblicze. Autorka przekonywa\u0142a, \u017ce wiersze mo\u017ce tworzy\u0107 ka\u017cdy, \u017ce to nie tylko pasja, ale tak\u017ce doskona\u0142a gimnastyka umys\u0142u. A pisa\u0107 mo\u017cna naprawd\u0119 o wszystkim &#8211; o uczuciach, marzeniach, prze\u017cytych chwilach dobrych lub z\u0142ych, nawet o butach czy o\u015bnie\u017conym kraw\u0119\u017cniku chodnika, kt\u00f3ry sta\u0142 si\u0119 przyczyn\u0105 zimowego upadku. Mo\u017cna te\u017c pisa\u0107 do kogo\u015b, np. do m\u0119\u017ca, syna czy wnuka.<\/p>\n<p><a href=\"https:\/\/slaskipegaz.bs.katowice.pl\/wp-content\/uploads\/2017\/11\/DSC00733.jpg\"><img loading=\"lazy\" decoding=\"async\" class=\"aligncenter size-medium wp-image-12230\" src=\"https:\/\/slaskipegaz.bs.katowice.pl\/wp-content\/uploads\/2017\/11\/DSC00733-300x162.jpg\" alt=\"spotkanie\" width=\"300\" height=\"162\" srcset=\"https:\/\/slaskipegaz.bs.katowice.pl\/wp-content\/uploads\/2017\/11\/DSC00733-300x162.jpg 300w, https:\/\/slaskipegaz.bs.katowice.pl\/wp-content\/uploads\/2017\/11\/DSC00733-768x415.jpg 768w, https:\/\/slaskipegaz.bs.katowice.pl\/wp-content\/uploads\/2017\/11\/DSC00733-1024x554.jpg 1024w, https:\/\/slaskipegaz.bs.katowice.pl\/wp-content\/uploads\/2017\/11\/DSC00733.jpg 2000w\" sizes=\"auto, (max-width: 300px) 100vw, 300px\" \/><\/a><\/p>\n<p>Pani Anna Liber zacz\u0119\u0142a tworzy\u0107 wiersze dopiero po przej\u015bciu na emerytur\u0119, ale w swoim dorobku ma ju\u017c a\u017c dziesi\u0119\u0107 wydanych tomik\u00f3w. Podczas tego sympatycznego spotkania poetka zaprezentowa\u0142a po kilka utwor\u00f3w z ka\u017cdej swojej ksi\u0105\u017cki. By\u0142y to wiersze kr\u00f3tkie, ale pe\u0142ne tre\u015bci oraz r\u00f3\u017cnorodne w klimacie: optymistyczne (\u201eWarto\u2026\u201d), refleksyjne (\u201eButy\u201d), melancholijne (\u201eSzklane kule\u201d), romantyczne (\u201eJak Calineczka\u201d) czy ironiczne (\u201ePo\u017cegnanie\u201d).<\/p>\n<p><a href=\"https:\/\/slaskipegaz.bs.katowice.pl\/wp-content\/uploads\/2017\/11\/DSC00748.jpg\"><img loading=\"lazy\" decoding=\"async\" class=\"aligncenter size-medium wp-image-12231\" src=\"https:\/\/slaskipegaz.bs.katowice.pl\/wp-content\/uploads\/2017\/11\/DSC00748-300x189.jpg\" alt=\"spotkanie\" width=\"300\" height=\"189\" srcset=\"https:\/\/slaskipegaz.bs.katowice.pl\/wp-content\/uploads\/2017\/11\/DSC00748-300x189.jpg 300w, https:\/\/slaskipegaz.bs.katowice.pl\/wp-content\/uploads\/2017\/11\/DSC00748-768x485.jpg 768w, https:\/\/slaskipegaz.bs.katowice.pl\/wp-content\/uploads\/2017\/11\/DSC00748-1024x646.jpg 1024w, https:\/\/slaskipegaz.bs.katowice.pl\/wp-content\/uploads\/2017\/11\/DSC00748.jpg 2000w\" sizes=\"auto, (max-width: 300px) 100vw, 300px\" \/><\/a><\/p>\n<p>Po spotkaniu zainteresowani tw\u00f3rczo\u015bci\u0105 pisarki mogli naby\u0107 jej tomiki oraz zdoby\u0107 autograf autorki. Mi\u0142o\u015bnik\u00f3w poezji zapraszamy te\u017c do bibliotecznych p\u00f3\u0142ek, na kt\u00f3rych r\u00f3wnie\u017c znalaz\u0142o si\u0119 miejsce dla ksi\u0105\u017cek poetki.<\/p>\n<p><a href=\"https:\/\/slaskipegaz.bs.katowice.pl\/wp-content\/uploads\/2017\/11\/DSC00735.jpg\"><img loading=\"lazy\" decoding=\"async\" class=\"aligncenter size-medium wp-image-12232\" src=\"https:\/\/slaskipegaz.bs.katowice.pl\/wp-content\/uploads\/2017\/11\/DSC00735-300x169.jpg\" alt=\"ksi\u0105\u017cki\" width=\"300\" height=\"169\" srcset=\"https:\/\/slaskipegaz.bs.katowice.pl\/wp-content\/uploads\/2017\/11\/DSC00735-300x169.jpg 300w, https:\/\/slaskipegaz.bs.katowice.pl\/wp-content\/uploads\/2017\/11\/DSC00735-768x432.jpg 768w, https:\/\/slaskipegaz.bs.katowice.pl\/wp-content\/uploads\/2017\/11\/DSC00735-1024x575.jpg 1024w, https:\/\/slaskipegaz.bs.katowice.pl\/wp-content\/uploads\/2017\/11\/DSC00735.jpg 2000w\" sizes=\"auto, (max-width: 300px) 100vw, 300px\" \/><\/a><\/p>\n<p>Nades\u0142a\u0142a: Barbara Trawi\u0144ska,\u00a0Miejska Biblioteka Publiczna\u00a0w Siemianowicach \u015al.<\/p>\n","protected":false},"excerpt":{"rendered":"<p>\u201eKa\u017cde s\u0142owo wa\u017cne\u201d \u2013 spotkanie z Ann\u0105 Liber Siemianowicka Biblioteka mia\u0142a zaszczyt go\u015bci\u0107 w swoich progach osob\u0119 niezwyk\u0142\u0105 \u2013 pani\u0105 Ann\u0119 Liber, pochodz\u0105c\u0105 z Warszawy emerytowan\u0105 nauczycielk\u0105 z powo\u0142ania, zawodow\u0105 korespondentk\u0105 j\u0119zyka angielskiego i rosyjskiego, ale chyba przede wszystkim utalentowan\u0105 artystk\u0105, kt\u00f3ra wyra\u017ca sw\u00f3j \u015bwiat w poezji, muzyce i malarstwie. Pani Anna kocha \u017cycie, jest &hellip; <a href=\"https:\/\/slaskipegaz.bs.katowice.pl\/?p=12228\" class=\"more-link\">Czytaj dalej <span class=\"screen-reader-text\">[Relacja] MIEJSKA BIBLIOTEKA PUBLICZNA W SIEMIANOWICACH \u015aL\u0104SKICH<\/span> <span class=\"meta-nav\">&rarr;<\/span><\/a><\/p>\n","protected":false},"author":3,"featured_media":12229,"comment_status":"closed","ping_status":"closed","sticky":false,"template":"","format":"standard","meta":{"_acf_changed":false,"_exactmetrics_skip_tracking":false,"_exactmetrics_sitenote_active":false,"_exactmetrics_sitenote_note":"","_exactmetrics_sitenote_category":0,"footnotes":""},"categories":[1241],"tags":[1288,23,11],"class_list":["post-12228","post","type-post","status-publish","format-standard","has-post-thumbnail","hentry","category-nr-38-listopad-2017","tag-anna-liber","tag-miejska-biblioteka-publiczna-w-siemianowicach-slaskich","tag-spotkanie-autorskie"],"acf":[],"jetpack_featured_media_url":"https:\/\/slaskipegaz.bs.katowice.pl\/wp-content\/uploads\/2017\/11\/DSC00738.jpg","_links":{"self":[{"href":"https:\/\/slaskipegaz.bs.katowice.pl\/index.php?rest_route=\/wp\/v2\/posts\/12228","targetHints":{"allow":["GET"]}}],"collection":[{"href":"https:\/\/slaskipegaz.bs.katowice.pl\/index.php?rest_route=\/wp\/v2\/posts"}],"about":[{"href":"https:\/\/slaskipegaz.bs.katowice.pl\/index.php?rest_route=\/wp\/v2\/types\/post"}],"author":[{"embeddable":true,"href":"https:\/\/slaskipegaz.bs.katowice.pl\/index.php?rest_route=\/wp\/v2\/users\/3"}],"replies":[{"embeddable":true,"href":"https:\/\/slaskipegaz.bs.katowice.pl\/index.php?rest_route=%2Fwp%2Fv2%2Fcomments&post=12228"}],"version-history":[{"count":1,"href":"https:\/\/slaskipegaz.bs.katowice.pl\/index.php?rest_route=\/wp\/v2\/posts\/12228\/revisions"}],"predecessor-version":[{"id":12233,"href":"https:\/\/slaskipegaz.bs.katowice.pl\/index.php?rest_route=\/wp\/v2\/posts\/12228\/revisions\/12233"}],"wp:featuredmedia":[{"embeddable":true,"href":"https:\/\/slaskipegaz.bs.katowice.pl\/index.php?rest_route=\/wp\/v2\/media\/12229"}],"wp:attachment":[{"href":"https:\/\/slaskipegaz.bs.katowice.pl\/index.php?rest_route=%2Fwp%2Fv2%2Fmedia&parent=12228"}],"wp:term":[{"taxonomy":"category","embeddable":true,"href":"https:\/\/slaskipegaz.bs.katowice.pl\/index.php?rest_route=%2Fwp%2Fv2%2Fcategories&post=12228"},{"taxonomy":"post_tag","embeddable":true,"href":"https:\/\/slaskipegaz.bs.katowice.pl\/index.php?rest_route=%2Fwp%2Fv2%2Ftags&post=12228"}],"curies":[{"name":"wp","href":"https:\/\/api.w.org\/{rel}","templated":true}]}}