{"id":12378,"date":"2017-12-08T11:47:49","date_gmt":"2017-12-08T10:47:49","guid":{"rendered":"http:\/\/slaskipegaz.bs.katowice.pl\/?p=12378"},"modified":"2017-12-08T11:47:49","modified_gmt":"2017-12-08T10:47:49","slug":"relacja-ksiaznica-beskidzka-w-bielsku-bialej-68","status":"publish","type":"post","link":"https:\/\/slaskipegaz.bs.katowice.pl\/?p=12378","title":{"rendered":"[Relacja] KSI\u0104\u017bNICA BESKIDZKA W BIELSKU-BIA\u0141EJ"},"content":{"rendered":"<h6 style=\"text-align: center;\">Spotkanie z Jackiem Hugo-Baderem<\/h6>\n<p><a href=\"https:\/\/slaskipegaz.bs.katowice.pl\/wp-content\/uploads\/2017\/12\/DSC_0038.jpg\"><img loading=\"lazy\" decoding=\"async\" class=\"size-medium wp-image-12379 alignleft\" src=\"https:\/\/slaskipegaz.bs.katowice.pl\/wp-content\/uploads\/2017\/12\/DSC_0038-300x199.jpg\" alt=\"pisarz\" width=\"300\" height=\"199\" srcset=\"https:\/\/slaskipegaz.bs.katowice.pl\/wp-content\/uploads\/2017\/12\/DSC_0038-300x199.jpg 300w, https:\/\/slaskipegaz.bs.katowice.pl\/wp-content\/uploads\/2017\/12\/DSC_0038-768x508.jpg 768w, https:\/\/slaskipegaz.bs.katowice.pl\/wp-content\/uploads\/2017\/12\/DSC_0038-1024x678.jpg 1024w, https:\/\/slaskipegaz.bs.katowice.pl\/wp-content\/uploads\/2017\/12\/DSC_0038.jpg 1280w\" sizes=\"auto, (max-width: 300px) 100vw, 300px\" \/><\/a>W poniedzia\u0142ek 6 listopada w Ksi\u0105\u017cnicy Beskidzkiej odby\u0142o si\u0119 kolejne spotkanie zorganizowane w ramach grantu <em>Bielsko-Bialski(po)ci\u0105g do literatury <\/em>dofinansowanego ze \u015brodk\u00f3w Ministra Kultury i Dziedzictwa Narodowego. Go\u015bciem biblioteki by\u0142 Jacek Hugo-Bader, z wykszta\u0142cenia pedagog z zami\u0142owania dziennikarz i reporter. W swoim \u017cyciu ima\u0142 si\u0119 r\u00f3\u017cnych zaj\u0119\u0107 po cz\u0119\u015bci, jak sam m\u00f3wi\u0142, z przymusu, po cz\u0119\u015bci z poszukiwa\u0144 tego w\u0142a\u015bciwego. By\u0142 nauczycielem historii, \u0142adowaczem na kolei, pedagogiem, sprzedawc\u0105. W 1990 roku rozpocz\u0105\u0142 wsp\u00f3\u0142prac\u0119 z <em>Gazet\u0105 Wyborcz\u0105<\/em>, pracuj\u0105c pocz\u0105tkowo przy tworzeniu news\u00f3w, by ostatecznie sta\u0107 si\u0119 reporterem.<!--more--><\/p>\n<p>W swoich reporta\u017cach porusza wszystko to, co wa\u017cne. Z plecakiem przemierza\u0142 Europ\u0119 Wschodni\u0105, poznaj\u0105c kraje by\u0142ego ZSRR, staj\u0105c si\u0119 z ka\u017cdym kilometrem gor\u0105cym wielbicielem tego rejonu Europy. Rowerem przejecha\u0142 Azj\u0119 \u015arodkow\u0105, pustyni\u0119 Gobi, Chiny i Tybet, jezioro Bajka\u0142 przep\u0142yn\u0105\u0142 kajakiem. Swoje przemy\u015blenia, historie ludzi, kt\u00f3rych spotka\u0142 na swojej drodze zawar\u0142 w dw\u00f3ch ksi\u0105\u017ckach: <em>W rajskiej dolinie w\u015br\u00f3d zielska<\/em> <em>i Bia\u0142a gor\u0105czka.<\/em> Spod jego pi\u00f3ra wyszed\u0142 reporta\u017c literacki<em> Dzienniki ko\u0142ymskie<\/em>, b\u0119d\u0105ce codziennymi zapisami refleksji autora podr\u00f3\u017cuj\u0105cego\u00a0 po p\u00f3\u0142nocno-wschodniej Rosji. Kolejn\u0105 wa\u017cn\u0105 pozycj\u0105 jest <em>D\u0142ugi film o mi\u0142o\u015bci. Powr\u00f3t na Broad Peak<\/em>, historia wyprawy ratunkowej \u00a0po zaginionych himalaist\u00f3w, Tomasza Kowalskiego i Macieja Berbek\u0119.<\/p>\n<p><a href=\"https:\/\/slaskipegaz.bs.katowice.pl\/wp-content\/uploads\/2017\/12\/DSC_0034.jpg\"><img loading=\"lazy\" decoding=\"async\" class=\"aligncenter size-medium wp-image-12380\" src=\"https:\/\/slaskipegaz.bs.katowice.pl\/wp-content\/uploads\/2017\/12\/DSC_0034-300x199.jpg\" alt=\"rozmowa\" width=\"300\" height=\"199\" srcset=\"https:\/\/slaskipegaz.bs.katowice.pl\/wp-content\/uploads\/2017\/12\/DSC_0034-300x199.jpg 300w, https:\/\/slaskipegaz.bs.katowice.pl\/wp-content\/uploads\/2017\/12\/DSC_0034-768x508.jpg 768w, https:\/\/slaskipegaz.bs.katowice.pl\/wp-content\/uploads\/2017\/12\/DSC_0034-1024x678.jpg 1024w, https:\/\/slaskipegaz.bs.katowice.pl\/wp-content\/uploads\/2017\/12\/DSC_0034.jpg 1280w\" sizes=\"auto, (max-width: 300px) 100vw, 300px\" \/><\/a><\/p>\n<p>W trakcie spotkania w Ksi\u0105\u017cnicy Beskidzkiej Jacek Hugo-Bader opowiedzia\u0142 licznie zebranym go\u015bciom o swoich podr\u00f3\u017cach. Do ka\u017cdej z nich lubi by\u0107 dobrze przygotowany \u2013 dotyczy to zar\u00f3wno informacji o kraju, kulturze, zwyczajach, ludziach, jak i baga\u017cu jaki bierze ze sob\u0105, a w kt\u00f3rym nie mo\u017ce zabrakn\u0105\u0107 przede wszystkim dyktafonu i aparatu fotograficznego. Dla Hugo-Badera najwa\u017cniejsi s\u0105 ludzi, kt\u00f3rych spotyka na swojej drodze. To oni s\u0105 bohaterami jego reporta\u017cy. Ich historie staj\u0105 si\u0119 tematem kolejnych ksi\u0105\u017cek.<\/p>\n<p>Na czym polega praca reportera wed\u0142ug Hugo-Badera? Na \u017cmudnych wielogodzinnych, a czasem nawet wieloletnich\u00a0 przygotowaniach, rozmowach z lud\u017ami, poszukiwaniach materia\u0142\u00f3w, rekonstrukcji wydarze\u0144. W pracy reportera, m\u00f3wi\u0142 Hugo-Bader, nie ma miejsca na wymy\u015blanie. Jest to niedopuszczalne. Kto\u015b, kto zabiera si\u0119 do napisania ksi\u0105\u017cki z literatury faktu, musi przeczyta\u0107 ogromne ilo\u015bci materia\u0142\u00f3w, poniewa\u017c reporter nie wszystko o czym pisze, pisze z autopsji, nie wszystkiego do\u015bwiadczy\u0142, prze\u017cy\u0142 czy zobaczy\u0142. Dobre teksy powstaj\u0105 d\u0142ugo, wymagaj\u0105 namys\u0142u. Teksty powstaj\u0105ce szybko, cz\u0119sto bywaj\u0105 b\u0142ahe.<\/p>\n<p><a href=\"https:\/\/slaskipegaz.bs.katowice.pl\/wp-content\/uploads\/2017\/12\/DSC_0040.jpg\"><img loading=\"lazy\" decoding=\"async\" class=\"aligncenter size-medium wp-image-12381\" src=\"https:\/\/slaskipegaz.bs.katowice.pl\/wp-content\/uploads\/2017\/12\/DSC_0040-300x199.jpg\" alt=\"spotkanie\" width=\"300\" height=\"199\" srcset=\"https:\/\/slaskipegaz.bs.katowice.pl\/wp-content\/uploads\/2017\/12\/DSC_0040-300x199.jpg 300w, https:\/\/slaskipegaz.bs.katowice.pl\/wp-content\/uploads\/2017\/12\/DSC_0040-768x508.jpg 768w, https:\/\/slaskipegaz.bs.katowice.pl\/wp-content\/uploads\/2017\/12\/DSC_0040-1024x678.jpg 1024w, https:\/\/slaskipegaz.bs.katowice.pl\/wp-content\/uploads\/2017\/12\/DSC_0040.jpg 1280w\" sizes=\"auto, (max-width: 300px) 100vw, 300px\" \/><\/a><\/p>\n<p>Spotkanie w Jackiem Hugo-Baderem by\u0142o szalenie ciekawe, sam reporter okaza\u0142 si\u0119 by\u0107 niezwykle otwart\u0105 osob\u0105, z wy\u015bmienitym poczuciem humoru. Szybko nawi\u0105za\u0142 kontakt z go\u015b\u0107mi Ksi\u0105\u017cnicy Beskidzkiej, a spotkanie autorskie przekszta\u0142ci\u0142o si\u0119 w spotkanie w kr\u0119gu dobrych znajomych.<\/p>\n<p>Nades\u0142a\u0142a: Ksi\u0105\u017cnica Beskidzka w Bielsku-Bia\u0142ej<\/p>\n","protected":false},"excerpt":{"rendered":"<p>Spotkanie z Jackiem Hugo-Baderem W poniedzia\u0142ek 6 listopada w Ksi\u0105\u017cnicy Beskidzkiej odby\u0142o si\u0119 kolejne spotkanie zorganizowane w ramach grantu Bielsko-Bialski(po)ci\u0105g do literatury dofinansowanego ze \u015brodk\u00f3w Ministra Kultury i Dziedzictwa Narodowego. Go\u015bciem biblioteki by\u0142 Jacek Hugo-Bader, z wykszta\u0142cenia pedagog z zami\u0142owania dziennikarz i reporter. W swoim \u017cyciu ima\u0142 si\u0119 r\u00f3\u017cnych zaj\u0119\u0107 po cz\u0119\u015bci, jak sam m\u00f3wi\u0142, &hellip; <a href=\"https:\/\/slaskipegaz.bs.katowice.pl\/?p=12378\" class=\"more-link\">Czytaj dalej <span class=\"screen-reader-text\">[Relacja] KSI\u0104\u017bNICA BESKIDZKA W BIELSKU-BIA\u0141EJ<\/span> <span class=\"meta-nav\">&rarr;<\/span><\/a><\/p>\n","protected":false},"author":3,"featured_media":12379,"comment_status":"closed","ping_status":"closed","sticky":false,"template":"","format":"standard","meta":{"_acf_changed":false,"_exactmetrics_skip_tracking":false,"_exactmetrics_sitenote_active":false,"_exactmetrics_sitenote_note":"","_exactmetrics_sitenote_category":0,"footnotes":""},"categories":[1290],"tags":[1308,83,11],"class_list":["post-12378","post","type-post","status-publish","format-standard","has-post-thumbnail","hentry","category-nr-39-grudzien-2017","tag-jacek-hugo-bader","tag-ksiaznica-beskidzka","tag-spotkanie-autorskie"],"acf":[],"jetpack_featured_media_url":"https:\/\/slaskipegaz.bs.katowice.pl\/wp-content\/uploads\/2017\/12\/DSC_0038.jpg","_links":{"self":[{"href":"https:\/\/slaskipegaz.bs.katowice.pl\/index.php?rest_route=\/wp\/v2\/posts\/12378","targetHints":{"allow":["GET"]}}],"collection":[{"href":"https:\/\/slaskipegaz.bs.katowice.pl\/index.php?rest_route=\/wp\/v2\/posts"}],"about":[{"href":"https:\/\/slaskipegaz.bs.katowice.pl\/index.php?rest_route=\/wp\/v2\/types\/post"}],"author":[{"embeddable":true,"href":"https:\/\/slaskipegaz.bs.katowice.pl\/index.php?rest_route=\/wp\/v2\/users\/3"}],"replies":[{"embeddable":true,"href":"https:\/\/slaskipegaz.bs.katowice.pl\/index.php?rest_route=%2Fwp%2Fv2%2Fcomments&post=12378"}],"version-history":[{"count":1,"href":"https:\/\/slaskipegaz.bs.katowice.pl\/index.php?rest_route=\/wp\/v2\/posts\/12378\/revisions"}],"predecessor-version":[{"id":12382,"href":"https:\/\/slaskipegaz.bs.katowice.pl\/index.php?rest_route=\/wp\/v2\/posts\/12378\/revisions\/12382"}],"wp:featuredmedia":[{"embeddable":true,"href":"https:\/\/slaskipegaz.bs.katowice.pl\/index.php?rest_route=\/wp\/v2\/media\/12379"}],"wp:attachment":[{"href":"https:\/\/slaskipegaz.bs.katowice.pl\/index.php?rest_route=%2Fwp%2Fv2%2Fmedia&parent=12378"}],"wp:term":[{"taxonomy":"category","embeddable":true,"href":"https:\/\/slaskipegaz.bs.katowice.pl\/index.php?rest_route=%2Fwp%2Fv2%2Fcategories&post=12378"},{"taxonomy":"post_tag","embeddable":true,"href":"https:\/\/slaskipegaz.bs.katowice.pl\/index.php?rest_route=%2Fwp%2Fv2%2Ftags&post=12378"}],"curies":[{"name":"wp","href":"https:\/\/api.w.org\/{rel}","templated":true}]}}