{"id":12393,"date":"2017-12-08T12:35:29","date_gmt":"2017-12-08T11:35:29","guid":{"rendered":"http:\/\/slaskipegaz.bs.katowice.pl\/?p=12393"},"modified":"2017-12-08T12:35:29","modified_gmt":"2017-12-08T11:35:29","slug":"relacja-miejska-i-powiatowa-biblioteka-publiczna-w-zawierciu-78","status":"publish","type":"post","link":"https:\/\/slaskipegaz.bs.katowice.pl\/?p=12393","title":{"rendered":"[Relacja] MIEJSKA I POWIATOWA BIBLIOTEKA PUBLICZNA W ZAWIERCIU"},"content":{"rendered":"<h6 style=\"text-align: center;\">Spotkanie z Micha\u0142em Witkowskim<\/h6>\n<p><a href=\"https:\/\/slaskipegaz.bs.katowice.pl\/wp-content\/uploads\/2017\/12\/23600709_1564686780257504_652901252_o.jpg\"><img loading=\"lazy\" decoding=\"async\" class=\"size-medium wp-image-12394 alignleft\" src=\"https:\/\/slaskipegaz.bs.katowice.pl\/wp-content\/uploads\/2017\/12\/23600709_1564686780257504_652901252_o-225x300.jpg\" alt=\"pisarz\" width=\"225\" height=\"300\" srcset=\"https:\/\/slaskipegaz.bs.katowice.pl\/wp-content\/uploads\/2017\/12\/23600709_1564686780257504_652901252_o-225x300.jpg 225w, https:\/\/slaskipegaz.bs.katowice.pl\/wp-content\/uploads\/2017\/12\/23600709_1564686780257504_652901252_o-768x1024.jpg 768w, https:\/\/slaskipegaz.bs.katowice.pl\/wp-content\/uploads\/2017\/12\/23600709_1564686780257504_652901252_o.jpg 1536w\" sizes=\"auto, (max-width: 225px) 100vw, 225px\" \/><\/a>W ch\u0142odny jesienny wiecz\u00f3r 9 listopada, w Miejskiej i Powiatowej Bibliotece Publicznej w Zawierciu go\u015bcili\u015bmy jednego z czo\u0142owych polskich pisarzy wsp\u00f3\u0142czesnych &#8211; Micha\u0142a Witkowskiego. Pisarz ten jest nie tylko uznanym prozaikiem i felietonist\u0105, ale te\u017c prawdziwym literackim celebryt\u0105 &#8211; w pozytywnym tego s\u0142owa znaczeniu.<!--more--> Micha\u0142 Witkowski by\u0142 trzykrotnie nominowany do Paszportu \u201ePolityki\u201d, w tym ostatecznie zosta\u0142 laureatem tej nagrody w 2007 roku. Trzykrotnie by\u0142 r\u00f3wnie\u017c nominowany do Nagrody Literackiej \u201eNike\u201d. Ma tak\u017ce na koncie Nagrod\u0119 Literack\u0105 Gdynia 2006 w kategorii prozy za swoj\u0105 pierwsz\u0105 powie\u015b\u0107 pt. \u201eLubiewo\u201d z 2005 roku, za\u015b dwa lata p\u00f3\u017aniej do tej nagrody zosta\u0142a nominowana \u201eBarbara Radziwi\u0142\u0142\u00f3wna z Jaworzna-Szczakowej\u201d. Ta ostatnia powie\u015b\u0107 zosta\u0142a tak\u017ce og\u0142oszona Ksi\u0105\u017ck\u0105 Lata 2007 Przegl\u0105du Nowo\u015bci Wydawniczych w Poznaniu oraz doczeka\u0142a si\u0119 teatralnej adaptacji na deskach Teatru \u015al\u0105skiego w re\u017cyserii Jaros\u0142awa Tumidajskiego w 2008 roku oraz monodramu w wykonaniu autora pt. \u201eBarbara Radziwi\u0142\u00f3wna Show\u201d na deskach TR Warszawa.<\/p>\n<p>Nie jest to jedyny przyk\u0142ad wsp\u00f3\u0142pracy Witkowskiego ze sztuk\u0105 sceniczn\u0105 \u2013 Teatr Provisorium w Lublinie wystawi\u0142 spektakl na podstawie jego powie\u015bci \u201eMargot\u201d z 2010 roku (re\u017c. Witold Mazurkiewicz), za\u015b Teatr Nowy w Krakowie wystawi\u0142 adaptacj\u0119 \u201eLubiewa\u201d (re\u017c. Piotr Sieklucki), kt\u00f3re trafi\u0142o potem tak\u017ce na scen\u0119 TR Warszawa. Z kolei w 2011 roku powie\u015b\u0107 Witkowskiego pt. \u201eDrwal\u201d dotar\u0142a do fina\u0142u Nagrody Literackiej Europy \u015arodkowej \u201eAngelus\u201d. Micha\u0142 Witkowski jest te\u017c znany za granic\u0105: w 2011 roku by\u0142 nominowany za \u201eLubiewo\u201d do brytyjskiej nagrody Independent Foreign Fiction Prize, za\u015b jego utwory by\u0142y t\u0142umaczone na trzydzie\u015bci j\u0119zyk\u00f3w.<\/p>\n<p><a href=\"https:\/\/slaskipegaz.bs.katowice.pl\/wp-content\/uploads\/2017\/12\/23558072_1564686710257511_993709333_o.jpg\"><img loading=\"lazy\" decoding=\"async\" class=\"aligncenter size-medium wp-image-12395\" src=\"https:\/\/slaskipegaz.bs.katowice.pl\/wp-content\/uploads\/2017\/12\/23558072_1564686710257511_993709333_o-300x225.jpg\" alt=\"sala\" width=\"300\" height=\"225\" srcset=\"https:\/\/slaskipegaz.bs.katowice.pl\/wp-content\/uploads\/2017\/12\/23558072_1564686710257511_993709333_o-300x225.jpg 300w, https:\/\/slaskipegaz.bs.katowice.pl\/wp-content\/uploads\/2017\/12\/23558072_1564686710257511_993709333_o-768x576.jpg 768w, https:\/\/slaskipegaz.bs.katowice.pl\/wp-content\/uploads\/2017\/12\/23558072_1564686710257511_993709333_o-1024x768.jpg 1024w, https:\/\/slaskipegaz.bs.katowice.pl\/wp-content\/uploads\/2017\/12\/23558072_1564686710257511_993709333_o.jpg 2048w\" sizes=\"auto, (max-width: 300px) 100vw, 300px\" \/><\/a><br \/>\nPoza dzia\u0142alno\u015bci\u0105 literack\u0105, przez dwa lata Witkowski prowadzi\u0142 tak\u017ce blog modowy Fashion Pathology, kt\u00f3ry by\u0142 w istocie artystycznym eksperymentem, s\u0142u\u017c\u0105cym poznaniu od \u015brodka \u015bwiata mody i showbiznesu.<\/p>\n<p>G\u0142\u00f3wnym motywem spotkania by\u0142a promocja najnowszej powie\u015bci pisarza pt. \u201eWymazane\u201d. Spotkanie mia\u0142o form\u0119 lu\u017anej konwersacji z pisarzem, prowadzonej przez zawiercia\u0144skiego poet\u0119 Kamila Pietrzyka, kt\u00f3ry mi\u0119dzy innymi pyta\u0142 naszego go\u015bcia o inspiracje i okoliczno\u015bci powstania \u201eWymazanego\u201d oraz nawi\u0105zywa\u0142 do poprzednich dzie\u0142 Witkowskiego. Pisarz przeczyta\u0142 r\u00f3wnie\u017c obszerny fragment powie\u015bci: fragment ten wzbudzi\u0142 wielkie zainteresowanie obecnych na spotkaniu s\u0142uchaczy, zw\u0142aszcza tych, kt\u00f3rzy z tw\u00f3rczo\u015bci\u0105 Witkowskiego nie mieli wcze\u015bniej zbyt du\u017cego kontaktu. Obecne w tek\u015bcie barwne, cz\u0119sto groteskowe opisy postaci i rzeczywisto\u015bci, podlane spor\u0105 dawk\u0105 ironii i tak bardzo charakterystyczne dla Witkowskiego, z pewno\u015bci\u0105 pozyska\u0142y w naszym mie\u015bcie nowych fan\u00f3w jego tw\u00f3rczo\u015bci. Nie brak\u0142o zatem ch\u0119tnych, kt\u00f3rzy zakupili egzemplarze \u201eWymazanego\u201d z autografem autora oraz zrobili sobie z nim pami\u0105tkowe zdj\u0119cia.<\/p>\n<p>Nades\u0142a\u0142a: Miejska i Powiatowa Biblioteka Publiczna w Zawierciu<\/p>\n","protected":false},"excerpt":{"rendered":"<p>Spotkanie z Micha\u0142em Witkowskim W ch\u0142odny jesienny wiecz\u00f3r 9 listopada, w Miejskiej i Powiatowej Bibliotece Publicznej w Zawierciu go\u015bcili\u015bmy jednego z czo\u0142owych polskich pisarzy wsp\u00f3\u0142czesnych &#8211; Micha\u0142a Witkowskiego. Pisarz ten jest nie tylko uznanym prozaikiem i felietonist\u0105, ale te\u017c prawdziwym literackim celebryt\u0105 &#8211; w pozytywnym tego s\u0142owa znaczeniu.<\/p>\n","protected":false},"author":3,"featured_media":12394,"comment_status":"closed","ping_status":"closed","sticky":false,"template":"","format":"standard","meta":{"_acf_changed":false,"_exactmetrics_skip_tracking":false,"_exactmetrics_sitenote_active":false,"_exactmetrics_sitenote_note":"","_exactmetrics_sitenote_category":0,"footnotes":""},"categories":[1290],"tags":[1311,110,11],"class_list":["post-12393","post","type-post","status-publish","format-standard","has-post-thumbnail","hentry","category-nr-39-grudzien-2017","tag-michal-witkowski","tag-miejska-i-powiatowa-biblioteka-publiczna-w-zawierciu","tag-spotkanie-autorskie"],"acf":[],"jetpack_featured_media_url":"https:\/\/slaskipegaz.bs.katowice.pl\/wp-content\/uploads\/2017\/12\/23600709_1564686780257504_652901252_o.jpg","_links":{"self":[{"href":"https:\/\/slaskipegaz.bs.katowice.pl\/index.php?rest_route=\/wp\/v2\/posts\/12393","targetHints":{"allow":["GET"]}}],"collection":[{"href":"https:\/\/slaskipegaz.bs.katowice.pl\/index.php?rest_route=\/wp\/v2\/posts"}],"about":[{"href":"https:\/\/slaskipegaz.bs.katowice.pl\/index.php?rest_route=\/wp\/v2\/types\/post"}],"author":[{"embeddable":true,"href":"https:\/\/slaskipegaz.bs.katowice.pl\/index.php?rest_route=\/wp\/v2\/users\/3"}],"replies":[{"embeddable":true,"href":"https:\/\/slaskipegaz.bs.katowice.pl\/index.php?rest_route=%2Fwp%2Fv2%2Fcomments&post=12393"}],"version-history":[{"count":1,"href":"https:\/\/slaskipegaz.bs.katowice.pl\/index.php?rest_route=\/wp\/v2\/posts\/12393\/revisions"}],"predecessor-version":[{"id":12396,"href":"https:\/\/slaskipegaz.bs.katowice.pl\/index.php?rest_route=\/wp\/v2\/posts\/12393\/revisions\/12396"}],"wp:featuredmedia":[{"embeddable":true,"href":"https:\/\/slaskipegaz.bs.katowice.pl\/index.php?rest_route=\/wp\/v2\/media\/12394"}],"wp:attachment":[{"href":"https:\/\/slaskipegaz.bs.katowice.pl\/index.php?rest_route=%2Fwp%2Fv2%2Fmedia&parent=12393"}],"wp:term":[{"taxonomy":"category","embeddable":true,"href":"https:\/\/slaskipegaz.bs.katowice.pl\/index.php?rest_route=%2Fwp%2Fv2%2Fcategories&post=12393"},{"taxonomy":"post_tag","embeddable":true,"href":"https:\/\/slaskipegaz.bs.katowice.pl\/index.php?rest_route=%2Fwp%2Fv2%2Ftags&post=12393"}],"curies":[{"name":"wp","href":"https:\/\/api.w.org\/{rel}","templated":true}]}}