{"id":12468,"date":"2017-12-11T09:05:07","date_gmt":"2017-12-11T08:05:07","guid":{"rendered":"http:\/\/slaskipegaz.bs.katowice.pl\/?p=12468"},"modified":"2017-12-11T09:05:07","modified_gmt":"2017-12-11T08:05:07","slug":"relacja-miejska-i-powiatowa-biblioteka-publiczna-w-zawierciu-80","status":"publish","type":"post","link":"https:\/\/slaskipegaz.bs.katowice.pl\/?p=12468","title":{"rendered":"[Relacja] MIEJSKA I POWIATOWA BIBLIOTEKA PUBLICZNA W ZAWIERCIU"},"content":{"rendered":"<h6 style=\"text-align: center;\">Wyk\u0142ad w wie\u017cy\u00a0<em>Zamachy i tajne operacje<\/em><\/h6>\n<p><a href=\"https:\/\/slaskipegaz.bs.katowice.pl\/wp-content\/uploads\/2017\/12\/DSC_0961.jpg\"><img loading=\"lazy\" decoding=\"async\" class=\"size-medium wp-image-12469 alignleft\" src=\"https:\/\/slaskipegaz.bs.katowice.pl\/wp-content\/uploads\/2017\/12\/DSC_0961-300x200.jpg\" alt=\"WYK\u0141AD\" width=\"300\" height=\"200\" srcset=\"https:\/\/slaskipegaz.bs.katowice.pl\/wp-content\/uploads\/2017\/12\/DSC_0961-300x200.jpg 300w, https:\/\/slaskipegaz.bs.katowice.pl\/wp-content\/uploads\/2017\/12\/DSC_0961-768x512.jpg 768w, https:\/\/slaskipegaz.bs.katowice.pl\/wp-content\/uploads\/2017\/12\/DSC_0961-1024x683.jpg 1024w\" sizes=\"auto, (max-width: 300px) 100vw, 300px\" \/><\/a>Maria D\u0105browska powiedzia\u0142a kiedy\u015b, \u017ce historia rzadko ma co\u015b wsp\u00f3lnego z elegancj\u0105. Wida\u0107 to zw\u0142aszcza wtedy, gdy mowa o historii XX wieku, a konkretnie o historii zbrodniczych totalitaryzm\u00f3w, pod przyw\u00f3dztwem Hitlera i Stalina. Ka\u017cdy jednak zbrodniarz, nawet najpot\u0119\u017cniejszy, musi liczy\u0107 si\u0119 z mo\u017cliwo\u015bci\u0105 zamachu na swoje \u017cycie. O tym, jak zaplanowano i jak przebiega\u0142y zamachy na Adolfa Hitlera i J\u00f3zefa Stalina, mogli\u015bmy si\u0119 dowiedzie\u0107 z kolejnego wyk\u0142adu w ramach cyklu \u201eTajemnice XX wieku\u201d, poprowadzonego przez dr. n. hum. Marcina Janeczka, kt\u00f3ry odby\u0142 si\u0119 15 listopada w sali Miejskiej i Powiatowej Biblioteki Publicznej w Zawierciu.<!--more--><\/p>\n<p>Posta\u0107 Marcina Janeczka nie wymaga w naszym mie\u015bcie rekomendacji: jego barwny styl wyk\u0142adania przywodzi na my\u015bl popularnego dziennikarza Bogus\u0142awa Wo\u0142osza\u0144skiego, a spotkania z nim s\u0105 zawsze okraszone projekcj\u0105 tematycznych slajd\u00f3w. Dr Janeczek opowiedzia\u0142 o pr\u00f3bach zamachu na Hitlera i Stalina, skupiaj\u0105c si\u0119 przede wszystkim na tych mniej znanych i spektakularnych.<\/p>\n<p><a href=\"https:\/\/slaskipegaz.bs.katowice.pl\/wp-content\/uploads\/2017\/12\/DSC_0962.jpg\"><img loading=\"lazy\" decoding=\"async\" class=\"aligncenter size-medium wp-image-12470\" src=\"https:\/\/slaskipegaz.bs.katowice.pl\/wp-content\/uploads\/2017\/12\/DSC_0962-300x200.jpg\" alt=\"SPOTKANIE\" width=\"300\" height=\"200\" srcset=\"https:\/\/slaskipegaz.bs.katowice.pl\/wp-content\/uploads\/2017\/12\/DSC_0962-300x200.jpg 300w, https:\/\/slaskipegaz.bs.katowice.pl\/wp-content\/uploads\/2017\/12\/DSC_0962-768x512.jpg 768w, https:\/\/slaskipegaz.bs.katowice.pl\/wp-content\/uploads\/2017\/12\/DSC_0962-1024x683.jpg 1024w\" sizes=\"auto, (max-width: 300px) 100vw, 300px\" \/><\/a><\/p>\n<p>Z wyk\u0142adu dowiedzieli\u015bmy si\u0119 r\u00f3wnie\u017c co nieco\u00a0o zwyczajach i mentalno\u015bci obydw\u00f3ch dyktator\u00f3w oraz o stosowanych przez nich \u015brodkach bezpiecze\u0144stwa, jako \u017ce obydwaj, zw\u0142aszcza Stalin, ci\u0105gle obawiali si\u0119 o swoje \u017cycie. Dlatego te\u017c, opr\u00f3cz standardowych \u015brodk\u00f3w bezpiecze\u0144stwa, obaj pos\u0142ugiwali si\u0119 dublerami. Poruszona zosta\u0142a r\u00f3wnie\u017c sprawa \u015bmierci Hitlera, kt\u00f3rej okoliczno\u015bci nadal nie s\u0105 do ko\u0144ca jasne i bezsprzecznie udowodnione.<\/p>\n<p>Cho\u0107 spotkanie z dr. Janeczkiem by\u0142o tre\u015bciwe, w widoczny spos\u00f3b rozbudzi\u0142o apetyty s\u0142uchaczy na wi\u0119cej historycznych sensacji. Sensacji tych z pewno\u015bci\u0105 nie zabraknie podczas kolejnego wyk\u0142adu, kt\u00f3ry odb\u0119dzie si\u0119 w Miejskiej i Powiatowej Bibliotece Publicznej\u00a013 grudnia. Ju\u017c teraz serdecznie na ten wyk\u0142ad zapraszamy!<\/p>\n<p>Nades\u0142a\u0142a: Miejska i Powiatowa Biblioteka Publiczna w Zawierciu<\/p>\n","protected":false},"excerpt":{"rendered":"<p>Wyk\u0142ad w wie\u017cy\u00a0Zamachy i tajne operacje Maria D\u0105browska powiedzia\u0142a kiedy\u015b, \u017ce historia rzadko ma co\u015b wsp\u00f3lnego z elegancj\u0105. Wida\u0107 to zw\u0142aszcza wtedy, gdy mowa o historii XX wieku, a konkretnie o historii zbrodniczych totalitaryzm\u00f3w, pod przyw\u00f3dztwem Hitlera i Stalina. Ka\u017cdy jednak zbrodniarz, nawet najpot\u0119\u017cniejszy, musi liczy\u0107 si\u0119 z mo\u017cliwo\u015bci\u0105 zamachu na swoje \u017cycie. O tym, &hellip; <a href=\"https:\/\/slaskipegaz.bs.katowice.pl\/?p=12468\" class=\"more-link\">Czytaj dalej <span class=\"screen-reader-text\">[Relacja] MIEJSKA I POWIATOWA BIBLIOTEKA PUBLICZNA W ZAWIERCIU<\/span> <span class=\"meta-nav\">&rarr;<\/span><\/a><\/p>\n","protected":false},"author":3,"featured_media":12469,"comment_status":"closed","ping_status":"closed","sticky":false,"template":"","format":"standard","meta":{"_acf_changed":false,"_exactmetrics_skip_tracking":false,"_exactmetrics_sitenote_active":false,"_exactmetrics_sitenote_note":"","_exactmetrics_sitenote_category":0,"footnotes":""},"categories":[1290],"tags":[1236,110,1212],"class_list":["post-12468","post","type-post","status-publish","format-standard","has-post-thumbnail","hentry","category-nr-39-grudzien-2017","tag-marcin-janeczek","tag-miejska-i-powiatowa-biblioteka-publiczna-w-zawierciu","tag-wyklad-historyczny"],"acf":[],"jetpack_featured_media_url":"https:\/\/slaskipegaz.bs.katowice.pl\/wp-content\/uploads\/2017\/12\/DSC_0961.jpg","_links":{"self":[{"href":"https:\/\/slaskipegaz.bs.katowice.pl\/index.php?rest_route=\/wp\/v2\/posts\/12468","targetHints":{"allow":["GET"]}}],"collection":[{"href":"https:\/\/slaskipegaz.bs.katowice.pl\/index.php?rest_route=\/wp\/v2\/posts"}],"about":[{"href":"https:\/\/slaskipegaz.bs.katowice.pl\/index.php?rest_route=\/wp\/v2\/types\/post"}],"author":[{"embeddable":true,"href":"https:\/\/slaskipegaz.bs.katowice.pl\/index.php?rest_route=\/wp\/v2\/users\/3"}],"replies":[{"embeddable":true,"href":"https:\/\/slaskipegaz.bs.katowice.pl\/index.php?rest_route=%2Fwp%2Fv2%2Fcomments&post=12468"}],"version-history":[{"count":1,"href":"https:\/\/slaskipegaz.bs.katowice.pl\/index.php?rest_route=\/wp\/v2\/posts\/12468\/revisions"}],"predecessor-version":[{"id":12471,"href":"https:\/\/slaskipegaz.bs.katowice.pl\/index.php?rest_route=\/wp\/v2\/posts\/12468\/revisions\/12471"}],"wp:featuredmedia":[{"embeddable":true,"href":"https:\/\/slaskipegaz.bs.katowice.pl\/index.php?rest_route=\/wp\/v2\/media\/12469"}],"wp:attachment":[{"href":"https:\/\/slaskipegaz.bs.katowice.pl\/index.php?rest_route=%2Fwp%2Fv2%2Fmedia&parent=12468"}],"wp:term":[{"taxonomy":"category","embeddable":true,"href":"https:\/\/slaskipegaz.bs.katowice.pl\/index.php?rest_route=%2Fwp%2Fv2%2Fcategories&post=12468"},{"taxonomy":"post_tag","embeddable":true,"href":"https:\/\/slaskipegaz.bs.katowice.pl\/index.php?rest_route=%2Fwp%2Fv2%2Ftags&post=12468"}],"curies":[{"name":"wp","href":"https:\/\/api.w.org\/{rel}","templated":true}]}}