{"id":12472,"date":"2017-12-11T09:12:28","date_gmt":"2017-12-11T08:12:28","guid":{"rendered":"http:\/\/slaskipegaz.bs.katowice.pl\/?p=12472"},"modified":"2017-12-11T09:12:28","modified_gmt":"2017-12-11T08:12:28","slug":"relacja-ksiaznica-beskidzka-w-bielsku-bialej-72","status":"publish","type":"post","link":"https:\/\/slaskipegaz.bs.katowice.pl\/?p=12472","title":{"rendered":"[Relacja] KSI\u0104\u017bNICA BESKIDZKA W BIELSKU-BIA\u0141EJ"},"content":{"rendered":"<h6 style=\"text-align: center;\">Spotkanie z Magdalen\u0105 Grzeba\u0142kowsk\u0105<\/h6>\n<p><a href=\"https:\/\/slaskipegaz.bs.katowice.pl\/wp-content\/uploads\/2017\/12\/DSC_0013.jpg\"><img loading=\"lazy\" decoding=\"async\" class=\"size-medium wp-image-12473 alignleft\" src=\"https:\/\/slaskipegaz.bs.katowice.pl\/wp-content\/uploads\/2017\/12\/DSC_0013-300x199.jpg\" alt=\"AUTORKA\" width=\"300\" height=\"199\" srcset=\"https:\/\/slaskipegaz.bs.katowice.pl\/wp-content\/uploads\/2017\/12\/DSC_0013-300x199.jpg 300w, https:\/\/slaskipegaz.bs.katowice.pl\/wp-content\/uploads\/2017\/12\/DSC_0013-768x508.jpg 768w, https:\/\/slaskipegaz.bs.katowice.pl\/wp-content\/uploads\/2017\/12\/DSC_0013-1024x678.jpg 1024w, https:\/\/slaskipegaz.bs.katowice.pl\/wp-content\/uploads\/2017\/12\/DSC_0013.jpg 1280w\" sizes=\"auto, (max-width: 300px) 100vw, 300px\" \/><\/a>16 listopada w Ksi\u0105\u017cnicy Beskidzkiej odby\u0142o si\u0119 kolejne spotkanie w ramach grantu <em>Literacki Orient Express<\/em> dofinansowanego ze \u015brodk\u00f3w Ministra Kultury i Dziedzictwa Narodowego. Go\u015bciem bielskiej biblioteki by\u0142a reporterka i dziennikarka, Magdalena Grzeba\u0142kowska, autorka biografii o ksi\u0119dzu Janie Twardowskim (<em>Ksi\u0105dz Paradoks. Biografia Jana Twardowskiego<\/em>) oraz Tomaszu i Zdzis\u0142awie Beksi\u0144skich (<em>Beksi\u0144scy. Portret podw\u00f3jny<\/em>), laureatka Nagrody Nike 2016 Wyb\u00f3r Czytelnik\u00f3w za reporta\u017c <em>1945. Wojna i pok\u00f3j<\/em>. Spotkanie poprowadzi\u0142a profesor Anna W\u0119grzyniak.<!--more--><\/p>\n<p>Tematem spotkania by\u0142a wydana w 2015 roku ksi\u0105\u017cka pt. <em>1945. Wojna i Pok\u00f3j<\/em>. S\u0105 to pieczo\u0142owicie zebrane przez Grzeba\u0142kowsk\u0105 historie zwyk\u0142ych ludzi, dla kt\u00f3rych wojna nie sko\u0144czy\u0142a si\u0119 wraz z podpisaniem traktat\u00f3w pokojowych. Ludzie ci, rzucani przez histori\u0119 z jednego miejsca na drugie, musieli ci\u0105gle walczy\u0107 o byt. Grzeba\u0142kowska oddaje g\u0142os tym, kt\u00f3rzy ocaleli i w zniszczonym kraju pr\u00f3bowali znale\u017a\u0107 swoje miejsce. I niewa\u017cne czy byli to uczciwi ludzie, czy szabrownicy, dla kt\u00f3rych pozostawiony przez uciekajacych Niemc\u00f3w maj\u0105tki by\u0142 \u0142akomym k\u0105skiem. Ka\u017cda historia jest wa\u017cna.<\/p>\n<p><a href=\"https:\/\/slaskipegaz.bs.katowice.pl\/wp-content\/uploads\/2017\/12\/DSC_0008.jpg\"><img loading=\"lazy\" decoding=\"async\" class=\"aligncenter size-medium wp-image-12474\" src=\"https:\/\/slaskipegaz.bs.katowice.pl\/wp-content\/uploads\/2017\/12\/DSC_0008-300x199.jpg\" alt=\"SPOTKANIE\" width=\"300\" height=\"199\" srcset=\"https:\/\/slaskipegaz.bs.katowice.pl\/wp-content\/uploads\/2017\/12\/DSC_0008-300x199.jpg 300w, https:\/\/slaskipegaz.bs.katowice.pl\/wp-content\/uploads\/2017\/12\/DSC_0008-768x508.jpg 768w, https:\/\/slaskipegaz.bs.katowice.pl\/wp-content\/uploads\/2017\/12\/DSC_0008-1024x678.jpg 1024w, https:\/\/slaskipegaz.bs.katowice.pl\/wp-content\/uploads\/2017\/12\/DSC_0008.jpg 1280w\" sizes=\"auto, (max-width: 300px) 100vw, 300px\" \/><\/a><\/p>\n<p>Ksi\u0105\u017cka Magdaleny Grzeba\u0142kowskiej robi ogromne wra\u017cenie. Zebrane historie autorka wpisuje w matryc\u0119 kalendarza \u2013 dwana\u015bcie historii, po jednej na ka\u017cdy miesi\u0105c. Grzeba\u0142kowska opowiedzia\u0142a o tym, jak szuka\u0142a temat\u00f3w do swojej ksi\u0105\u017cki. Nie by\u0142o to \u0142atwe, poniewa\u017c autorka chcia\u0142a dotrze\u0107 do \u015bwiadk\u00f3w, os\u00f3b, kt\u00f3re widzia\u0142y, prze\u017cy\u0142y, do\u015bwiadczy\u0142y. Efektem tych poszukiwa\u0144 jest niezwykle plastyczny, sugestywny obraz czasu ni to wojny ni to pokoju, pe\u0142en b\u00f3lu, strachu, niepewno\u015bci.<\/p>\n<p>Grzeba\u0142kowska w trakcie spotkania m\u00f3wi\u0142a o pracy reportera, kt\u00f3ra cz\u0119sto bywa ci\u0119\u017cka i bardzo niewdzi\u0119czna. Sam proces powstawania ksi\u0105\u017cki \u2013 reporta\u017cu to, jak m\u00f3wi\u0142a autorka, katorga. Wiele godzin \u017cmudnego przeszukiwania archiw\u00f3w, bibliotek, podr\u00f3\u017cy po ca\u0142ej Polsce i nie tylko, by dotrze\u0107 do naocznych \u015bwiadk\u00f3w, przekonywanie ich do opowiedzenia swoich cz\u0119sto wstrz\u0105saj\u0105cych historii. Taka praca jest niezwykle wyczerpuj\u0105ca nie tylko fizycznie, ale przede wszystkim psychicznie. Trudno bowiem ca\u0142kowicie emocjonalnie odci\u0105\u0107 si\u0119 od zas\u0142yszanych historii. Ale, jak m\u00f3wi\u0142a autorka, to nie ona ma si\u0119 wzrusza\u0107, a czytelnik, kt\u00f3ry namacalnie ma \u00a0poczu\u0107 strach, b\u00f3l.<\/p>\n<p><a href=\"https:\/\/slaskipegaz.bs.katowice.pl\/wp-content\/uploads\/2017\/12\/DSC_0014.jpg\"><img loading=\"lazy\" decoding=\"async\" class=\"aligncenter size-medium wp-image-12475\" src=\"https:\/\/slaskipegaz.bs.katowice.pl\/wp-content\/uploads\/2017\/12\/DSC_0014-300x199.jpg\" alt=\"spotkanie\" width=\"300\" height=\"199\" srcset=\"https:\/\/slaskipegaz.bs.katowice.pl\/wp-content\/uploads\/2017\/12\/DSC_0014-300x199.jpg 300w, https:\/\/slaskipegaz.bs.katowice.pl\/wp-content\/uploads\/2017\/12\/DSC_0014-768x508.jpg 768w, https:\/\/slaskipegaz.bs.katowice.pl\/wp-content\/uploads\/2017\/12\/DSC_0014-1024x678.jpg 1024w, https:\/\/slaskipegaz.bs.katowice.pl\/wp-content\/uploads\/2017\/12\/DSC_0014.jpg 1280w\" sizes=\"auto, (max-width: 300px) 100vw, 300px\" \/><\/a><\/p>\n<p>Na zako\u0144czenie Grzeba\u0142kowska opowiedzia\u0142a o ksi\u0105\u017cce nad kt\u00f3r\u0105 obecnie pracuje. Jest to biografia Krzysztofa Komedy \u2013 kompozytora jazzowego, pianisty, znanego na ca\u0142ym \u015bwiecie autora standard\u00f3w jazzowych.<\/p>\n<p>Nades\u0142a\u0142a: Ksi\u0105\u017cnica Beskidzka w Bielsku-Bia\u0142ej<\/p>\n","protected":false},"excerpt":{"rendered":"<p>Spotkanie z Magdalen\u0105 Grzeba\u0142kowsk\u0105 16 listopada w Ksi\u0105\u017cnicy Beskidzkiej odby\u0142o si\u0119 kolejne spotkanie w ramach grantu Literacki Orient Express dofinansowanego ze \u015brodk\u00f3w Ministra Kultury i Dziedzictwa Narodowego. Go\u015bciem bielskiej biblioteki by\u0142a reporterka i dziennikarka, Magdalena Grzeba\u0142kowska, autorka biografii o ksi\u0119dzu Janie Twardowskim (Ksi\u0105dz Paradoks. Biografia Jana Twardowskiego) oraz Tomaszu i Zdzis\u0142awie Beksi\u0144skich (Beksi\u0144scy. Portret podw\u00f3jny), &hellip; <a href=\"https:\/\/slaskipegaz.bs.katowice.pl\/?p=12472\" class=\"more-link\">Czytaj dalej <span class=\"screen-reader-text\">[Relacja] KSI\u0104\u017bNICA BESKIDZKA W BIELSKU-BIA\u0141EJ<\/span> <span class=\"meta-nav\">&rarr;<\/span><\/a><\/p>\n","protected":false},"author":3,"featured_media":12473,"comment_status":"closed","ping_status":"closed","sticky":false,"template":"","format":"standard","meta":{"_acf_changed":false,"_exactmetrics_skip_tracking":false,"_exactmetrics_sitenote_active":false,"_exactmetrics_sitenote_note":"","_exactmetrics_sitenote_category":0,"footnotes":""},"categories":[1290],"tags":[83,1262,1318,11],"class_list":["post-12472","post","type-post","status-publish","format-standard","has-post-thumbnail","hentry","category-nr-39-grudzien-2017","tag-ksiaznica-beskidzka","tag-literacki-orient-express","tag-magdalena-grzebalkowska","tag-spotkanie-autorskie"],"acf":[],"jetpack_featured_media_url":"https:\/\/slaskipegaz.bs.katowice.pl\/wp-content\/uploads\/2017\/12\/DSC_0013.jpg","_links":{"self":[{"href":"https:\/\/slaskipegaz.bs.katowice.pl\/index.php?rest_route=\/wp\/v2\/posts\/12472","targetHints":{"allow":["GET"]}}],"collection":[{"href":"https:\/\/slaskipegaz.bs.katowice.pl\/index.php?rest_route=\/wp\/v2\/posts"}],"about":[{"href":"https:\/\/slaskipegaz.bs.katowice.pl\/index.php?rest_route=\/wp\/v2\/types\/post"}],"author":[{"embeddable":true,"href":"https:\/\/slaskipegaz.bs.katowice.pl\/index.php?rest_route=\/wp\/v2\/users\/3"}],"replies":[{"embeddable":true,"href":"https:\/\/slaskipegaz.bs.katowice.pl\/index.php?rest_route=%2Fwp%2Fv2%2Fcomments&post=12472"}],"version-history":[{"count":1,"href":"https:\/\/slaskipegaz.bs.katowice.pl\/index.php?rest_route=\/wp\/v2\/posts\/12472\/revisions"}],"predecessor-version":[{"id":12476,"href":"https:\/\/slaskipegaz.bs.katowice.pl\/index.php?rest_route=\/wp\/v2\/posts\/12472\/revisions\/12476"}],"wp:featuredmedia":[{"embeddable":true,"href":"https:\/\/slaskipegaz.bs.katowice.pl\/index.php?rest_route=\/wp\/v2\/media\/12473"}],"wp:attachment":[{"href":"https:\/\/slaskipegaz.bs.katowice.pl\/index.php?rest_route=%2Fwp%2Fv2%2Fmedia&parent=12472"}],"wp:term":[{"taxonomy":"category","embeddable":true,"href":"https:\/\/slaskipegaz.bs.katowice.pl\/index.php?rest_route=%2Fwp%2Fv2%2Fcategories&post=12472"},{"taxonomy":"post_tag","embeddable":true,"href":"https:\/\/slaskipegaz.bs.katowice.pl\/index.php?rest_route=%2Fwp%2Fv2%2Ftags&post=12472"}],"curies":[{"name":"wp","href":"https:\/\/api.w.org\/{rel}","templated":true}]}}