{"id":12482,"date":"2017-12-11T14:18:34","date_gmt":"2017-12-11T13:18:34","guid":{"rendered":"http:\/\/slaskipegaz.bs.katowice.pl\/?p=12482"},"modified":"2017-12-11T14:18:34","modified_gmt":"2017-12-11T13:18:34","slug":"relacja-miejska-biblioteka-publiczna-w-czeladzi-33","status":"publish","type":"post","link":"https:\/\/slaskipegaz.bs.katowice.pl\/?p=12482","title":{"rendered":"[Relacja] MIEJSKA BIBLIOTEKA PUBLICZNA W CZELADZI"},"content":{"rendered":"<h6 class=\"western\" align=\"center\"><span style=\"font-size: medium;\">Czeladzka premiera filmowa w MBP!<\/span><\/h6>\n<p class=\"western\" align=\"justify\"><span style=\"font-size: medium;\"> <a href=\"https:\/\/slaskipegaz.bs.katowice.pl\/wp-content\/uploads\/2017\/12\/zdj\u0119cia-047.jpg\"><img loading=\"lazy\" decoding=\"async\" class=\"size-medium wp-image-12483 alignleft\" src=\"https:\/\/slaskipegaz.bs.katowice.pl\/wp-content\/uploads\/2017\/12\/zdj\u0119cia-047-300x244.jpg\" alt=\"spotkanie\" width=\"300\" height=\"244\" srcset=\"https:\/\/slaskipegaz.bs.katowice.pl\/wp-content\/uploads\/2017\/12\/zdj\u0119cia-047-300x244.jpg 300w, https:\/\/slaskipegaz.bs.katowice.pl\/wp-content\/uploads\/2017\/12\/zdj\u0119cia-047-768x626.jpg 768w, https:\/\/slaskipegaz.bs.katowice.pl\/wp-content\/uploads\/2017\/12\/zdj\u0119cia-047-1024x834.jpg 1024w, https:\/\/slaskipegaz.bs.katowice.pl\/wp-content\/uploads\/2017\/12\/zdj\u0119cia-047.jpg 1192w\" sizes=\"auto, (max-width: 300px) 100vw, 300px\" \/><\/a>20 listopada w Miejskiej Bibliotece Publicznej w Czeladzi odby\u0142a si\u0119 uroczysta premiera filmu &#8222;Magiczna przygoda&#8221; w re\u017cyserii Jaros\u0142awa Cyby.<\/span><!--more--><\/p>\n<p align=\"justify\">\u201eMagiczna przygoda&#8221; jest obrazem inspirowanym tw\u00f3rczo\u015bci\u0105 J. R. R. Tolkiena<em> &#8211; jednego z najpoczytniejszych autor\u00f3w fantasy, znanego z tytu\u0142\u00f3w takich jak\u00a0<\/em>\u201e<em>W\u0142adca pier\u015bcieni&#8221; czy\u00a0<\/em>\u201e<em>Hobbit, czyli tam i z powrotem&#8221;<\/em><em><b>.<\/b><\/em><em> Wyb\u00f3r ten nie by\u0142 przypadkowy, <\/em><em>bowiem <\/em><em>w tym roku\u00a0<\/em>\u201e<em>Hobbit&#8221; obchodzi <\/em><em> osiemdziesi\u0119ciolecie pierwszego wydania. <\/em>Film zosta\u0142 zrealizowany podczas prowadzonych przez czeladzk\u0105 ksi\u0105\u017cnic\u0119 wakacyjnych warsztat\u00f3w aktorskich. Wyst\u0105pili w nim m\u0142odzi aktorzy-amatorzy z Czeladzi i B\u0119dzina.<\/p>\n<p align=\"justify\">Za ca\u0142okszta\u0142t produkcji: scenariusz, re\u017cyseri\u0119, kostiumy oraz monta\u017c odpowiedzialny jest Jaros\u0142aw Cyba &#8211; lider kabaretu DNO, tw\u00f3rca wielu kr\u00f3tkich form i etiud filmowych. Pod jego okiem odbywa\u0142y si\u0119 r\u00f3wnie\u017c warsztaty aktorskie, dzi\u0119ki kt\u00f3rym premier\u0119 filmu u\u015bwietni\u0142 wyst\u0119p \u201eNajmniejszego cyrku \u015bwiata&#8221;. Warsztaty mia\u0142y na celu interakcj\u0119 m\u0142odego aktora z ekranem i patrz\u0105c na ich finalny efekt mo\u017cna powiedzie\u0107, \u017ce plan ten zosta\u0142 w pe\u0142ni zrealizowany. M\u0142odzie\u017cowa trupa komediancka, nie okazuj\u0105c tremy przed pe\u0142n\u0105 sal\u0105, oczarowa\u0142a swoimi popisami zar\u00f3wno starszych, jak i m\u0142odszych widz\u00f3w.<\/p>\n<p align=\"justify\"><a href=\"https:\/\/slaskipegaz.bs.katowice.pl\/wp-content\/uploads\/2017\/12\/zdj\u0119cia-170.jpg\"><img loading=\"lazy\" decoding=\"async\" class=\"aligncenter size-medium wp-image-12484\" src=\"https:\/\/slaskipegaz.bs.katowice.pl\/wp-content\/uploads\/2017\/12\/zdj\u0119cia-170-300x230.jpg\" alt=\"aktorzy\" width=\"300\" height=\"230\" srcset=\"https:\/\/slaskipegaz.bs.katowice.pl\/wp-content\/uploads\/2017\/12\/zdj\u0119cia-170-300x230.jpg 300w, https:\/\/slaskipegaz.bs.katowice.pl\/wp-content\/uploads\/2017\/12\/zdj\u0119cia-170-768x590.jpg 768w, https:\/\/slaskipegaz.bs.katowice.pl\/wp-content\/uploads\/2017\/12\/zdj\u0119cia-170-1024x787.jpg 1024w, https:\/\/slaskipegaz.bs.katowice.pl\/wp-content\/uploads\/2017\/12\/zdj\u0119cia-170.jpg 1410w\" sizes=\"auto, (max-width: 300px) 100vw, 300px\" \/><\/a><\/p>\n<p align=\"justify\">Po pokazie i seansie filmowym arty\u015bci otrzymali podzi\u0119kowania z r\u0105k Burmistrza Czeladzi, pana Zbigniewa Szale\u0144ca oraz pani Bo\u017ceny Podg\u00f3rskiej, Dyrektor Miejskiej Biblioteki w Czeladzi. Po tych pe\u0142nych emocji chwilach na wszystkich czeka\u0142 zas\u0142u\u017cony, s\u0142odki pocz\u0119stunek.<\/p>\n<p align=\"justify\">Oba projekty zosta\u0142y dofinansowane ze \u015brodk\u00f3w Ministra Kultury i Dziedzictwa Narodowego.<\/p>\n<p class=\"western\" align=\"justify\"><span style=\"font-size: medium;\">Nades\u0142a\u0142a: Daria Sw\u0119dzio\u0142,\u00a0<\/span><span style=\"font-size: medium;\"> Miejska Biblioteka Publiczna w Czeladzi<\/span><\/p>\n","protected":false},"excerpt":{"rendered":"<p>Czeladzka premiera filmowa w MBP! 20 listopada w Miejskiej Bibliotece Publicznej w Czeladzi odby\u0142a si\u0119 uroczysta premiera filmu &#8222;Magiczna przygoda&#8221; w re\u017cyserii Jaros\u0142awa Cyby.<\/p>\n","protected":false},"author":3,"featured_media":12483,"comment_status":"closed","ping_status":"closed","sticky":false,"template":"","format":"standard","meta":{"_acf_changed":false,"_exactmetrics_skip_tracking":false,"_exactmetrics_sitenote_active":false,"_exactmetrics_sitenote_note":"","_exactmetrics_sitenote_category":0,"footnotes":""},"categories":[1290],"tags":[1319,25],"class_list":["post-12482","post","type-post","status-publish","format-standard","has-post-thumbnail","hentry","category-nr-39-grudzien-2017","tag-j-r-r-tolkien","tag-miejska-biblioteka-publiczna-w-czeladzi"],"acf":[],"jetpack_featured_media_url":"https:\/\/slaskipegaz.bs.katowice.pl\/wp-content\/uploads\/2017\/12\/zdj\u0119cia-047.jpg","_links":{"self":[{"href":"https:\/\/slaskipegaz.bs.katowice.pl\/index.php?rest_route=\/wp\/v2\/posts\/12482","targetHints":{"allow":["GET"]}}],"collection":[{"href":"https:\/\/slaskipegaz.bs.katowice.pl\/index.php?rest_route=\/wp\/v2\/posts"}],"about":[{"href":"https:\/\/slaskipegaz.bs.katowice.pl\/index.php?rest_route=\/wp\/v2\/types\/post"}],"author":[{"embeddable":true,"href":"https:\/\/slaskipegaz.bs.katowice.pl\/index.php?rest_route=\/wp\/v2\/users\/3"}],"replies":[{"embeddable":true,"href":"https:\/\/slaskipegaz.bs.katowice.pl\/index.php?rest_route=%2Fwp%2Fv2%2Fcomments&post=12482"}],"version-history":[{"count":1,"href":"https:\/\/slaskipegaz.bs.katowice.pl\/index.php?rest_route=\/wp\/v2\/posts\/12482\/revisions"}],"predecessor-version":[{"id":12485,"href":"https:\/\/slaskipegaz.bs.katowice.pl\/index.php?rest_route=\/wp\/v2\/posts\/12482\/revisions\/12485"}],"wp:featuredmedia":[{"embeddable":true,"href":"https:\/\/slaskipegaz.bs.katowice.pl\/index.php?rest_route=\/wp\/v2\/media\/12483"}],"wp:attachment":[{"href":"https:\/\/slaskipegaz.bs.katowice.pl\/index.php?rest_route=%2Fwp%2Fv2%2Fmedia&parent=12482"}],"wp:term":[{"taxonomy":"category","embeddable":true,"href":"https:\/\/slaskipegaz.bs.katowice.pl\/index.php?rest_route=%2Fwp%2Fv2%2Fcategories&post=12482"},{"taxonomy":"post_tag","embeddable":true,"href":"https:\/\/slaskipegaz.bs.katowice.pl\/index.php?rest_route=%2Fwp%2Fv2%2Ftags&post=12482"}],"curies":[{"name":"wp","href":"https:\/\/api.w.org\/{rel}","templated":true}]}}