{"id":13166,"date":"2018-02-19T10:03:38","date_gmt":"2018-02-19T09:03:38","guid":{"rendered":"http:\/\/slaskipegaz.bs.katowice.pl\/?p=13166"},"modified":"2018-03-07T09:54:25","modified_gmt":"2018-03-07T08:54:25","slug":"relacja-miejska-biblioteka-publiczna-w-wisle-36","status":"publish","type":"post","link":"https:\/\/slaskipegaz.bs.katowice.pl\/?p=13166","title":{"rendered":"[Relacja] MIEJSKA BIBLIOTEKA PUBLICZNA W WI\u015aLE"},"content":{"rendered":"<h6 style=\"text-align: center;\">Festiwal z Romualdem Koperskim<\/h6>\n<p><a href=\"https:\/\/slaskipegaz.bs.katowice.pl\/wp-content\/uploads\/2018\/02\/ozveny_luty_2018_007.png\"><img loading=\"lazy\" decoding=\"async\" class=\"size-medium wp-image-13167 alignleft\" src=\"https:\/\/slaskipegaz.bs.katowice.pl\/wp-content\/uploads\/2018\/02\/ozveny_luty_2018_007-300x200.png\" alt=\"festiwal\" width=\"300\" height=\"200\" srcset=\"https:\/\/slaskipegaz.bs.katowice.pl\/wp-content\/uploads\/2018\/02\/ozveny_luty_2018_007-300x200.png 300w, https:\/\/slaskipegaz.bs.katowice.pl\/wp-content\/uploads\/2018\/02\/ozveny_luty_2018_007-768x512.png 768w, https:\/\/slaskipegaz.bs.katowice.pl\/wp-content\/uploads\/2018\/02\/ozveny_luty_2018_007.png 1024w\" sizes=\"auto, (max-width: 300px) 100vw, 300px\" \/><\/a>W Miejskiej Bibliotece Publicznej w Wi\u015ble 10 lutego odby\u0142 si\u0119 niezwyk\u0142y polsko-czeski festiwal podr\u00f3\u017cniczo-muzyczny \u201eCzekaj\u0105c na wiosn\u0119\u201d. To pierwsza edycja zagraniczna czeskiej imprezy <em>Jarn\u00ed Ozv\u0115ny cestovatelsk\u00fd a hudebn\u00ed festival<\/em> od lat organizowanej w Ostrawie przez Stowarzyszenie \u201eFolk v Ostrav\u0115\u201d. Pomys\u0142 na spotkanie podr\u00f3\u017cnik\u00f3w i muzyk\u00f3w przenie\u015bli do Wis\u0142y pa\u0144stwo Krystyna i Jacek Nawroccy, kt\u00f3rzy wielokrotnie uczestniczyli w podobnych wydarzeniach po drugiej stronie Olzy.<!--more--><\/p>\n<p>Spotkanie rozpocz\u0119\u0142o si\u0119 pokazem pi\u0119knych zdj\u0119\u0107 m.in. Miros\u0142awa Dudy z Niskich i Wysokich Tatr oraz ekstremalnych sp\u0142yw\u00f3w kajakowych. Przed prelekcj\u0105 wi\u015blanina, Boles\u0142awa Cie\u015blara, wyst\u0105pi\u0142a kapela Zespo\u0142u \u201eWis\u0142a\u201d.<\/p>\n<p><a href=\"https:\/\/slaskipegaz.bs.katowice.pl\/wp-content\/uploads\/2018\/02\/ozveny_luty_2018_009.png\"><img loading=\"lazy\" decoding=\"async\" class=\"aligncenter size-medium wp-image-13169\" src=\"https:\/\/slaskipegaz.bs.katowice.pl\/wp-content\/uploads\/2018\/02\/ozveny_luty_2018_009-300x200.png\" alt=\"estrada\" width=\"300\" height=\"200\" srcset=\"https:\/\/slaskipegaz.bs.katowice.pl\/wp-content\/uploads\/2018\/02\/ozveny_luty_2018_009-300x200.png 300w, https:\/\/slaskipegaz.bs.katowice.pl\/wp-content\/uploads\/2018\/02\/ozveny_luty_2018_009-768x512.png 768w, https:\/\/slaskipegaz.bs.katowice.pl\/wp-content\/uploads\/2018\/02\/ozveny_luty_2018_009.png 1024w\" sizes=\"auto, (max-width: 300px) 100vw, 300px\" \/><\/a><\/p>\n<p>&nbsp;<\/p>\n<p>Nast\u0119pnie znany ratownik GOPR opowiedzia\u0142 o wyprawie na Spitsbergen: ciekawych spotkaniach nie tylko z lud\u017ami, ale i nied\u017awiedziami, lodowcach i fokach. Towarzyszy\u0142a tej relacji nie tylko prezentacja multimedialna, ale tak\u017ce wystawa tradycyjnych zdj\u0119\u0107, kt\u00f3r\u0105 mo\u017cna ogl\u0105da\u0107 w bibliotece do 28 marca.<\/p>\n<p><a href=\"https:\/\/slaskipegaz.bs.katowice.pl\/wp-content\/uploads\/2018\/02\/ozveny_luty_2018_012.png\"><img loading=\"lazy\" decoding=\"async\" class=\"aligncenter size-medium wp-image-13170\" src=\"https:\/\/slaskipegaz.bs.katowice.pl\/wp-content\/uploads\/2018\/02\/ozveny_luty_2018_012-300x200.png\" alt=\"prelekcja\" width=\"300\" height=\"200\" srcset=\"https:\/\/slaskipegaz.bs.katowice.pl\/wp-content\/uploads\/2018\/02\/ozveny_luty_2018_012-300x200.png 300w, https:\/\/slaskipegaz.bs.katowice.pl\/wp-content\/uploads\/2018\/02\/ozveny_luty_2018_012-768x512.png 768w, https:\/\/slaskipegaz.bs.katowice.pl\/wp-content\/uploads\/2018\/02\/ozveny_luty_2018_012.png 1024w\" sizes=\"auto, (max-width: 300px) 100vw, 300px\" \/><\/a><\/p>\n<p>Nast\u0119pnie ciekawy instrument zwany Chapman Stick i wywodz\u0105cy si\u0119 od gitary i gitary basowej zaprezentowa\u0142 Radim Duda. Instrument zosta\u0142 skonstruowany przez Emmetta Chapmana na pocz\u0105tku lat 70. XX wieku natomiast pierwszy model produkcyjny powsta\u0142 w 1974 roku. Zdecydowana wi\u0119kszo\u015b\u0107 s\u0142uchaczy mini koncertu pierwszy raz mia\u0142a okazj\u0119 zobaczy\u0107 tak nietypow\u0105 rzecz.<a href=\"https:\/\/slaskipegaz.bs.katowice.pl\/wp-content\/uploads\/2018\/02\/ozveny_luty_2018_016.png\"><img loading=\"lazy\" decoding=\"async\" class=\"aligncenter size-medium wp-image-13168\" src=\"https:\/\/slaskipegaz.bs.katowice.pl\/wp-content\/uploads\/2018\/02\/ozveny_luty_2018_016-200x300.png\" alt=\"koncert\" width=\"200\" height=\"300\" srcset=\"https:\/\/slaskipegaz.bs.katowice.pl\/wp-content\/uploads\/2018\/02\/ozveny_luty_2018_016-200x300.png 200w, https:\/\/slaskipegaz.bs.katowice.pl\/wp-content\/uploads\/2018\/02\/ozveny_luty_2018_016.png 683w\" sizes=\"auto, (max-width: 200px) 100vw, 200px\" \/><\/a><\/p>\n<p>Najwi\u0119ksz\u0105 publiczno\u015b\u0107 zgromadzi\u0142o spotkanie z Romualdem Koperskim. Podr\u00f3\u017cnik, pisarz, przewodnik, pionier wypraw samochodowych po rozleg\u0142ych terenach Syberii, pilot samolotowy I klasy, dziennikarz reporta\u017cysta, fotograf, my\u015bliwy, nurek oraz zawodowy muzyk pianista i Rekordzista Guinnessa jest autorem poczytnych ksi\u0105\u017cek, takich jak \u201ePojedynek z Syberi\u0105\u201d, \u201ePrzez Syberi\u0119 na gap\u0119\u201d, \u201e1001 Obraz\u00f3w Syberii\u201d, \u201eSyberia Zimowa Odyseja\u201d, \u201eOcean Niespokojny\u201d, wystaw fotograficznych i wielu innych publikacji. W Wi\u015ble opowiedzia\u0142 o pierwszej wyprawie na Syberi\u0119, spotkaniach z Jakutami i Czukczami, ich \u201ekuchni\u0105\u201d i metodami leczniczymi (krioterapia). S\u0142uchacze byli zachwyceni spotkaniem z bardzo mi\u0142ym i skromnym cz\u0142owiekiem, kt\u00f3ry w ubieg\u0142ym roku przep\u0142yn\u0105\u0142 Atlantyk \u0142odzi\u0105 wios\u0142ow\u0105. Film z samotnej podr\u00f3\u017cy przez ocean widzowie ogl\u0105dali z zapartym tchem. A potem rozleg\u0142y si\u0119 gromkie brawa. Wszystkie ksi\u0105\u017cki jakie przywi\u00f3z\u0142 ze sob\u0105 autor sprzeda\u0142y si\u0119 na pniu, by\u0142y autografy i zdj\u0119cia.<\/p>\n<p><a href=\"https:\/\/slaskipegaz.bs.katowice.pl\/wp-content\/uploads\/2018\/02\/ozveny_luty_2018_020.png\"><img loading=\"lazy\" decoding=\"async\" class=\"aligncenter size-medium wp-image-13171\" src=\"https:\/\/slaskipegaz.bs.katowice.pl\/wp-content\/uploads\/2018\/02\/ozveny_luty_2018_020-300x200.png\" alt=\"spotkanie\" width=\"300\" height=\"200\" srcset=\"https:\/\/slaskipegaz.bs.katowice.pl\/wp-content\/uploads\/2018\/02\/ozveny_luty_2018_020-300x200.png 300w, https:\/\/slaskipegaz.bs.katowice.pl\/wp-content\/uploads\/2018\/02\/ozveny_luty_2018_020-768x512.png 768w, https:\/\/slaskipegaz.bs.katowice.pl\/wp-content\/uploads\/2018\/02\/ozveny_luty_2018_020.png 1024w\" sizes=\"auto, (max-width: 300px) 100vw, 300px\" \/><\/a><\/p>\n<p>Na tym jednak nie zako\u0144czy\u0142y si\u0119 atrakcje wieczoru. Marek Audy zaprezentowa\u0142 Tatry, jaskinie \u015bwiata i relacj\u0119 z wyprawy do Wenezueli w projekcjach 3D. Zw\u0142aszcza jaskinie w tr\u00f3jwymiarze robi\u0142y niesamowite wra\u017cenie. W przerwie rozdane zosta\u0142y nagrody tym, kt\u00f3rzy wype\u0142nili festiwalowe ankiety. Na zako\u0144czenie festiwalu odby\u0142 si\u0119 koncert. W bibliotece zagra\u0142a czo\u0142owa kapela czeskiego bluegrassu BG Styl. Kapitalne wykonanie i \u015bwietne g\u0142osy podbi\u0142y serca wi\u015bla\u0144skiej publiczno\u015bci, a niekt\u00f3rzy zostali tego wieczoru fanami grupy.<\/p>\n<p><a href=\"https:\/\/slaskipegaz.bs.katowice.pl\/wp-content\/uploads\/2018\/02\/ozveny_luty_2018_032.png\"><img loading=\"lazy\" decoding=\"async\" class=\"aligncenter size-medium wp-image-13172\" src=\"https:\/\/slaskipegaz.bs.katowice.pl\/wp-content\/uploads\/2018\/02\/ozveny_luty_2018_032-300x200.png\" alt=\"koncert\" width=\"300\" height=\"200\" srcset=\"https:\/\/slaskipegaz.bs.katowice.pl\/wp-content\/uploads\/2018\/02\/ozveny_luty_2018_032-300x200.png 300w, https:\/\/slaskipegaz.bs.katowice.pl\/wp-content\/uploads\/2018\/02\/ozveny_luty_2018_032-768x511.png 768w, https:\/\/slaskipegaz.bs.katowice.pl\/wp-content\/uploads\/2018\/02\/ozveny_luty_2018_032.png 1024w\" sizes=\"auto, (max-width: 300px) 100vw, 300px\" \/><\/a><\/p>\n<p>Dzi\u0119kujemy wszystkim wykonawcom i organizatorom, pa\u0144stwu Nawrockim z Wis\u0142y, a tak\u017ce prowadz\u0105cemu imprez\u0119, kt\u00f3rym by\u0142 Jozef \u201eMlok\u201d Grim. Najbli\u017csza czeska edycja festiwalu odb\u0119dzie si\u0119 ju\u017c za dwa tygodnie w Ostrawie. Zapraszamy!<br \/>\nNades\u0142a\u0142a: Miejska Biblioteka Publiczna w Wi\u015ble<\/p>\n<p><strong>Biblioteka wspiera Cele Zr\u00f3wnowa\u017conego Rozwoju<\/strong><\/p>\n<p><a href=\"https:\/\/slaskipegaz.bs.katowice.pl\/wp-content\/uploads\/2018\/01\/logo-v.jpg\"><img loading=\"lazy\" decoding=\"async\" class=\" wp-image-13008 alignnone\" src=\"https:\/\/slaskipegaz.bs.katowice.pl\/wp-content\/uploads\/2018\/01\/logo-v-300x108.jpg\" alt=\"cele\" width=\"222\" height=\"80\" srcset=\"https:\/\/slaskipegaz.bs.katowice.pl\/wp-content\/uploads\/2018\/01\/logo-v-300x108.jpg 300w, https:\/\/slaskipegaz.bs.katowice.pl\/wp-content\/uploads\/2018\/01\/logo-v-768x275.jpg 768w, https:\/\/slaskipegaz.bs.katowice.pl\/wp-content\/uploads\/2018\/01\/logo-v-1024x367.jpg 1024w, https:\/\/slaskipegaz.bs.katowice.pl\/wp-content\/uploads\/2018\/01\/logo-v.jpg 1054w\" sizes=\"auto, (max-width: 222px) 100vw, 222px\" \/><\/a>\u00a0<a href=\"https:\/\/slaskipegaz.bs.katowice.pl\/wp-content\/uploads\/2018\/02\/15.jpg\"><img loading=\"lazy\" decoding=\"async\" class=\"wp-image-13059 alignnone\" src=\"https:\/\/slaskipegaz.bs.katowice.pl\/wp-content\/uploads\/2018\/02\/15-300x300.jpg\" alt=\"l\u0105d\" width=\"74\" height=\"74\" srcset=\"https:\/\/slaskipegaz.bs.katowice.pl\/wp-content\/uploads\/2018\/02\/15-300x300.jpg 300w, https:\/\/slaskipegaz.bs.katowice.pl\/wp-content\/uploads\/2018\/02\/15-150x150.jpg 150w, https:\/\/slaskipegaz.bs.katowice.pl\/wp-content\/uploads\/2018\/02\/15-768x768.jpg 768w, https:\/\/slaskipegaz.bs.katowice.pl\/wp-content\/uploads\/2018\/02\/15-1024x1024.jpg 1024w, https:\/\/slaskipegaz.bs.katowice.pl\/wp-content\/uploads\/2018\/02\/15.jpg 1181w\" sizes=\"auto, (max-width: 74px) 100vw, 74px\" \/>\u00a0<\/a><a href=\"https:\/\/slaskipegaz.bs.katowice.pl\/wp-content\/uploads\/2018\/02\/13-1.jpg\"><img loading=\"lazy\" decoding=\"async\" class=\"wp-image-13057 alignnone\" src=\"https:\/\/slaskipegaz.bs.katowice.pl\/wp-content\/uploads\/2018\/02\/13-1-300x300.jpg\" alt=\"klimat\" width=\"74\" height=\"74\" srcset=\"https:\/\/slaskipegaz.bs.katowice.pl\/wp-content\/uploads\/2018\/02\/13-1-300x300.jpg 300w, https:\/\/slaskipegaz.bs.katowice.pl\/wp-content\/uploads\/2018\/02\/13-1-150x150.jpg 150w, https:\/\/slaskipegaz.bs.katowice.pl\/wp-content\/uploads\/2018\/02\/13-1-768x768.jpg 768w, https:\/\/slaskipegaz.bs.katowice.pl\/wp-content\/uploads\/2018\/02\/13-1-1024x1024.jpg 1024w, https:\/\/slaskipegaz.bs.katowice.pl\/wp-content\/uploads\/2018\/02\/13-1.jpg 1181w\" sizes=\"auto, (max-width: 74px) 100vw, 74px\" \/><\/a><\/p>\n","protected":false},"excerpt":{"rendered":"<p>Festiwal z Romualdem Koperskim W Miejskiej Bibliotece Publicznej w Wi\u015ble 10 lutego odby\u0142 si\u0119 niezwyk\u0142y polsko-czeski festiwal podr\u00f3\u017cniczo-muzyczny \u201eCzekaj\u0105c na wiosn\u0119\u201d. To pierwsza edycja zagraniczna czeskiej imprezy Jarn\u00ed Ozv\u0115ny cestovatelsk\u00fd a hudebn\u00ed festival od lat organizowanej w Ostrawie przez Stowarzyszenie \u201eFolk v Ostrav\u0115\u201d. Pomys\u0142 na spotkanie podr\u00f3\u017cnik\u00f3w i muzyk\u00f3w przenie\u015bli do Wis\u0142y pa\u0144stwo Krystyna i &hellip; <a href=\"https:\/\/slaskipegaz.bs.katowice.pl\/?p=13166\" class=\"more-link\">Czytaj dalej <span class=\"screen-reader-text\">[Relacja] MIEJSKA BIBLIOTEKA PUBLICZNA W WI\u015aLE<\/span> <span class=\"meta-nav\">&rarr;<\/span><\/a><\/p>\n","protected":false},"author":3,"featured_media":0,"comment_status":"closed","ping_status":"closed","sticky":false,"template":"","format":"standard","meta":{"_acf_changed":false,"_exactmetrics_skip_tracking":false,"_exactmetrics_sitenote_active":false,"_exactmetrics_sitenote_note":"","_exactmetrics_sitenote_category":0,"footnotes":""},"categories":[1399,1409],"tags":[1412,35,1413,1411,59],"class_list":["post-13166","post","type-post","status-publish","format-standard","hentry","category-sdg","category-nr-42-marzec-2018","tag-jarni-ozveny-cestovatelsky-a-hudebni-festival","tag-miejska-biblioteka-publiczna-w-wisle","tag-miroslaw-duda-z-niskich-i-wysokich-tatr","tag-romuald-koperski","tag-spotkanie-podroznicze"],"acf":[],"jetpack_featured_media_url":"","_links":{"self":[{"href":"https:\/\/slaskipegaz.bs.katowice.pl\/index.php?rest_route=\/wp\/v2\/posts\/13166","targetHints":{"allow":["GET"]}}],"collection":[{"href":"https:\/\/slaskipegaz.bs.katowice.pl\/index.php?rest_route=\/wp\/v2\/posts"}],"about":[{"href":"https:\/\/slaskipegaz.bs.katowice.pl\/index.php?rest_route=\/wp\/v2\/types\/post"}],"author":[{"embeddable":true,"href":"https:\/\/slaskipegaz.bs.katowice.pl\/index.php?rest_route=\/wp\/v2\/users\/3"}],"replies":[{"embeddable":true,"href":"https:\/\/slaskipegaz.bs.katowice.pl\/index.php?rest_route=%2Fwp%2Fv2%2Fcomments&post=13166"}],"version-history":[{"count":1,"href":"https:\/\/slaskipegaz.bs.katowice.pl\/index.php?rest_route=\/wp\/v2\/posts\/13166\/revisions"}],"predecessor-version":[{"id":13173,"href":"https:\/\/slaskipegaz.bs.katowice.pl\/index.php?rest_route=\/wp\/v2\/posts\/13166\/revisions\/13173"}],"wp:attachment":[{"href":"https:\/\/slaskipegaz.bs.katowice.pl\/index.php?rest_route=%2Fwp%2Fv2%2Fmedia&parent=13166"}],"wp:term":[{"taxonomy":"category","embeddable":true,"href":"https:\/\/slaskipegaz.bs.katowice.pl\/index.php?rest_route=%2Fwp%2Fv2%2Fcategories&post=13166"},{"taxonomy":"post_tag","embeddable":true,"href":"https:\/\/slaskipegaz.bs.katowice.pl\/index.php?rest_route=%2Fwp%2Fv2%2Ftags&post=13166"}],"curies":[{"name":"wp","href":"https:\/\/api.w.org\/{rel}","templated":true}]}}