{"id":13259,"date":"2018-03-07T11:00:23","date_gmt":"2018-03-07T10:00:23","guid":{"rendered":"http:\/\/slaskipegaz.bs.katowice.pl\/?p=13259"},"modified":"2018-03-07T11:00:23","modified_gmt":"2018-03-07T10:00:23","slug":"relacja-biblioteka-publiczna-miasta-i-gminy-lazy-14","status":"publish","type":"post","link":"https:\/\/slaskipegaz.bs.katowice.pl\/?p=13259","title":{"rendered":"[Relacja] BIBLIOTEKA PUBLICZNA MIASTA I GMINY \u0141AZY"},"content":{"rendered":"<h6 style=\"text-align: center;\"><strong>O FERIACH W BIBLIOTEKACH\u2026<\/strong><\/h6>\n<p><a href=\"https:\/\/slaskipegaz.bs.katowice.pl\/wp-content\/uploads\/2018\/03\/ferie_006.jpg\"><img loading=\"lazy\" decoding=\"async\" class=\"size-medium wp-image-13260 alignleft\" src=\"https:\/\/slaskipegaz.bs.katowice.pl\/wp-content\/uploads\/2018\/03\/ferie_006-300x200.jpg\" alt=\"FERIE\" width=\"300\" height=\"200\" srcset=\"https:\/\/slaskipegaz.bs.katowice.pl\/wp-content\/uploads\/2018\/03\/ferie_006-300x200.jpg 300w, https:\/\/slaskipegaz.bs.katowice.pl\/wp-content\/uploads\/2018\/03\/ferie_006-768x512.jpg 768w, https:\/\/slaskipegaz.bs.katowice.pl\/wp-content\/uploads\/2018\/03\/ferie_006-1024x683.jpg 1024w\" sizes=\"auto, (max-width: 300px) 100vw, 300px\" \/><\/a>Dwa tygodnie odpoczynku od szkolnych obowi\u0105zk\u00f3w to dla dzieci i m\u0142odzie\u017cy czas na wyjazdy i wyprawy, spotkania z kolegami, rozwijanie pasji i zainteresowa\u0144. To tak\u017ce moment, w kt\u00f3rym mog\u0105 skorzysta\u0107 z propozycji sp\u0119dzenia wolnego czasu w r\u00f3\u017cnego rodzaju instytucjach, w\u015br\u00f3d kt\u00f3rych znalaz\u0142y si\u0119 tak\u017ce Biblioteka Publiczna Miasta i Gminy w \u0141azach oraz 6 filii bibliotecznych.<!--more--><\/p>\n<p>W \u0141azach ferie rozpocz\u0119to zaj\u0119ciami \u201eZ bezpiecze\u0144stwem za pan brat\u201d. Kolejne dni przynosi\u0142y ze sob\u0105 odmienne atrakcje i wyzwania dla m\u0142odych czytelnik\u00f3w. 30 stycznia fani du\u017cego ekranu wzi\u0119li udzia\u0142 w seansie \u201eKina w Bibliotece\u201d, natomiast drugi tydzie\u0144 ferii rozpocz\u0105\u0142 si\u0119 \u201eHistori\u0105 z @ w tle\u201d, podczas kt\u00f3rego w bibliotece toczy\u0142y si\u0119 dru\u017cynowe zmagania o tytu\u0142 wirtualnych znawc\u00f3w gminy.<\/p>\n<p><a href=\"https:\/\/slaskipegaz.bs.katowice.pl\/wp-content\/uploads\/2018\/03\/ferie_002.jpg\"><img loading=\"lazy\" decoding=\"async\" class=\"aligncenter size-medium wp-image-13261\" src=\"https:\/\/slaskipegaz.bs.katowice.pl\/wp-content\/uploads\/2018\/03\/ferie_002-300x225.jpg\" alt=\"ferie\" width=\"300\" height=\"225\" srcset=\"https:\/\/slaskipegaz.bs.katowice.pl\/wp-content\/uploads\/2018\/03\/ferie_002-300x225.jpg 300w, https:\/\/slaskipegaz.bs.katowice.pl\/wp-content\/uploads\/2018\/03\/ferie_002-768x576.jpg 768w, https:\/\/slaskipegaz.bs.katowice.pl\/wp-content\/uploads\/2018\/03\/ferie_002-1024x768.jpg 1024w, https:\/\/slaskipegaz.bs.katowice.pl\/wp-content\/uploads\/2018\/03\/ferie_002.jpg 1280w\" sizes=\"auto, (max-width: 300px) 100vw, 300px\" \/><\/a><br \/>\n6 lutego w progach Czytelni zawita\u0142a tajemnicza babcia Agata, kt\u00f3ra z pasj\u0105 i zaanga\u017cowaniem przekaza\u0142a dzieciom i m\u0142odzie\u017cy tajniki wyszywania i szyde\u0142kowania, wywo\u0142uj\u0105c w nich ogromn\u0105 ch\u0119\u0107 na zabawy z ig\u0142\u0105 i nitk\u0105. R\u00f3wnolegle w Publicznym Przedszkolu nr 1 w \u0141azach i w Niepublicznym Przedszkolu &#8222;Biedroneczki&#8221; w \u0141azach odbywa\u0142y si\u0119 \u201eZimowe opowie\u015bci\u201d \u2013 g\u0142o\u015bne czytania bajek o wr\u00f3\u017cce Amelce i jej asystencie \u2026 . Najm\u0142odszym czyta\u0142a m.in. uczennica klasy VII Magdalena Czerwi\u0144ska. Ostatni dzie\u0144 ferii up\u0142yn\u0105\u0142 pod znakiem plastycznej sportowej rywalizacji, gdy\u017c tematem dnia by\u0142y sporty zimowe.<\/p>\n<p>Dwa tygodnie ferii by\u0142y r\u00f3wnie\u017c udzia\u0142em filii bibliotecznych.<br \/>\nW Filii nr 1 w Niegowonicach m\u0142odzi czytelnicy czytali ba\u015bnie Andersena i piel\u0119gnowali tradycj\u0119 planszowych potyczek. Przy okazji rozm\u00f3w o bezpiecze\u0144stwie nie omieszkali zrobi\u0107 ca\u0142ego zestawu znak\u00f3w drogowych. Nie zapomnieli o pracach plastycznych: powstawa\u0142y karnawa\u0142owe maski, ba\u0142wanki, a na biurku bibliotekarza r\u00f3s\u0142 stos kolorowanek.<\/p>\n<p><a href=\"https:\/\/slaskipegaz.bs.katowice.pl\/wp-content\/uploads\/2018\/03\/ferie_004.jpg\"><img loading=\"lazy\" decoding=\"async\" class=\"aligncenter size-medium wp-image-13262\" src=\"https:\/\/slaskipegaz.bs.katowice.pl\/wp-content\/uploads\/2018\/03\/ferie_004-300x225.jpg\" alt=\"ferie\" width=\"300\" height=\"225\" srcset=\"https:\/\/slaskipegaz.bs.katowice.pl\/wp-content\/uploads\/2018\/03\/ferie_004-300x225.jpg 300w, https:\/\/slaskipegaz.bs.katowice.pl\/wp-content\/uploads\/2018\/03\/ferie_004-768x576.jpg 768w, https:\/\/slaskipegaz.bs.katowice.pl\/wp-content\/uploads\/2018\/03\/ferie_004-1024x768.jpg 1024w\" sizes=\"auto, (max-width: 300px) 100vw, 300px\" \/><\/a><br \/>\nW Filii nr 2 w Wysokiej uczestnicy zaj\u0119\u0107 piel\u0119gnowali tradycj\u0119 i jak co roku zorganizowali biblioteczny turniej szachowy. Tworzyli te\u017c maski karnawa\u0142owe i rywalizowali o tytu\u0142 \u201eMistrza gier planszowych\u201d.<\/p>\n<p><a href=\"https:\/\/slaskipegaz.bs.katowice.pl\/wp-content\/uploads\/2018\/03\/ferie_005.jpg\"><img loading=\"lazy\" decoding=\"async\" class=\"aligncenter size-medium wp-image-13263\" src=\"https:\/\/slaskipegaz.bs.katowice.pl\/wp-content\/uploads\/2018\/03\/ferie_005-300x225.jpg\" alt=\"gry\" width=\"300\" height=\"225\" srcset=\"https:\/\/slaskipegaz.bs.katowice.pl\/wp-content\/uploads\/2018\/03\/ferie_005-300x225.jpg 300w, https:\/\/slaskipegaz.bs.katowice.pl\/wp-content\/uploads\/2018\/03\/ferie_005-768x576.jpg 768w, https:\/\/slaskipegaz.bs.katowice.pl\/wp-content\/uploads\/2018\/03\/ferie_005-1024x768.jpg 1024w, https:\/\/slaskipegaz.bs.katowice.pl\/wp-content\/uploads\/2018\/03\/ferie_005.jpg 2048w\" sizes=\"auto, (max-width: 300px) 100vw, 300px\" \/><\/a><br \/>\nW Filii nr 3 w Chruszczobrodzie dzieci i m\u0142odzie\u017c pracowa\u0142y nad\u2026 plastycznymi eksperymentami proponowanymi przez bibliotekarza. Uczestnicy zaj\u0119\u0107 barwili papier, robili mas\u0119 porcelanow\u0105 i produkowali rosn\u0105ce farby, dzi\u0119ki kt\u00f3rym mogli tworzy\u0107 \u201ewybuchowe\u201d rysunki. Pracowali tak\u017ce nad witra\u017cami, wyt\u0119\u017cali umys\u0142 w Dniu \u0141amig\u0142\u00f3wki i rozmawiali o bezpiecznym Internecie.<\/p>\n<p>Filia nr 4 w Grabowej sta\u0142a si\u0119 stref\u0105 labirynt\u00f3w i zagadek. Najm\u0142odsi wzi\u0119li tu udzia\u0142 w Mi\u0119dzynarodowym Dniu Przytulania: kolorowali wizerunki misi\u00f3w i rozmawiali o pluszakach.<\/p>\n<p>W Filii nr 5 w Rokitnie Szlacheckim odby\u0142o si\u0119 czytanie dla przedszkolak\u00f3w.<br \/>\nW jakim mie\u015bcie \u017cy\u0142 legendarny smok? Dlaczego wygin\u0119\u0142y dinozaury? Czym zajmuje si\u0119 paleontolog?<\/p>\n<p>Na te i inne pytania mogli znale\u017a\u0107 odpowiedzi w ksi\u0105\u017ckach uczestnicy warsztat\u00f3w organizowanych w trakcie ferii w Filii nr 6 w Ci\u0105gowicach. Przedszkolaki\u00a0 wykonywa\u0142y na nich ekoDinozaury i tworzyli czarodziejskie smocze opowie\u015bci.<\/p>\n<p><a href=\"https:\/\/slaskipegaz.bs.katowice.pl\/wp-content\/uploads\/2018\/03\/ferie_003.jpg\"><img loading=\"lazy\" decoding=\"async\" class=\"aligncenter size-medium wp-image-13265\" src=\"https:\/\/slaskipegaz.bs.katowice.pl\/wp-content\/uploads\/2018\/03\/ferie_003-225x300.jpg\" alt=\"rysunek\" width=\"225\" height=\"300\" srcset=\"https:\/\/slaskipegaz.bs.katowice.pl\/wp-content\/uploads\/2018\/03\/ferie_003-225x300.jpg 225w, https:\/\/slaskipegaz.bs.katowice.pl\/wp-content\/uploads\/2018\/03\/ferie_003-768x1024.jpg 768w, https:\/\/slaskipegaz.bs.katowice.pl\/wp-content\/uploads\/2018\/03\/ferie_003.jpg 1440w\" sizes=\"auto, (max-width: 225px) 100vw, 225px\" \/><\/a><\/p>\n<p>Dzi\u0119kujemy Gminnej Komisji Rozwi\u0105zywania Problem\u00f3w Alkoholowych za wsparcie finansowe projektu\u00a0 \u201eFerii w Bibliotece\u201d oraz wszystkim, kt\u00f3rzy brali udzia\u0142 w zaj\u0119ciach proponowanych przez Bibliotek\u0119 za wsp\u00f3lnie sp\u0119dzony czas.<\/p>\n<p>Nades\u0142a\u0142a: Biblioteka Publiczna Miasta i Gminy w \u0141azach<\/p>\n<p><strong>Biblioteka wspiera Cele Zr\u00f3wnowa\u017conego Rozwoju<\/strong><\/p>\n<p><a href=\"https:\/\/slaskipegaz.bs.katowice.pl\/wp-content\/uploads\/2018\/01\/logo-v.jpg\"><img loading=\"lazy\" decoding=\"async\" class=\" wp-image-13008 alignnone\" src=\"https:\/\/slaskipegaz.bs.katowice.pl\/wp-content\/uploads\/2018\/01\/logo-v-300x108.jpg\" alt=\"cele\" width=\"222\" height=\"80\" srcset=\"https:\/\/slaskipegaz.bs.katowice.pl\/wp-content\/uploads\/2018\/01\/logo-v-300x108.jpg 300w, https:\/\/slaskipegaz.bs.katowice.pl\/wp-content\/uploads\/2018\/01\/logo-v-768x275.jpg 768w, https:\/\/slaskipegaz.bs.katowice.pl\/wp-content\/uploads\/2018\/01\/logo-v-1024x367.jpg 1024w, https:\/\/slaskipegaz.bs.katowice.pl\/wp-content\/uploads\/2018\/01\/logo-v.jpg 1054w\" sizes=\"auto, (max-width: 222px) 100vw, 222px\" \/>\u00a0<\/a>\u00a0<a href=\"https:\/\/slaskipegaz.bs.katowice.pl\/wp-content\/uploads\/2018\/03\/11.jpg\"><img loading=\"lazy\" decoding=\"async\" class=\"wp-image-13243 alignnone\" src=\"https:\/\/slaskipegaz.bs.katowice.pl\/wp-content\/uploads\/2018\/03\/11-300x300.jpg\" alt=\"miasto\" width=\"77\" height=\"77\" srcset=\"https:\/\/slaskipegaz.bs.katowice.pl\/wp-content\/uploads\/2018\/03\/11-300x300.jpg 300w, https:\/\/slaskipegaz.bs.katowice.pl\/wp-content\/uploads\/2018\/03\/11-150x150.jpg 150w, https:\/\/slaskipegaz.bs.katowice.pl\/wp-content\/uploads\/2018\/03\/11-768x768.jpg 768w, https:\/\/slaskipegaz.bs.katowice.pl\/wp-content\/uploads\/2018\/03\/11-1024x1024.jpg 1024w, https:\/\/slaskipegaz.bs.katowice.pl\/wp-content\/uploads\/2018\/03\/11.jpg 1181w\" sizes=\"auto, (max-width: 77px) 100vw, 77px\" \/>\u00a0<\/a><a href=\"https:\/\/slaskipegaz.bs.katowice.pl\/wp-content\/uploads\/2018\/01\/16.jpg\"><img loading=\"lazy\" decoding=\"async\" class=\"wp-image-13021 alignnone\" src=\"https:\/\/slaskipegaz.bs.katowice.pl\/wp-content\/uploads\/2018\/01\/16-300x300.jpg\" alt=\"pok\u00f3j\" width=\"74\" height=\"74\" srcset=\"https:\/\/slaskipegaz.bs.katowice.pl\/wp-content\/uploads\/2018\/01\/16-300x300.jpg 300w, https:\/\/slaskipegaz.bs.katowice.pl\/wp-content\/uploads\/2018\/01\/16-150x150.jpg 150w, https:\/\/slaskipegaz.bs.katowice.pl\/wp-content\/uploads\/2018\/01\/16-768x768.jpg 768w, https:\/\/slaskipegaz.bs.katowice.pl\/wp-content\/uploads\/2018\/01\/16-1024x1024.jpg 1024w, https:\/\/slaskipegaz.bs.katowice.pl\/wp-content\/uploads\/2018\/01\/16.jpg 1181w\" sizes=\"auto, (max-width: 74px) 100vw, 74px\" \/><\/a><\/p>\n","protected":false},"excerpt":{"rendered":"<p>O FERIACH W BIBLIOTEKACH\u2026 Dwa tygodnie odpoczynku od szkolnych obowi\u0105zk\u00f3w to dla dzieci i m\u0142odzie\u017cy czas na wyjazdy i wyprawy, spotkania z kolegami, rozwijanie pasji i zainteresowa\u0144. To tak\u017ce moment, w kt\u00f3rym mog\u0105 skorzysta\u0107 z propozycji sp\u0119dzenia wolnego czasu w r\u00f3\u017cnego rodzaju instytucjach, w\u015br\u00f3d kt\u00f3rych znalaz\u0142y si\u0119 tak\u017ce Biblioteka Publiczna Miasta i Gminy w \u0141azach &hellip; <a href=\"https:\/\/slaskipegaz.bs.katowice.pl\/?p=13259\" class=\"more-link\">Czytaj dalej <span class=\"screen-reader-text\">[Relacja] BIBLIOTEKA PUBLICZNA MIASTA I GMINY \u0141AZY<\/span> <span class=\"meta-nav\">&rarr;<\/span><\/a><\/p>\n","protected":false},"author":3,"featured_media":0,"comment_status":"closed","ping_status":"closed","sticky":false,"template":"","format":"standard","meta":{"_acf_changed":false,"_exactmetrics_skip_tracking":false,"_exactmetrics_sitenote_active":false,"_exactmetrics_sitenote_note":"","_exactmetrics_sitenote_category":0,"footnotes":""},"categories":[1399,1409],"tags":[40,1363,184],"class_list":["post-13259","post","type-post","status-publish","format-standard","hentry","category-sdg","category-nr-42-marzec-2018","tag-biblioteka-publiczna-miasta-i-gminy-w-lazach","tag-cele-zrownowazonego-rozwoju","tag-ferie-z-biblioteka"],"acf":[],"jetpack_featured_media_url":"","_links":{"self":[{"href":"https:\/\/slaskipegaz.bs.katowice.pl\/index.php?rest_route=\/wp\/v2\/posts\/13259","targetHints":{"allow":["GET"]}}],"collection":[{"href":"https:\/\/slaskipegaz.bs.katowice.pl\/index.php?rest_route=\/wp\/v2\/posts"}],"about":[{"href":"https:\/\/slaskipegaz.bs.katowice.pl\/index.php?rest_route=\/wp\/v2\/types\/post"}],"author":[{"embeddable":true,"href":"https:\/\/slaskipegaz.bs.katowice.pl\/index.php?rest_route=\/wp\/v2\/users\/3"}],"replies":[{"embeddable":true,"href":"https:\/\/slaskipegaz.bs.katowice.pl\/index.php?rest_route=%2Fwp%2Fv2%2Fcomments&post=13259"}],"version-history":[{"count":1,"href":"https:\/\/slaskipegaz.bs.katowice.pl\/index.php?rest_route=\/wp\/v2\/posts\/13259\/revisions"}],"predecessor-version":[{"id":13266,"href":"https:\/\/slaskipegaz.bs.katowice.pl\/index.php?rest_route=\/wp\/v2\/posts\/13259\/revisions\/13266"}],"wp:attachment":[{"href":"https:\/\/slaskipegaz.bs.katowice.pl\/index.php?rest_route=%2Fwp%2Fv2%2Fmedia&parent=13259"}],"wp:term":[{"taxonomy":"category","embeddable":true,"href":"https:\/\/slaskipegaz.bs.katowice.pl\/index.php?rest_route=%2Fwp%2Fv2%2Fcategories&post=13259"},{"taxonomy":"post_tag","embeddable":true,"href":"https:\/\/slaskipegaz.bs.katowice.pl\/index.php?rest_route=%2Fwp%2Fv2%2Ftags&post=13259"}],"curies":[{"name":"wp","href":"https:\/\/api.w.org\/{rel}","templated":true}]}}