{"id":13320,"date":"2018-03-08T13:04:59","date_gmt":"2018-03-08T12:04:59","guid":{"rendered":"http:\/\/slaskipegaz.bs.katowice.pl\/?p=13320"},"modified":"2018-03-08T13:04:59","modified_gmt":"2018-03-08T12:04:59","slug":"relacja-ksiaznica-beskidzka-w-bielsku-bialej-78","status":"publish","type":"post","link":"https:\/\/slaskipegaz.bs.katowice.pl\/?p=13320","title":{"rendered":"[Relacja] KSI\u0104\u017bNICA BESKIDZKA W BIELSKU-BIA\u0141EJ"},"content":{"rendered":"<h6 style=\"text-align: center;\"><strong>Dzie\u0144 Regionalny \u2013 Obrz\u0119dowo\u015b\u0107 g\u00f3rali beskidzkich<\/strong><\/h6>\n<p><a href=\"https:\/\/slaskipegaz.bs.katowice.pl\/wp-content\/uploads\/2018\/03\/DSC_0032.jpg\"><img loading=\"lazy\" decoding=\"async\" class=\"size-medium wp-image-13321 alignleft\" src=\"https:\/\/slaskipegaz.bs.katowice.pl\/wp-content\/uploads\/2018\/03\/DSC_0032-300x199.jpg\" alt=\"lalki\" width=\"300\" height=\"199\" srcset=\"https:\/\/slaskipegaz.bs.katowice.pl\/wp-content\/uploads\/2018\/03\/DSC_0032-300x199.jpg 300w, https:\/\/slaskipegaz.bs.katowice.pl\/wp-content\/uploads\/2018\/03\/DSC_0032-768x509.jpg 768w, https:\/\/slaskipegaz.bs.katowice.pl\/wp-content\/uploads\/2018\/03\/DSC_0032-1024x678.jpg 1024w\" sizes=\"auto, (max-width: 300px) 100vw, 300px\" \/><\/a>W dniu 23 lutego 2018 r. po raz pi\u0105ty Szko\u0142a Podstawowa nr 27 w Bielsku-Bia\u0142ej zorganizowa\u0142a Dzie\u0144 Regionalny, podczas kt\u00f3rego zaproszony pracownik Dzia\u0142u Informacyjno-Bibliograficznego i Zbior\u00f3w Regionalnych Ksi\u0105\u017cnicy Beskidzkiej, przeprowadzi\u0142 cztery lekcje regionalne pt. \u201eObrz\u0119dowo\u015b\u0107 g\u00f3rali beskidzkich\u201d.<!--more--><\/p>\n<p>Uczniowie z zainteresowaniem wzi\u0119li udzia\u0142 w przygotowanych warsztatach, w trakcie kt\u00f3rych zaprezentowane zosta\u0142y tematy zwi\u0105zane z obrz\u0119dowo\u015bci\u0105 roku kalendarzowego: od Kwietnej Niedzieli i Wielkanocy, przez sob\u00f3tk\u0119, stawianie mojek, obrz\u0119dowo\u015b\u0107 pastersk\u0105, Dzie\u0144 \u015bw. Wawrzy\u0144ca i Matki Boskiej Zielnej, a\u017c do andrzejek, Dnia Wszystkich \u015awi\u0119tych, \u015bw. Miko\u0142aja, \u015bw. Tomasza, po okres \u015awi\u0105t Bo\u017cego Narodzenia i karnawa\u0142.<\/p>\n<p>Uczestnicy spotkania mieli okazj\u0119 pozna\u0107 i przypomnie\u0107 sobie znaczenie s\u0142\u00f3w takich jak: mojka, redyk, juhas, baca, pod\u0142a\u017aniczka, \u015bwiaty, klepok, trombita, kt\u00f3re to poj\u0119cia wzbudzi\u0142y w nich spor\u0105 ciekawo\u015b\u0107. Podczas zaj\u0119\u0107 om\u00f3wione zosta\u0142y r\u00f3wnie\u017c postacie<br \/>\nz wierze\u0144 ludowych \u2013 utopiec, strzyga, zmora, nocnica oraz najs\u0142ynniejsi zb\u00f3jnicy beskidzcy. Uzupe\u0142nieniem prezentowanych tre\u015bci by\u0142y eksponaty zwi\u0105zane z obrz\u0119dami, kt\u00f3re uczniowie ch\u0119tnie ogl\u0105dali: pisanki, witki wierzbowe na \u015bmiergust, ozdoby bo\u017conarodzeniowe, zabawki tradycyjne, makiety wn\u0119trza chaty, lalki w strojach ludowych, a tak\u017ce ksi\u0105\u017ckowe publikacje ze zbior\u00f3w czytelni regionalnej Ksi\u0105\u017cnicy Beskidzkiej.<\/p>\n<p><a href=\"https:\/\/slaskipegaz.bs.katowice.pl\/wp-content\/uploads\/2018\/03\/DSC_0033.jpg\"><img loading=\"lazy\" decoding=\"async\" class=\"aligncenter size-medium wp-image-13322\" src=\"https:\/\/slaskipegaz.bs.katowice.pl\/wp-content\/uploads\/2018\/03\/DSC_0033-300x199.jpg\" alt=\"dekoracje\" width=\"300\" height=\"199\" srcset=\"https:\/\/slaskipegaz.bs.katowice.pl\/wp-content\/uploads\/2018\/03\/DSC_0033-300x199.jpg 300w, https:\/\/slaskipegaz.bs.katowice.pl\/wp-content\/uploads\/2018\/03\/DSC_0033-768x509.jpg 768w, https:\/\/slaskipegaz.bs.katowice.pl\/wp-content\/uploads\/2018\/03\/DSC_0033-1024x678.jpg 1024w\" sizes=\"auto, (max-width: 300px) 100vw, 300px\" \/><\/a><\/p>\n<p>Zainteresowanie uczni\u00f3w wzbudzi\u0142y tak\u017ce stroje dziad\u00f3w \u017cywieckich. Pada\u0142y liczne pytania o wierzenia, obrz\u0119dy i nieznane, gwarowe s\u0142owa. Ponadto uczniowie dowiedzieli si\u0119, jak\u0105 rol\u0119 pe\u0142ni Centrum Wiedzy o Regionie Ksi\u0105\u017cnicy Beskidzkiej, w kt\u00f3rym udost\u0119pniane s\u0105 zbiory informacyjno-bibliograficzne, r\u00f3\u017cnego rodzaju materia\u0142y regionalne (ksi\u0105\u017cki, czasopisma, dokumenty \u017cycia spo\u0142ecznego, wycinki) oraz bazy informacyjno-wyszukiwawcze, zwi\u0105zane z obszarem by\u0142ego woj. bielskiego, powiatem bielskim i miastem Bielskiem-Bia\u0142\u0105.<\/p>\n<p>Dzie\u0144 Regionalny zorganizowany zosta\u0142 z wielkim zaanga\u017cowaniem przez dyrekcj\u0119, nauczycieli, rodzic\u00f3w i uczni\u00f3w szko\u0142y. Przygotowane przez pracownika Ksi\u0105\u017cnicy Beskidzkiej zaj\u0119cia przebiega\u0142y w mi\u0142ej i radosnej atmosferze, uczniowie aktywnie uczestniczyli w spotkaniu, a tak\u017ce wyrazili ch\u0119\u0107 odwiedzenia Ksi\u0105\u017cnicy Beskidzkiej<br \/>\ni Centrum Wiedzy o Regionie.<\/p>\n<p>Po raz kolejny uczestnicy Dnia Regionalnego mieli okazj\u0119 przekona\u0107 si\u0119 o pi\u0119knie naszego miasta i regionu oraz o tym, \u017ce kryje on jeszcze wiele historii i tajemnic, kt\u00f3re warte s\u0105 poznania, a uczniowie maj\u0105 szans\u0119 budowa\u0107 swoj\u0105 regionaln\u0105 to\u017csamo\u015b\u0107.<\/p>\n<p>Nades\u0142a\u0142a: Agnieszka Goliasz,\u00a0Dzia\u0142 Informacyjno-Bibliograficzny i Zbior\u00f3w Regionalnych Ksi\u0105\u017cnicy Beskidzkiej w Bielsku-Bia\u0142ej<\/p>\n<p><strong>Biblioteka wspiera Cele Zr\u00f3wnowa\u017conego Rozwoju<\/strong><\/p>\n<p><a href=\"https:\/\/slaskipegaz.bs.katowice.pl\/wp-content\/uploads\/2018\/01\/logo-v.jpg\"><img loading=\"lazy\" decoding=\"async\" class=\" wp-image-13008 alignnone\" src=\"https:\/\/slaskipegaz.bs.katowice.pl\/wp-content\/uploads\/2018\/01\/logo-v-300x108.jpg\" alt=\"cele\" width=\"222\" height=\"80\" srcset=\"https:\/\/slaskipegaz.bs.katowice.pl\/wp-content\/uploads\/2018\/01\/logo-v-300x108.jpg 300w, https:\/\/slaskipegaz.bs.katowice.pl\/wp-content\/uploads\/2018\/01\/logo-v-768x275.jpg 768w, https:\/\/slaskipegaz.bs.katowice.pl\/wp-content\/uploads\/2018\/01\/logo-v-1024x367.jpg 1024w, https:\/\/slaskipegaz.bs.katowice.pl\/wp-content\/uploads\/2018\/01\/logo-v.jpg 1054w\" sizes=\"auto, (max-width: 222px) 100vw, 222px\" \/><\/a>\u00a0<a href=\"https:\/\/slaskipegaz.bs.katowice.pl\/wp-content\/uploads\/2018\/01\/10.jpg\"><img loading=\"lazy\" decoding=\"async\" class=\"wp-image-13009 alignnone\" src=\"https:\/\/slaskipegaz.bs.katowice.pl\/wp-content\/uploads\/2018\/01\/10-300x300.jpg\" alt=\"nier\u00f3wno\u015bci\" width=\"71\" height=\"71\" srcset=\"https:\/\/slaskipegaz.bs.katowice.pl\/wp-content\/uploads\/2018\/01\/10-300x300.jpg 300w, https:\/\/slaskipegaz.bs.katowice.pl\/wp-content\/uploads\/2018\/01\/10-150x150.jpg 150w, https:\/\/slaskipegaz.bs.katowice.pl\/wp-content\/uploads\/2018\/01\/10-768x768.jpg 768w, https:\/\/slaskipegaz.bs.katowice.pl\/wp-content\/uploads\/2018\/01\/10-1024x1024.jpg 1024w, https:\/\/slaskipegaz.bs.katowice.pl\/wp-content\/uploads\/2018\/01\/10.jpg 1181w\" sizes=\"auto, (max-width: 71px) 100vw, 71px\" \/><\/a><a href=\"https:\/\/slaskipegaz.bs.katowice.pl\/wp-content\/uploads\/2018\/01\/16.jpg\">\u00a0<\/a><a href=\"https:\/\/slaskipegaz.bs.katowice.pl\/wp-content\/uploads\/2018\/02\/14.jpg\">\u00a0<\/a><a href=\"https:\/\/slaskipegaz.bs.katowice.pl\/wp-content\/uploads\/2018\/02\/14.jpg\">\u00a0<\/a><a href=\"https:\/\/slaskipegaz.bs.katowice.pl\/wp-content\/uploads\/2018\/01\/16.jpg\"><img loading=\"lazy\" decoding=\"async\" class=\"wp-image-13021 alignnone\" src=\"https:\/\/slaskipegaz.bs.katowice.pl\/wp-content\/uploads\/2018\/01\/16-300x300.jpg\" alt=\"pok\u00f3j\" width=\"70\" height=\"70\" srcset=\"https:\/\/slaskipegaz.bs.katowice.pl\/wp-content\/uploads\/2018\/01\/16-300x300.jpg 300w, https:\/\/slaskipegaz.bs.katowice.pl\/wp-content\/uploads\/2018\/01\/16-150x150.jpg 150w, https:\/\/slaskipegaz.bs.katowice.pl\/wp-content\/uploads\/2018\/01\/16-768x768.jpg 768w, https:\/\/slaskipegaz.bs.katowice.pl\/wp-content\/uploads\/2018\/01\/16-1024x1024.jpg 1024w, https:\/\/slaskipegaz.bs.katowice.pl\/wp-content\/uploads\/2018\/01\/16.jpg 1181w\" sizes=\"auto, (max-width: 70px) 100vw, 70px\" \/>\u00a0<\/a><a href=\"https:\/\/slaskipegaz.bs.katowice.pl\/wp-content\/uploads\/2018\/01\/10.jpg\"><br \/>\n<\/a><\/p>\n<p>&nbsp;<\/p>\n<p><strong>\u00a0<\/strong><\/p>\n","protected":false},"excerpt":{"rendered":"<p>Dzie\u0144 Regionalny \u2013 Obrz\u0119dowo\u015b\u0107 g\u00f3rali beskidzkich W dniu 23 lutego 2018 r. po raz pi\u0105ty Szko\u0142a Podstawowa nr 27 w Bielsku-Bia\u0142ej zorganizowa\u0142a Dzie\u0144 Regionalny, podczas kt\u00f3rego zaproszony pracownik Dzia\u0142u Informacyjno-Bibliograficznego i Zbior\u00f3w Regionalnych Ksi\u0105\u017cnicy Beskidzkiej, przeprowadzi\u0142 cztery lekcje regionalne pt. \u201eObrz\u0119dowo\u015b\u0107 g\u00f3rali beskidzkich\u201d.<\/p>\n","protected":false},"author":3,"featured_media":0,"comment_status":"closed","ping_status":"closed","sticky":false,"template":"","format":"standard","meta":{"_acf_changed":false,"_exactmetrics_skip_tracking":false,"_exactmetrics_sitenote_active":false,"_exactmetrics_sitenote_note":"","_exactmetrics_sitenote_category":0,"footnotes":""},"categories":[1399,1409],"tags":[1363,1035,83],"class_list":["post-13320","post","type-post","status-publish","format-standard","hentry","category-sdg","category-nr-42-marzec-2018","tag-cele-zrownowazonego-rozwoju","tag-edukacja-regionalna","tag-ksiaznica-beskidzka"],"acf":[],"jetpack_featured_media_url":"","_links":{"self":[{"href":"https:\/\/slaskipegaz.bs.katowice.pl\/index.php?rest_route=\/wp\/v2\/posts\/13320","targetHints":{"allow":["GET"]}}],"collection":[{"href":"https:\/\/slaskipegaz.bs.katowice.pl\/index.php?rest_route=\/wp\/v2\/posts"}],"about":[{"href":"https:\/\/slaskipegaz.bs.katowice.pl\/index.php?rest_route=\/wp\/v2\/types\/post"}],"author":[{"embeddable":true,"href":"https:\/\/slaskipegaz.bs.katowice.pl\/index.php?rest_route=\/wp\/v2\/users\/3"}],"replies":[{"embeddable":true,"href":"https:\/\/slaskipegaz.bs.katowice.pl\/index.php?rest_route=%2Fwp%2Fv2%2Fcomments&post=13320"}],"version-history":[{"count":1,"href":"https:\/\/slaskipegaz.bs.katowice.pl\/index.php?rest_route=\/wp\/v2\/posts\/13320\/revisions"}],"predecessor-version":[{"id":13323,"href":"https:\/\/slaskipegaz.bs.katowice.pl\/index.php?rest_route=\/wp\/v2\/posts\/13320\/revisions\/13323"}],"wp:attachment":[{"href":"https:\/\/slaskipegaz.bs.katowice.pl\/index.php?rest_route=%2Fwp%2Fv2%2Fmedia&parent=13320"}],"wp:term":[{"taxonomy":"category","embeddable":true,"href":"https:\/\/slaskipegaz.bs.katowice.pl\/index.php?rest_route=%2Fwp%2Fv2%2Fcategories&post=13320"},{"taxonomy":"post_tag","embeddable":true,"href":"https:\/\/slaskipegaz.bs.katowice.pl\/index.php?rest_route=%2Fwp%2Fv2%2Ftags&post=13320"}],"curies":[{"name":"wp","href":"https:\/\/api.w.org\/{rel}","templated":true}]}}