{"id":13364,"date":"2018-03-08T14:50:13","date_gmt":"2018-03-08T13:50:13","guid":{"rendered":"http:\/\/slaskipegaz.bs.katowice.pl\/?p=13364"},"modified":"2018-03-08T14:50:13","modified_gmt":"2018-03-08T13:50:13","slug":"relacja-miejska-i-powiatowa-biblioteka-publiczna-w-zawierciu-99","status":"publish","type":"post","link":"https:\/\/slaskipegaz.bs.katowice.pl\/?p=13364","title":{"rendered":"[Relacja] MIEJSKA I POWIATOWA BIBLIOTEKA PUBLICZNA W ZAWIERCIU"},"content":{"rendered":"<h6 style=\"text-align: center;\">Niepodleg\u0142o\u015b\u0107 czy przegrana?<\/h6>\n<p><a href=\"https:\/\/slaskipegaz.bs.katowice.pl\/wp-content\/uploads\/2018\/03\/28450492_144926672990272_449113602_n.jpg\"><img loading=\"lazy\" decoding=\"async\" class=\"size-medium wp-image-13365 alignleft\" src=\"https:\/\/slaskipegaz.bs.katowice.pl\/wp-content\/uploads\/2018\/03\/28450492_144926672990272_449113602_n-300x225.jpg\" alt=\"WYK\u0141AD\" width=\"300\" height=\"225\" srcset=\"https:\/\/slaskipegaz.bs.katowice.pl\/wp-content\/uploads\/2018\/03\/28450492_144926672990272_449113602_n-300x225.jpg 300w, https:\/\/slaskipegaz.bs.katowice.pl\/wp-content\/uploads\/2018\/03\/28450492_144926672990272_449113602_n-768x576.jpg 768w, https:\/\/slaskipegaz.bs.katowice.pl\/wp-content\/uploads\/2018\/03\/28450492_144926672990272_449113602_n.jpg 960w\" sizes=\"auto, (max-width: 300px) 100vw, 300px\" \/><\/a>W tym roku obchodzimy setn\u0105 rocznic\u0119 powrotu Polski na map\u0119 Europy. Ch\u0119tnie zatem wracamy do wydarze\u0144 z tamtych lat. Odwaga i up\u00f3r, zar\u00f3wno wybitnych jednostek, jak i zwyk\u0142ych ludzi, doprowadzi\u0142y do ponownego scalenia ziem polskich, brutalnie niegdy\u015b rozdartych mi\u0119dzy wrogie mocarstwa. <!--more-->Ch\u0119tnie przypominamy sobie m\u0119\u017c\u00f3w stanu: J\u00f3zefa Pi\u0142sudskiego, Romana Dmowskiego, Ignacego Paderewskiego czy Ignacego Daszy\u0144skiego. Trudniej jednak nam zaakceptowa\u0107 fakt, \u017ce nie byli to ludzie bez wad, a odrodzona Rzeczpospolita by\u0142a pa\u0144stwem dalekim od stabilno\u015bci czy dobrobytu. Sprzyjaj\u0105ca Polsce sytuacja mi\u0119dzynarodowa r\u00f3wnie\u017c nie trwa\u0142a d\u0142ugo a elity II RP nie ustrzeg\u0142y si\u0119 powa\u017cnych b\u0142\u0119d\u00f3w w polityce wewn\u0119trznej i zagranicznej, za co w konsekwencji przysz\u0142o nam p\u0142aci\u0107 najwy\u017csz\u0105 cen\u0119.<\/p>\n<p>O tym wszystkim traktowa\u0142 kolejny wyk\u0142ad dra Marcina Janeczka, zatytu\u0142owany \u201eNiepodleg\u0142o\u015b\u0107 czy przegrana?\u201d, kt\u00f3ry odby\u0142 si\u0119 21 lutego w sali konferencyjnej naszej biblioteki.<\/p>\n<p>Dowiedzieli\u015bmy si\u0119 mi\u0119dzy innymi o okoliczno\u015bciach przybycia J\u00f3zefa Pi\u0142sudskiego z Magdeburga, o jego pocz\u0105tkowych rozmowach z bolszewikami i nietypowej decyzji Naczelnego Wodza, kt\u00f3ry po pobiciu Armii Czerwonej porzuci\u0142 cz\u0119\u015b\u0107 zdobytych na wschodzie teren\u00f3w, ulegaj\u0105c presji politycznej Sejmu. Dr Janeczek wykaza\u0142 r\u00f3wnie\u017c b\u0142\u0119dy polskiej dyplomacji, kt\u00f3ra wbrew pogl\u0105dom Pi\u0142sudskiego, wyra\u017canymi przez niego za \u017cycia, ruszy\u0142a drog\u0105 konfrontacji z Niemcami, z\u0142udnie licz\u0105c na \u00f3wczesny potencja\u0142 zbrojny i wol\u0119 walki zachodnich aliant\u00f3w.<\/p>\n<p>Wyk\u0142ad nie przyni\u00f3s\u0142 nam bynajmniej pokrzepienia serc, za to pobudzi\u0142 do refleksji, tak bardzo potrzebnej nam r\u00f3wnie\u017c w obecnych czasach.<\/p>\n<p>Nades\u0142a\u0142a: Miejska i Powiatowa Biblioteka Publiczna w Zawierciu<\/p>\n<p><strong>Biblioteka wspiera Cele Zr\u00f3wnowa\u017conego Rozwoju<\/strong><\/p>\n<p><a href=\"https:\/\/slaskipegaz.bs.katowice.pl\/wp-content\/uploads\/2018\/01\/logo-v.jpg\"><img loading=\"lazy\" decoding=\"async\" class=\" wp-image-13008 alignnone\" src=\"https:\/\/slaskipegaz.bs.katowice.pl\/wp-content\/uploads\/2018\/01\/logo-v-300x108.jpg\" alt=\"cele\" width=\"222\" height=\"80\" srcset=\"https:\/\/slaskipegaz.bs.katowice.pl\/wp-content\/uploads\/2018\/01\/logo-v-300x108.jpg 300w, https:\/\/slaskipegaz.bs.katowice.pl\/wp-content\/uploads\/2018\/01\/logo-v-768x275.jpg 768w, https:\/\/slaskipegaz.bs.katowice.pl\/wp-content\/uploads\/2018\/01\/logo-v-1024x367.jpg 1024w, https:\/\/slaskipegaz.bs.katowice.pl\/wp-content\/uploads\/2018\/01\/logo-v.jpg 1054w\" sizes=\"auto, (max-width: 222px) 100vw, 222px\" \/><\/a>\u00a0<a href=\"https:\/\/slaskipegaz.bs.katowice.pl\/wp-content\/uploads\/2018\/01\/16.jpg\">\u00a0<\/a><a href=\"https:\/\/slaskipegaz.bs.katowice.pl\/wp-content\/uploads\/2018\/02\/14.jpg\">\u00a0<\/a><a href=\"https:\/\/slaskipegaz.bs.katowice.pl\/wp-content\/uploads\/2018\/02\/14.jpg\">\u00a0<\/a><a href=\"https:\/\/slaskipegaz.bs.katowice.pl\/wp-content\/uploads\/2018\/01\/16.jpg\"><img loading=\"lazy\" decoding=\"async\" class=\"wp-image-13021 alignnone\" src=\"https:\/\/slaskipegaz.bs.katowice.pl\/wp-content\/uploads\/2018\/01\/16-300x300.jpg\" alt=\"pok\u00f3j\" width=\"82\" height=\"82\" srcset=\"https:\/\/slaskipegaz.bs.katowice.pl\/wp-content\/uploads\/2018\/01\/16-300x300.jpg 300w, https:\/\/slaskipegaz.bs.katowice.pl\/wp-content\/uploads\/2018\/01\/16-150x150.jpg 150w, https:\/\/slaskipegaz.bs.katowice.pl\/wp-content\/uploads\/2018\/01\/16-768x768.jpg 768w, https:\/\/slaskipegaz.bs.katowice.pl\/wp-content\/uploads\/2018\/01\/16-1024x1024.jpg 1024w, https:\/\/slaskipegaz.bs.katowice.pl\/wp-content\/uploads\/2018\/01\/16.jpg 1181w\" sizes=\"auto, (max-width: 82px) 100vw, 82px\" \/><\/a><\/p>\n","protected":false},"excerpt":{"rendered":"<p>Niepodleg\u0142o\u015b\u0107 czy przegrana? W tym roku obchodzimy setn\u0105 rocznic\u0119 powrotu Polski na map\u0119 Europy. Ch\u0119tnie zatem wracamy do wydarze\u0144 z tamtych lat. Odwaga i up\u00f3r, zar\u00f3wno wybitnych jednostek, jak i zwyk\u0142ych ludzi, doprowadzi\u0142y do ponownego scalenia ziem polskich, brutalnie niegdy\u015b rozdartych mi\u0119dzy wrogie mocarstwa.<\/p>\n","protected":false},"author":3,"featured_media":0,"comment_status":"closed","ping_status":"closed","sticky":false,"template":"","format":"standard","meta":{"_acf_changed":false,"_exactmetrics_skip_tracking":false,"_exactmetrics_sitenote_active":false,"_exactmetrics_sitenote_note":"","_exactmetrics_sitenote_category":0,"footnotes":""},"categories":[1399,1409],"tags":[110,1212],"class_list":["post-13364","post","type-post","status-publish","format-standard","hentry","category-sdg","category-nr-42-marzec-2018","tag-miejska-i-powiatowa-biblioteka-publiczna-w-zawierciu","tag-wyklad-historyczny"],"acf":[],"jetpack_featured_media_url":"","_links":{"self":[{"href":"https:\/\/slaskipegaz.bs.katowice.pl\/index.php?rest_route=\/wp\/v2\/posts\/13364","targetHints":{"allow":["GET"]}}],"collection":[{"href":"https:\/\/slaskipegaz.bs.katowice.pl\/index.php?rest_route=\/wp\/v2\/posts"}],"about":[{"href":"https:\/\/slaskipegaz.bs.katowice.pl\/index.php?rest_route=\/wp\/v2\/types\/post"}],"author":[{"embeddable":true,"href":"https:\/\/slaskipegaz.bs.katowice.pl\/index.php?rest_route=\/wp\/v2\/users\/3"}],"replies":[{"embeddable":true,"href":"https:\/\/slaskipegaz.bs.katowice.pl\/index.php?rest_route=%2Fwp%2Fv2%2Fcomments&post=13364"}],"version-history":[{"count":1,"href":"https:\/\/slaskipegaz.bs.katowice.pl\/index.php?rest_route=\/wp\/v2\/posts\/13364\/revisions"}],"predecessor-version":[{"id":13366,"href":"https:\/\/slaskipegaz.bs.katowice.pl\/index.php?rest_route=\/wp\/v2\/posts\/13364\/revisions\/13366"}],"wp:attachment":[{"href":"https:\/\/slaskipegaz.bs.katowice.pl\/index.php?rest_route=%2Fwp%2Fv2%2Fmedia&parent=13364"}],"wp:term":[{"taxonomy":"category","embeddable":true,"href":"https:\/\/slaskipegaz.bs.katowice.pl\/index.php?rest_route=%2Fwp%2Fv2%2Fcategories&post=13364"},{"taxonomy":"post_tag","embeddable":true,"href":"https:\/\/slaskipegaz.bs.katowice.pl\/index.php?rest_route=%2Fwp%2Fv2%2Ftags&post=13364"}],"curies":[{"name":"wp","href":"https:\/\/api.w.org\/{rel}","templated":true}]}}