{"id":13962,"date":"2018-12-06T14:32:23","date_gmt":"2018-12-06T13:32:23","guid":{"rendered":"http:\/\/slaskipegaz.bs.katowice.pl\/?p=13962"},"modified":"2018-12-13T13:39:50","modified_gmt":"2018-12-13T12:39:50","slug":"zapowiedz-ogolnoswiatowa-kampania-onz","status":"publish","type":"post","link":"https:\/\/slaskipegaz.bs.katowice.pl\/?p=13962","title":{"rendered":"70. ROCZNICA UCHWALENIA DEKLARACJI PRAW CZ\u0141OWIEKA W BIBLIOTEKACH"},"content":{"rendered":"<h6 style=\"text-align: center;\"><em>Add your voice\u00a0<\/em>&#8211; Oddaj sw\u00f3j g\u0142os<\/h6>\n<div>\n<p><a href=\"https:\/\/slaskipegaz.bs.katowice.pl\/wp-content\/uploads\/2018\/05\/News.jpg\"><img loading=\"lazy\" decoding=\"async\" class=\"size-medium wp-image-13968 alignleft\" src=\"https:\/\/slaskipegaz.bs.katowice.pl\/wp-content\/uploads\/2018\/05\/News-300x200.jpg\" alt=\"plakat\" width=\"300\" height=\"200\" srcset=\"https:\/\/slaskipegaz.bs.katowice.pl\/wp-content\/uploads\/2018\/05\/News-300x200.jpg 300w, https:\/\/slaskipegaz.bs.katowice.pl\/wp-content\/uploads\/2018\/05\/News.jpg 500w\" sizes=\"auto, (max-width: 300px) 100vw, 300px\" \/><\/a>Z okazji \u00a070. rocznica uchwalenia Powszechnej Deklaracji Praw Cz\u0142owieka Organizacja Narod\u00f3w Zjednoczonych utworzy\u0142a platform\u0119\u00a0<strong><a href=\"http:\/\/www.standup4humanrights.org\/en\/highlights_01.html\">\u00a0Add Your Voice<\/a><\/strong>, gdzie ka\u017cdy mo\u017ce zamie\u015bci\u0107 nagranie jednego wybranego artyku\u0142u Deklaracji w\u00a0swoim ojczystym j\u0119zyku.<\/p>\n<\/div>\n<p>&nbsp;<\/p>\n<p><!--more--><\/p>\n<div><\/div>\n<p>Pomimo, \u017ce Deklaracja Praw Cz\u0142owieka jest dokumentem najcz\u0119\u015bciej t\u0142umaczonym na \u015bwiecie, to\u00a0wci\u0105\u017c w niekt\u00f3rych pa\u0144stwach prawa cz\u0142owieka s\u0105 \u0142amane. Tak\u017ce nie wszyscy wiedz\u0105 jakie maj\u0105 prawa.<\/p>\n<p>Na platformie Add Your Voice\u00a0zamieszczono tylko 11 filmik\u00f3w w j. polskim.\u00a0Czas to zmieni\u0107!<\/p>\n<p>Ka\u017cdy z nas mo\u017ce nagra\u0107 filmik z wybranym artyku\u0142em i doda\u0107 go na platform\u0119. Pomocna b\u0119dzie strona <a href=\"https:\/\/udhr.audio\/\">https:\/\/udhr.audio\/<\/a><\/p>\n<p>Koniecznie warto wej\u015b\u0107 na polsk\u0105 wersj\u0119 Deklaracji, kt\u00f3r\u0105 mo\u017cna znale\u017a\u0107 na stronie <a href=\"http:\/\/www.unic.un.org.pl\/dokumenty\/deklaracja.php\">\u00a0www.unic.un.org.pl\/dokumenty\/deklaracja.php<\/a> .<\/p>\n<p>Ostatnio dodane filmiki w\u00a0j\u0119zyku polskim mo\u017cna obejrze\u0107 na stronie <a href=\"http:\/\/www.un.org\/en\/udhr-video\/curated.shtml?lang=lang103\">www.un.org\/en\/udhr-video\/curated.shtml?lang=lang103<\/a>.<\/p>\n<p>Dlaczego warto si\u0119 zaanga\u017cowa\u0107 w akcj\u0119?<\/p>\n<p>\u00b7\u00a0\u00a0\u00a0\u00a0\u00a0\u00a0\u00a0 Na platformie jest bardzo ma\u0142o polskich filmik\u00f3w &#8211; poka\u017cmy, \u017ce dla nas prawa cz\u0142owieka r\u00f3wnie\u017c s\u0105 wa\u017cne!<\/p>\n<p>\u00b7\u00a0\u00a0\u00a0\u00a0\u00a0\u00a0\u00a0 Kr\u0119c\u0105c filmiki mo\u017cna w tle umie\u015bci\u0107 logo biblioteki,<\/p>\n<p>\u00b7\u00a0\u00a0\u00a0\u00a0\u00a0\u00a0\u00a0 Mo\u017cna nawi\u0105za\u0107 do akcji w mediach spo\u0142eczno\u015bciowych u\u017cywaj\u0105c hasztagu: #StandUp4HumanRights<\/p>\n<p>Wi\u0119cej informacji na stronie:\u00a0<a href=\"http:\/\/www.unic.un.org.pl\/prawa-czlowieka\/kampania-onz-%E2%80%98add-your-voice%E2%80%99-(dodaj-swoj-glos)\/3121\">http:\/\/www.unic.un.org.pl\/prawa-czlowieka\/kampania-onz-%E2%80%98add-your-voice%E2%80%99-(dodaj-swoj-glos)\/3121<\/a><\/p>\n<p>O\u015brodek Informacji ONZ przygotowa\u0142 dla bibliotek, kt\u00f3re w\u0142\u0105cz\u0105 si\u0119 w obchody i nakr\u0119c\u0105 filmiki\u00a0<strong>wydrukowan\u0105 Deklaracj\u0119:<\/strong><\/p>\n<p><a href=\"https:\/\/slaskipegaz.bs.katowice.pl\/wp-content\/uploads\/2018\/05\/ONZ_deklaracja.jpg\"><img loading=\"lazy\" decoding=\"async\" class=\"aligncenter size-medium wp-image-15482\" src=\"https:\/\/slaskipegaz.bs.katowice.pl\/wp-content\/uploads\/2018\/05\/ONZ_deklaracja-300x224.jpg\" alt=\"tekst\" width=\"300\" height=\"224\" srcset=\"https:\/\/slaskipegaz.bs.katowice.pl\/wp-content\/uploads\/2018\/05\/ONZ_deklaracja-300x224.jpg 300w, https:\/\/slaskipegaz.bs.katowice.pl\/wp-content\/uploads\/2018\/05\/ONZ_deklaracja-768x574.jpg 768w, https:\/\/slaskipegaz.bs.katowice.pl\/wp-content\/uploads\/2018\/05\/ONZ_deklaracja-1024x765.jpg 1024w\" sizes=\"auto, (max-width: 300px) 100vw, 300px\" \/><\/a><\/p>\n<p>Serdecznie zach\u0119camy do udzia\u0142u w akcji!<\/p>\n<p>&nbsp;<\/p>\n<p>&nbsp;<\/p>\n<p>&nbsp;<\/p>\n<p>&nbsp;<\/p>\n<p>&nbsp;<\/p>\n","protected":false},"excerpt":{"rendered":"<p>Add your voice\u00a0&#8211; Oddaj sw\u00f3j g\u0142os Z okazji \u00a070. rocznica uchwalenia Powszechnej Deklaracji Praw Cz\u0142owieka Organizacja Narod\u00f3w Zjednoczonych utworzy\u0142a platform\u0119\u00a0\u00a0Add Your Voice, gdzie ka\u017cdy mo\u017ce zamie\u015bci\u0107 nagranie jednego wybranego artyku\u0142u Deklaracji w\u00a0swoim ojczystym j\u0119zyku. &nbsp;<\/p>\n","protected":false},"author":3,"featured_media":0,"comment_status":"closed","ping_status":"closed","sticky":false,"template":"","format":"standard","meta":{"_acf_changed":false,"_exactmetrics_skip_tracking":false,"_exactmetrics_sitenote_active":false,"_exactmetrics_sitenote_note":"","_exactmetrics_sitenote_category":0,"footnotes":""},"categories":[6],"tags":[1364,1497],"class_list":["post-13962","post","type-post","status-publish","format-standard","hentry","category-aktualnosci","tag-osrodek-informacji-onz-w-warszawie","tag-powszechna-deklaracja-praw-czlowieka"],"acf":[],"jetpack_featured_media_url":"","_links":{"self":[{"href":"https:\/\/slaskipegaz.bs.katowice.pl\/index.php?rest_route=\/wp\/v2\/posts\/13962","targetHints":{"allow":["GET"]}}],"collection":[{"href":"https:\/\/slaskipegaz.bs.katowice.pl\/index.php?rest_route=\/wp\/v2\/posts"}],"about":[{"href":"https:\/\/slaskipegaz.bs.katowice.pl\/index.php?rest_route=\/wp\/v2\/types\/post"}],"author":[{"embeddable":true,"href":"https:\/\/slaskipegaz.bs.katowice.pl\/index.php?rest_route=\/wp\/v2\/users\/3"}],"replies":[{"embeddable":true,"href":"https:\/\/slaskipegaz.bs.katowice.pl\/index.php?rest_route=%2Fwp%2Fv2%2Fcomments&post=13962"}],"version-history":[{"count":7,"href":"https:\/\/slaskipegaz.bs.katowice.pl\/index.php?rest_route=\/wp\/v2\/posts\/13962\/revisions"}],"predecessor-version":[{"id":15485,"href":"https:\/\/slaskipegaz.bs.katowice.pl\/index.php?rest_route=\/wp\/v2\/posts\/13962\/revisions\/15485"}],"wp:attachment":[{"href":"https:\/\/slaskipegaz.bs.katowice.pl\/index.php?rest_route=%2Fwp%2Fv2%2Fmedia&parent=13962"}],"wp:term":[{"taxonomy":"category","embeddable":true,"href":"https:\/\/slaskipegaz.bs.katowice.pl\/index.php?rest_route=%2Fwp%2Fv2%2Fcategories&post=13962"},{"taxonomy":"post_tag","embeddable":true,"href":"https:\/\/slaskipegaz.bs.katowice.pl\/index.php?rest_route=%2Fwp%2Fv2%2Ftags&post=13962"}],"curies":[{"name":"wp","href":"https:\/\/api.w.org\/{rel}","templated":true}]}}