{"id":14770,"date":"2018-08-21T11:12:51","date_gmt":"2018-08-21T09:12:51","guid":{"rendered":"http:\/\/slaskipegaz.bs.katowice.pl\/?p=14770"},"modified":"2018-08-21T08:16:07","modified_gmt":"2018-08-21T06:16:07","slug":"relacja-miejska-biblioteka-publiczna-w-zorach-45","status":"publish","type":"post","link":"https:\/\/slaskipegaz.bs.katowice.pl\/?p=14770","title":{"rendered":"[Relacja] MIEJSKA BIBLIOTEKA PUBLICZNA W \u017bORACH"},"content":{"rendered":"<h6 style=\"text-align: center;\"><b>Czy wojna jest dla dzieci?<\/b><\/h6>\n<p><a href=\"https:\/\/slaskipegaz.bs.katowice.pl\/wp-content\/uploads\/2018\/08\/39221438_460384604479284_555172755490734080_n.jpg\"><img loading=\"lazy\" decoding=\"async\" class=\"size-medium wp-image-14771 alignleft\" src=\"https:\/\/slaskipegaz.bs.katowice.pl\/wp-content\/uploads\/2018\/08\/39221438_460384604479284_555172755490734080_n-223x300.jpg\" alt=\"karta\" width=\"223\" height=\"300\" srcset=\"https:\/\/slaskipegaz.bs.katowice.pl\/wp-content\/uploads\/2018\/08\/39221438_460384604479284_555172755490734080_n-223x300.jpg 223w, https:\/\/slaskipegaz.bs.katowice.pl\/wp-content\/uploads\/2018\/08\/39221438_460384604479284_555172755490734080_n.jpg 715w\" sizes=\"auto, (max-width: 223px) 100vw, 223px\" \/><\/a>Czy wojna jest dla dzieci? Z pewno\u015bci\u0105 nie, ale to nie znaczy, \u017ce ona ich nie dotyczy, o czym mogli si\u0119 przekona\u0107 uczestnicy wakacyjnych zaj\u0119\u0107, kt\u00f3rzy wraz z W\u0142odkiem zastanawiali si\u0119 dlaczego wojna, niczym zakl\u0119cie, pozbawia \u015bwiat kolor\u00f3w. <!--more-->Razem z El\u0105, bohaterk\u0105 powie\u015bci P. Ber\u0119sewicza, dowiedzieli si\u0119, \u017ce ka\u017cdy mo\u017ce pomaga\u0107, nawet dziewczyny. Wraz z Krysi\u0105 z Pi\u0119knego Brzegu poznali histori\u0119 Powstania Warszawskiego, tworz\u0105c przy tym poczt\u00f3wki z \u017cyczeniami dla powsta\u0144c\u00f3w. Oczami wydostanego z getta Szymona poznali posta\u0107 Ireny Sendlerowej. Za\u015b losy ma\u0142ego uchod\u017acy Omenki ukaza\u0142y im, \u017ce wojna to nie tylko historia, ma ona miejsce obecnie i dotyka te\u017c ich r\u00f3wnie\u015bnik\u00f3w. Bo cho\u0107 wojn\u0119 tocz\u0105 doro\u015bli, to najbardziej wp\u0142ywa ona na histori\u0119 dzieci.<\/p>\n<p><a href=\"https:\/\/slaskipegaz.bs.katowice.pl\/wp-content\/uploads\/2018\/08\/P1180575.jpg\"><img loading=\"lazy\" decoding=\"async\" class=\"aligncenter size-medium wp-image-14772\" src=\"https:\/\/slaskipegaz.bs.katowice.pl\/wp-content\/uploads\/2018\/08\/P1180575-300x169.jpg\" alt=\"spotkanie\" width=\"300\" height=\"169\" srcset=\"https:\/\/slaskipegaz.bs.katowice.pl\/wp-content\/uploads\/2018\/08\/P1180575-300x169.jpg 300w, https:\/\/slaskipegaz.bs.katowice.pl\/wp-content\/uploads\/2018\/08\/P1180575-768x432.jpg 768w, https:\/\/slaskipegaz.bs.katowice.pl\/wp-content\/uploads\/2018\/08\/P1180575-1024x576.jpg 1024w\" sizes=\"auto, (max-width: 300px) 100vw, 300px\" \/><\/a><\/p>\n<p>Nades\u0142a\u0142a: Miejska Biblioteka Publiczna w \u017borach<\/p>\n","protected":false},"excerpt":{"rendered":"<p>Czy wojna jest dla dzieci? Czy wojna jest dla dzieci? Z pewno\u015bci\u0105 nie, ale to nie znaczy, \u017ce ona ich nie dotyczy, o czym mogli si\u0119 przekona\u0107 uczestnicy wakacyjnych zaj\u0119\u0107, kt\u00f3rzy wraz z W\u0142odkiem zastanawiali si\u0119 dlaczego wojna, niczym zakl\u0119cie, pozbawia \u015bwiat kolor\u00f3w.<\/p>\n","protected":false},"author":3,"featured_media":0,"comment_status":"closed","ping_status":"closed","sticky":false,"template":"","format":"standard","meta":{"_acf_changed":false,"_exactmetrics_skip_tracking":false,"_exactmetrics_sitenote_active":false,"_exactmetrics_sitenote_note":"","_exactmetrics_sitenote_category":0,"footnotes":""},"categories":[1558],"tags":[1363,28,304],"class_list":["post-14770","post","type-post","status-publish","format-standard","hentry","category-nr-47-sierpien-2018","tag-cele-zrownowazonego-rozwoju","tag-miejska-biblioteka-publiczna-w-zorach","tag-wakacje-w-bibliotece"],"acf":[],"jetpack_featured_media_url":"","_links":{"self":[{"href":"https:\/\/slaskipegaz.bs.katowice.pl\/index.php?rest_route=\/wp\/v2\/posts\/14770","targetHints":{"allow":["GET"]}}],"collection":[{"href":"https:\/\/slaskipegaz.bs.katowice.pl\/index.php?rest_route=\/wp\/v2\/posts"}],"about":[{"href":"https:\/\/slaskipegaz.bs.katowice.pl\/index.php?rest_route=\/wp\/v2\/types\/post"}],"author":[{"embeddable":true,"href":"https:\/\/slaskipegaz.bs.katowice.pl\/index.php?rest_route=\/wp\/v2\/users\/3"}],"replies":[{"embeddable":true,"href":"https:\/\/slaskipegaz.bs.katowice.pl\/index.php?rest_route=%2Fwp%2Fv2%2Fcomments&post=14770"}],"version-history":[{"count":1,"href":"https:\/\/slaskipegaz.bs.katowice.pl\/index.php?rest_route=\/wp\/v2\/posts\/14770\/revisions"}],"predecessor-version":[{"id":14773,"href":"https:\/\/slaskipegaz.bs.katowice.pl\/index.php?rest_route=\/wp\/v2\/posts\/14770\/revisions\/14773"}],"wp:attachment":[{"href":"https:\/\/slaskipegaz.bs.katowice.pl\/index.php?rest_route=%2Fwp%2Fv2%2Fmedia&parent=14770"}],"wp:term":[{"taxonomy":"category","embeddable":true,"href":"https:\/\/slaskipegaz.bs.katowice.pl\/index.php?rest_route=%2Fwp%2Fv2%2Fcategories&post=14770"},{"taxonomy":"post_tag","embeddable":true,"href":"https:\/\/slaskipegaz.bs.katowice.pl\/index.php?rest_route=%2Fwp%2Fv2%2Ftags&post=14770"}],"curies":[{"name":"wp","href":"https:\/\/api.w.org\/{rel}","templated":true}]}}