{"id":14958,"date":"2018-10-01T08:24:00","date_gmt":"2018-10-01T06:24:00","guid":{"rendered":"http:\/\/slaskipegaz.bs.katowice.pl\/?p=14958"},"modified":"2018-10-01T10:04:23","modified_gmt":"2018-10-01T08:04:23","slug":"relacja-miejska-i-powiatowa-biblioteka-publiczna-w-zawierciu-126","status":"publish","type":"post","link":"https:\/\/slaskipegaz.bs.katowice.pl\/?p=14958","title":{"rendered":"[Relacja] MIEJSKA I POWIATOWA BIBLIOTEKA PUBLICZNA W ZAWIERCIU"},"content":{"rendered":"<h6 style=\"text-align: center;\">Narodowe Czytanie 2018<\/h6>\n<p><a href=\"https:\/\/slaskipegaz.bs.katowice.pl\/wp-content\/uploads\/2018\/10\/DSC_0094.jpg\"><img loading=\"lazy\" decoding=\"async\" class=\"size-medium wp-image-14969 alignleft\" src=\"https:\/\/slaskipegaz.bs.katowice.pl\/wp-content\/uploads\/2018\/10\/DSC_0094-300x200.jpg\" alt=\"spotkanie\" width=\"300\" height=\"200\" srcset=\"https:\/\/slaskipegaz.bs.katowice.pl\/wp-content\/uploads\/2018\/10\/DSC_0094-300x200.jpg 300w, https:\/\/slaskipegaz.bs.katowice.pl\/wp-content\/uploads\/2018\/10\/DSC_0094-768x512.jpg 768w, https:\/\/slaskipegaz.bs.katowice.pl\/wp-content\/uploads\/2018\/10\/DSC_0094-1024x683.jpg 1024w\" sizes=\"auto, (max-width: 300px) 100vw, 300px\" \/><\/a>Miejska i Powiatowa Biblioteka Publiczna w Zawierciu ponownie w\u0142\u0105czy\u0142a si\u0119 w og\u00f3lnopolsk\u0105 akcj\u0119 Narodowego Czytania. <!--more-->8 wrze\u015bnia (sobota) w godz. od 10.00 do 13.00 do wsp\u00f3lnego czytania zaprosili\u015bmy mieszka\u0144c\u00f3w naszego miasta. Lektur\u0105 Narodowego Czytania by\u0142y fragmenty Przedwio\u015bnia Stefana \u017beromskiego oraz teksty z listy Antologii Niepodleg\u0142o\u015bci. Utwory zaliczane do kanonu literatury patriotycznej, dostarczy\u0142y wielu prze\u017cy\u0107 i wzrusze\u0144.<\/p>\n<p><a href=\"https:\/\/slaskipegaz.bs.katowice.pl\/wp-content\/uploads\/2018\/10\/DSC_0101.jpg\"><img loading=\"lazy\" decoding=\"async\" class=\"aligncenter size-medium wp-image-14970\" src=\"https:\/\/slaskipegaz.bs.katowice.pl\/wp-content\/uploads\/2018\/10\/DSC_0101-300x200.jpg\" alt=\"czytanie\" width=\"300\" height=\"200\" srcset=\"https:\/\/slaskipegaz.bs.katowice.pl\/wp-content\/uploads\/2018\/10\/DSC_0101-300x200.jpg 300w, https:\/\/slaskipegaz.bs.katowice.pl\/wp-content\/uploads\/2018\/10\/DSC_0101-768x512.jpg 768w, https:\/\/slaskipegaz.bs.katowice.pl\/wp-content\/uploads\/2018\/10\/DSC_0101-1024x683.jpg 1024w\" sizes=\"auto, (max-width: 300px) 100vw, 300px\" \/><\/a><\/p>\n<p>Tegoroczne Narodowe Czytanie cieszy\u0142o si\u0119 du\u017cym zainteresowaniem. Zosta\u0142y zaprezentowane teksty takich tw\u00f3rc\u00f3w jak: Jan Kochanowski Kto mi da\u0142 skrzyd\u0142a, kto mi\u0119 odzia\u0142 pi\u00f3ry, Piotr Skarga Kazania Sejmowe, Szymon Starowolski Lament Utrapionej Korony Polskiej, Adam Mickiewicz Do matki Polki, Krzysztof Kamil Baczy\u0144ski Mazowsze czy Zbigniew Herbert Pie\u015b\u0144 Raport z obl\u0119\u017conego miasta. Pie\u015b\u0144 Legion\u00f3w Polskich we W\u0142oszech J\u00f3zefa Wybickiego w swojej pierwotnej wersji, zosta\u0142a wykonana przez pracownik\u00f3w Miejskiej i Powiatowej Biblioteki Publicznej w Zawierciu, przez zaproszonych go\u015bci oraz przez wszystkich przyby\u0142ych. Ca\u0142o\u015b\u0107 wydarzenia dope\u0142nia\u0142a znakomita oprawa muzyczna.<\/p>\n<p><a href=\"https:\/\/slaskipegaz.bs.katowice.pl\/wp-content\/uploads\/2018\/10\/DSC_0273.jpg\"><img loading=\"lazy\" decoding=\"async\" class=\"aligncenter size-medium wp-image-14971\" src=\"https:\/\/slaskipegaz.bs.katowice.pl\/wp-content\/uploads\/2018\/10\/DSC_0273-300x200.jpg\" alt=\"czytanie\" width=\"300\" height=\"200\" srcset=\"https:\/\/slaskipegaz.bs.katowice.pl\/wp-content\/uploads\/2018\/10\/DSC_0273-300x200.jpg 300w, https:\/\/slaskipegaz.bs.katowice.pl\/wp-content\/uploads\/2018\/10\/DSC_0273-768x512.jpg 768w, https:\/\/slaskipegaz.bs.katowice.pl\/wp-content\/uploads\/2018\/10\/DSC_0273-1024x683.jpg 1024w\" sizes=\"auto, (max-width: 300px) 100vw, 300px\" \/><\/a><\/p>\n<p>W\u015br\u00f3d prezentuj\u0105cych znale\u017ali si\u0119 ludzie z r\u00f3\u017cnych kategorii wiekowych. Najm\u0142odszymi uczestnikami byli uczniowie z pi\u0105tej klasy ze Szko\u0142y Podstawowej nr 5 w Zawierciu. Wzorowo zmierzyli si\u0119 z trudnymi interpretacyjnie utworami Cypriana Kamila Norwida Moja piosnka II, Zygmunta Krasi\u0144skiego Psalmem mi\u0142o\u015bci czy Adama Asnyka P\u00f3ki w narodzi my\u015bl swobody \u017cyje. Wzorowo zaprezentowa\u0142y si\u0119 tak\u017ce uczennice I Liceum Og\u00f3lnokszta\u0142c\u0105cego im Stefana \u017beromskiego w Zawierciu. Ich wyst\u0105pienie dostarczy\u0142o zebranym wielu wzrusze\u0144.<\/p>\n<p>Wszystkim uczestnikom i widzom dzi\u0119kujemy za przybycie i zaanga\u017cowanie.<\/p>\n<p>Nades\u0142a\u0142a: Miejska i Powiatowa Biblioteka Publiczna w Zawierciu<\/p>\n","protected":false},"excerpt":{"rendered":"<p>Narodowe Czytanie 2018 Miejska i Powiatowa Biblioteka Publiczna w Zawierciu ponownie w\u0142\u0105czy\u0142a si\u0119 w og\u00f3lnopolsk\u0105 akcj\u0119 Narodowego Czytania.<\/p>\n","protected":false},"author":3,"featured_media":0,"comment_status":"closed","ping_status":"closed","sticky":false,"template":"","format":"standard","meta":{"_acf_changed":false,"_exactmetrics_skip_tracking":false,"_exactmetrics_sitenote_active":false,"_exactmetrics_sitenote_note":"","_exactmetrics_sitenote_category":0,"footnotes":""},"categories":[1600],"tags":[110,1586],"class_list":["post-14958","post","type-post","status-publish","format-standard","hentry","category-nr-48-wrzesien-2018","tag-miejska-i-powiatowa-biblioteka-publiczna-w-zawierciu","tag-narodowe-czytanie-2018"],"acf":[],"jetpack_featured_media_url":"","_links":{"self":[{"href":"https:\/\/slaskipegaz.bs.katowice.pl\/index.php?rest_route=\/wp\/v2\/posts\/14958","targetHints":{"allow":["GET"]}}],"collection":[{"href":"https:\/\/slaskipegaz.bs.katowice.pl\/index.php?rest_route=\/wp\/v2\/posts"}],"about":[{"href":"https:\/\/slaskipegaz.bs.katowice.pl\/index.php?rest_route=\/wp\/v2\/types\/post"}],"author":[{"embeddable":true,"href":"https:\/\/slaskipegaz.bs.katowice.pl\/index.php?rest_route=\/wp\/v2\/users\/3"}],"replies":[{"embeddable":true,"href":"https:\/\/slaskipegaz.bs.katowice.pl\/index.php?rest_route=%2Fwp%2Fv2%2Fcomments&post=14958"}],"version-history":[{"count":1,"href":"https:\/\/slaskipegaz.bs.katowice.pl\/index.php?rest_route=\/wp\/v2\/posts\/14958\/revisions"}],"predecessor-version":[{"id":14972,"href":"https:\/\/slaskipegaz.bs.katowice.pl\/index.php?rest_route=\/wp\/v2\/posts\/14958\/revisions\/14972"}],"wp:attachment":[{"href":"https:\/\/slaskipegaz.bs.katowice.pl\/index.php?rest_route=%2Fwp%2Fv2%2Fmedia&parent=14958"}],"wp:term":[{"taxonomy":"category","embeddable":true,"href":"https:\/\/slaskipegaz.bs.katowice.pl\/index.php?rest_route=%2Fwp%2Fv2%2Fcategories&post=14958"},{"taxonomy":"post_tag","embeddable":true,"href":"https:\/\/slaskipegaz.bs.katowice.pl\/index.php?rest_route=%2Fwp%2Fv2%2Ftags&post=14958"}],"curies":[{"name":"wp","href":"https:\/\/api.w.org\/{rel}","templated":true}]}}