{"id":15034,"date":"2018-10-01T11:42:46","date_gmt":"2018-10-01T09:42:46","guid":{"rendered":"http:\/\/slaskipegaz.bs.katowice.pl\/?p=15034"},"modified":"2018-10-01T11:42:46","modified_gmt":"2018-10-01T09:42:46","slug":"relacja-miejsko-powiatowa-biblioteka-publiczna-w-pszczynie-37","status":"publish","type":"post","link":"https:\/\/slaskipegaz.bs.katowice.pl\/?p=15034","title":{"rendered":"[Relacja] MIEJSKO-POWIATOWA BIBLIOTEKA PUBLICZNA W PSZCZYNIE"},"content":{"rendered":"<p><a href=\"https:\/\/slaskipegaz.bs.katowice.pl\/wp-content\/uploads\/2018\/10\/IMG_0970.jpg\"><img loading=\"lazy\" decoding=\"async\" class=\"size-medium wp-image-15035 alignleft\" src=\"https:\/\/slaskipegaz.bs.katowice.pl\/wp-content\/uploads\/2018\/10\/IMG_0970-300x200.jpg\" alt=\"pszczyna\" width=\"300\" height=\"200\" srcset=\"https:\/\/slaskipegaz.bs.katowice.pl\/wp-content\/uploads\/2018\/10\/IMG_0970-300x200.jpg 300w, https:\/\/slaskipegaz.bs.katowice.pl\/wp-content\/uploads\/2018\/10\/IMG_0970-768x512.jpg 768w, https:\/\/slaskipegaz.bs.katowice.pl\/wp-content\/uploads\/2018\/10\/IMG_0970-1024x683.jpg 1024w\" sizes=\"auto, (max-width: 300px) 100vw, 300px\" \/><\/a>27 wrze\u015bnia w Starostwie Powiatowym odby\u0142a si\u0119 konferencja pt. <em>Wielop\u0142aszczyznowa rola ba\u015bni<\/em>\u00a0pod honorowym patronatem Starosty Pszczy\u0144skiego i Burmistrza Pszczyny, organizowana przez Miejsko-Powiatow\u0105 Bibliotek\u0119 Publiczna w Pszczynie.<!--more--><\/p>\n<p>Sala wype\u0142ni\u0142a si\u0119 po brzegi, a zaproszonych go\u015bci powitali uroczy\u015bcie starosta Krystian Szostak oraz dyrektor biblioteki, Teresa Musik. Pani dr Marta Nadolna-T\u0142uczykont z Uniwersytetu \u015al\u0105skiego w Katowicach przybli\u017cy\u0142a nam w\u0105tki zwi\u0105zane z modyfikacjami wsp\u00f3\u0142czesnej ba\u015bni. S\u0142uchacze wys\u0142uchali wyk\u0142adu o tym jak ba\u015b\u0144 ewoluowa\u0142a i czym charakteryzuj\u0105 si\u0119 jej wsp\u00f3\u0142czesne wersje. Uczestnicy konferencji poznali polecane wydawnictwa, kt\u00f3re rozpowszechniaj\u0105 godne uwagi, warto\u015bciowe wersje klasycznych ba\u015bni.<\/p>\n<p><a href=\"https:\/\/slaskipegaz.bs.katowice.pl\/wp-content\/uploads\/2018\/10\/IMG_1010.jpg\"><img loading=\"lazy\" decoding=\"async\" class=\"aligncenter size-medium wp-image-15036\" src=\"https:\/\/slaskipegaz.bs.katowice.pl\/wp-content\/uploads\/2018\/10\/IMG_1010-300x200.jpg\" alt=\"wyk\u0142ad\" width=\"300\" height=\"200\" srcset=\"https:\/\/slaskipegaz.bs.katowice.pl\/wp-content\/uploads\/2018\/10\/IMG_1010-300x200.jpg 300w, https:\/\/slaskipegaz.bs.katowice.pl\/wp-content\/uploads\/2018\/10\/IMG_1010-768x512.jpg 768w, https:\/\/slaskipegaz.bs.katowice.pl\/wp-content\/uploads\/2018\/10\/IMG_1010-1024x683.jpg 1024w\" sizes=\"auto, (max-width: 300px) 100vw, 300px\" \/><\/a><\/p>\n<p>Dr Wanda Matras-Mastalerz z Uniwersytetu Pedagogicznego w Krakowie oraz Prezes Polskiego Towarzystwa Biblioterapeutycznego we Wroc\u0142awiu, wyg\u0142osi\u0142a wyk\u0142ad na temat szerokiego znaczenia ba\u015bni w terapii, edukacji oraz wychowaniu. Przybli\u017cy\u0142a s\u0142uchaczom r\u00f3wnie\u017c jej rol\u0119 w mi\u0119dzypokoleniowej transmisji warto\u015bci. S\u0142uchacze poznali ciekawostki na temat ksi\u0105\u017cek wydawanych jak leki, na recept\u0119. Na podstawie przytoczonych fragment\u00f3w ba\u015bni, pani doktor z pasj\u0105 przekonywa\u0142a o ogromnej warto\u015bci ba\u015bni, jako bardzo wdzi\u0119cznego materia\u0142u do pracy z r\u00f3\u017cnymi grupami wiekowymi. Uczestnicy mogli pozna\u0107 zachwycaj\u0105ce ksi\u0105\u017cki, jej w\u0142asnego autorstwa.<\/p>\n<p><a href=\"https:\/\/slaskipegaz.bs.katowice.pl\/wp-content\/uploads\/2018\/10\/IMG_1050.jpg\"><img loading=\"lazy\" decoding=\"async\" class=\"aligncenter size-medium wp-image-15037\" src=\"https:\/\/slaskipegaz.bs.katowice.pl\/wp-content\/uploads\/2018\/10\/IMG_1050-300x200.jpg\" alt=\"spotkanie\" width=\"300\" height=\"200\" srcset=\"https:\/\/slaskipegaz.bs.katowice.pl\/wp-content\/uploads\/2018\/10\/IMG_1050-300x200.jpg 300w, https:\/\/slaskipegaz.bs.katowice.pl\/wp-content\/uploads\/2018\/10\/IMG_1050-768x512.jpg 768w, https:\/\/slaskipegaz.bs.katowice.pl\/wp-content\/uploads\/2018\/10\/IMG_1050-1024x683.jpg 1024w\" sizes=\"auto, (max-width: 300px) 100vw, 300px\" \/><\/a><\/p>\n<p>Konferencja nale\u017cy do jednego z szeregu dzia\u0142a\u0144 projektu &#8222;Ba\u015b\u0144 \u0142\u0105czy pokolenia&#8221; realizowanego w ramach programu &#8222;Partnerstwo dla ksi\u0105\u017cki&#8221;.<\/p>\n<p><a href=\"https:\/\/slaskipegaz.bs.katowice.pl\/wp-content\/uploads\/2017\/04\/mkidn_01_cmyk.jpg\"><img loading=\"lazy\" decoding=\"async\" class=\" wp-image-10243 alignleft\" src=\"https:\/\/slaskipegaz.bs.katowice.pl\/wp-content\/uploads\/2017\/04\/mkidn_01_cmyk-300x300.jpg\" alt=\"logos\" width=\"92\" height=\"92\" srcset=\"https:\/\/slaskipegaz.bs.katowice.pl\/wp-content\/uploads\/2017\/04\/mkidn_01_cmyk-300x300.jpg 300w, https:\/\/slaskipegaz.bs.katowice.pl\/wp-content\/uploads\/2017\/04\/mkidn_01_cmyk-150x150.jpg 150w, https:\/\/slaskipegaz.bs.katowice.pl\/wp-content\/uploads\/2017\/04\/mkidn_01_cmyk-768x768.jpg 768w, https:\/\/slaskipegaz.bs.katowice.pl\/wp-content\/uploads\/2017\/04\/mkidn_01_cmyk-1024x1024.jpg 1024w, https:\/\/slaskipegaz.bs.katowice.pl\/wp-content\/uploads\/2017\/04\/mkidn_01_cmyk.jpg 1323w\" sizes=\"auto, (max-width: 92px) 100vw, 92px\" \/><\/a>Dofinansowano ze \u015brodk\u00f3w Ministra Kultury i Dziedzictwa Narodowego pochodz\u0105cych z Funduszu Promocji Kultury.<\/p>\n","protected":false},"excerpt":{"rendered":"<p>27 wrze\u015bnia w Starostwie Powiatowym odby\u0142a si\u0119 konferencja pt. Wielop\u0142aszczyznowa rola ba\u015bni\u00a0pod honorowym patronatem Starosty Pszczy\u0144skiego i Burmistrza Pszczyny, organizowana przez Miejsko-Powiatow\u0105 Bibliotek\u0119 Publiczna w Pszczynie.<\/p>\n","protected":false},"author":3,"featured_media":0,"comment_status":"closed","ping_status":"closed","sticky":false,"template":"","format":"standard","meta":{"_acf_changed":false,"_exactmetrics_skip_tracking":false,"_exactmetrics_sitenote_active":false,"_exactmetrics_sitenote_note":"","_exactmetrics_sitenote_category":0,"footnotes":""},"categories":[1600],"tags":[46,155,1591],"class_list":["post-15034","post","type-post","status-publish","format-standard","hentry","category-nr-48-wrzesien-2018","tag-konferencja","tag-miejsko-powiatowa-biblioteka-publiczna-w-pszczynie","tag-wieloplaszczyznowa-rola-basni"],"acf":[],"jetpack_featured_media_url":"","_links":{"self":[{"href":"https:\/\/slaskipegaz.bs.katowice.pl\/index.php?rest_route=\/wp\/v2\/posts\/15034","targetHints":{"allow":["GET"]}}],"collection":[{"href":"https:\/\/slaskipegaz.bs.katowice.pl\/index.php?rest_route=\/wp\/v2\/posts"}],"about":[{"href":"https:\/\/slaskipegaz.bs.katowice.pl\/index.php?rest_route=\/wp\/v2\/types\/post"}],"author":[{"embeddable":true,"href":"https:\/\/slaskipegaz.bs.katowice.pl\/index.php?rest_route=\/wp\/v2\/users\/3"}],"replies":[{"embeddable":true,"href":"https:\/\/slaskipegaz.bs.katowice.pl\/index.php?rest_route=%2Fwp%2Fv2%2Fcomments&post=15034"}],"version-history":[{"count":1,"href":"https:\/\/slaskipegaz.bs.katowice.pl\/index.php?rest_route=\/wp\/v2\/posts\/15034\/revisions"}],"predecessor-version":[{"id":15038,"href":"https:\/\/slaskipegaz.bs.katowice.pl\/index.php?rest_route=\/wp\/v2\/posts\/15034\/revisions\/15038"}],"wp:attachment":[{"href":"https:\/\/slaskipegaz.bs.katowice.pl\/index.php?rest_route=%2Fwp%2Fv2%2Fmedia&parent=15034"}],"wp:term":[{"taxonomy":"category","embeddable":true,"href":"https:\/\/slaskipegaz.bs.katowice.pl\/index.php?rest_route=%2Fwp%2Fv2%2Fcategories&post=15034"},{"taxonomy":"post_tag","embeddable":true,"href":"https:\/\/slaskipegaz.bs.katowice.pl\/index.php?rest_route=%2Fwp%2Fv2%2Ftags&post=15034"}],"curies":[{"name":"wp","href":"https:\/\/api.w.org\/{rel}","templated":true}]}}