{"id":15354,"date":"2018-11-06T16:14:38","date_gmt":"2018-11-06T15:14:38","guid":{"rendered":"http:\/\/slaskipegaz.bs.katowice.pl\/?p=15354"},"modified":"2018-11-06T16:14:38","modified_gmt":"2018-11-06T15:14:38","slug":"relacja-ksiaznica-beskidzka-w-bielsku-bialej-96","status":"publish","type":"post","link":"https:\/\/slaskipegaz.bs.katowice.pl\/?p=15354","title":{"rendered":"[Relacja] KSI\u0104\u017bNICA BESKIDZKA W BIELSKU-BIA\u0141EJ"},"content":{"rendered":"<h6 style=\"text-align: center;\"><strong>\u00a0<\/strong><strong>Regio-\u017ar\u00f3d\u0142a \u2013 nowe mo\u017cliwo\u015bci Ksi\u0105\u017cnicy Beskidzkiej<\/strong><\/h6>\n<p><a href=\"https:\/\/slaskipegaz.bs.katowice.pl\/wp-content\/uploads\/2016\/12\/KSIAZNICA.jpg\"><img loading=\"lazy\" decoding=\"async\" class=\"size-medium wp-image-9097 alignleft\" src=\"https:\/\/slaskipegaz.bs.katowice.pl\/wp-content\/uploads\/2016\/12\/KSIAZNICA-300x117.jpg\" alt=\"BIBLIOTEKA\" width=\"300\" height=\"117\" srcset=\"https:\/\/slaskipegaz.bs.katowice.pl\/wp-content\/uploads\/2016\/12\/KSIAZNICA-300x117.jpg 300w, https:\/\/slaskipegaz.bs.katowice.pl\/wp-content\/uploads\/2016\/12\/KSIAZNICA-768x300.jpg 768w, https:\/\/slaskipegaz.bs.katowice.pl\/wp-content\/uploads\/2016\/12\/KSIAZNICA-1024x400.jpg 1024w, https:\/\/slaskipegaz.bs.katowice.pl\/wp-content\/uploads\/2016\/12\/KSIAZNICA.jpg 1920w\" sizes=\"auto, (max-width: 300px) 100vw, 300px\" \/><\/a>Od wrze\u015bnia 2018 roku czytelnicy Ksi\u0105\u017cnicy Beskidzkiej mog\u0105 korzysta\u0107 z nowej bazy informacyjno-wyszukiwawczej, zawieraj\u0105cej dokumenty \u017cycia spo\u0142ecznego, b\u0119d\u0105ce cennym uzupe\u0142nieniem zbior\u00f3w ksi\u0105\u017ckowych.<!--more--><\/p>\n<p><strong>Regio-\u017ar\u00f3d\u0142a<\/strong> zosta\u0142y stworzone z my\u015bl\u0105 o \u0142atwiejszym dotarciu do informacji i wiedzy na temat szeroko rozumianego regionu, a wi\u0119c obszaru Beskid\u00f3w, a dok\u0142adniej by\u0142ego wojew\u00f3dztwa bielskiego, powi\u0119kszonego o tereny gminy Bestwina i Czechowice-Dziedzice i opracowane jako wielotematyczne \u017ar\u00f3d\u0142o wiedzy o warto\u015bci edukacyjnej, poznawczej oraz kulturowej.<\/p>\n<p><strong>Regio-\u017ar\u00f3d\u0142a<\/strong> zawieraj\u0105 r\u00f3\u017cnorodne pod wzgl\u0119dem formy i tre\u015bci dokumenty regionalne, gromadzone w Dziale Informacyjno-Bibliograficznym od 1976 roku. S\u0105 to, m.in. wycinki prasowe, druki ulotne i okoliczno\u015bciowe (np. kalendarze, plakaty), katalogi i foldery informacyjne, dokumenty wizualne (np. poczt\u00f3wki, ekslibrisy) oraz tzw. regionalia przestrzenne (czyli r\u00f3\u017cnego rodzaju rekwizyty i gad\u017cety). Wszystkie one stanowi\u0105 materia\u0142y unikatowe pod wzgl\u0119dem tre\u015bci i formy wydawniczej, publikowane z okazji r\u00f3\u017cnego rodzaju wydarze\u0144 kulturalnych, rocznic i uroczysto\u015bci. Co ciekawe, cz\u0119\u015b\u0107 z nich dost\u0119pna jest w kilku wersjach j\u0119zykowych, np. angielskim, niemieckim, s\u0142owackim lub czeskim.<\/p>\n<p>W celu u\u0142atwienia korzystania z bazy informacyjno<strong>&#8211;<\/strong>wyszukiwawczej <strong>Regio-\u017ar\u00f3d\u0142a<\/strong> materia\u0142y zosta\u0142y pogrupowane w cykle tematyczne. W\u015br\u00f3d nich mo\u017cna wyr\u00f3\u017cni\u0107 m.in. publikacje przedstawiaj\u0105ce historie i dzia\u0142alno\u015b\u0107 Ksi\u0105\u017cnicy Beskidzkiej, NSZZ Solidarno\u015b\u0107 Regionu Podbeskidziu (II obieg), Ochotniczej Stra\u017cy Po\u017carnej na Podbeskidziu oraz te dotycz\u0105ce Ekslibris\u00f3w i Rodzinnego Rajdu Rowerowego. Do zbior\u00f3w kolekcjonerskich nale\u017c\u0105 tak\u017ce dokumenty \u017cycia spo\u0142ecznego zwi\u0105zane z wybitnymi postaciami regionu: \u015bw. Janem Paw\u0142em II, \u015bw. J\u00f3zefem Bilczewskim oraz Adamem Skarbi\u0144skim, wpisuj\u0105cym si\u0119 w histori\u0119 lotnictwa na Podbeskidziu.<\/p>\n<p>Dost\u0119p do nowej bazy Ksi\u0105\u017cnicy Beskidzkiej jest mo\u017cliwy dzi\u0119ki specjalnie przystosowanemu do wyszukiwania dokument\u00f3w i materia\u0142\u00f3w o tematyce regionalnej stanowisku komputerowemu, znajduj\u0105cemu si\u0119 w gmachu g\u0142\u00f3wnym przy ul. S\u0142owackiego 17a w Bielsku-Bia\u0142ej. Aby skorzysta\u0107 z <strong>Regio-\u017ar\u00f3de\u0142<\/strong> wystarczy wpisa\u0107 s\u0142owo kluczowe, fraz\u0119 lub interesuj\u0105cy nas temat, a dzi\u0119ki wyszukiwarce czytelnik otrzyma list\u0119 poszukiwanych dokument\u00f3w (wraz z ich skanami), a tym samym bezpo\u015bredni dost\u0119p do wiedzy i potrzebnych informacji.<\/p>\n<p>Zach\u0119camy wszystkich czytelnik\u00f3w do skorzystania z innowacyjnych mo\u017cliwo\u015bci Ksi\u0105\u017cnicy Beskidzkiej, w tym szczeg\u00f3lnie uczni\u00f3w, student\u00f3w, nauczycieli, historyk\u00f3w i regionalist\u00f3w, oraz zdobywania wiedzy poprzez odkrywanie nowych \u017ar\u00f3de\u0142 informacji.<\/p>\n<p>&nbsp;<\/p>\n<p>Nades\u0142a\u0142a: Beata Kania, Ksi\u0105\u017cnica Beskidzka<\/p>\n","protected":false},"excerpt":{"rendered":"<p>\u00a0Regio-\u017ar\u00f3d\u0142a \u2013 nowe mo\u017cliwo\u015bci Ksi\u0105\u017cnicy Beskidzkiej Od wrze\u015bnia 2018 roku czytelnicy Ksi\u0105\u017cnicy Beskidzkiej mog\u0105 korzysta\u0107 z nowej bazy informacyjno-wyszukiwawczej, zawieraj\u0105cej dokumenty \u017cycia spo\u0142ecznego, b\u0119d\u0105ce cennym uzupe\u0142nieniem zbior\u00f3w ksi\u0105\u017ckowych.<\/p>\n","protected":false},"author":3,"featured_media":0,"comment_status":"closed","ping_status":"closed","sticky":false,"template":"","format":"standard","meta":{"_acf_changed":false,"_exactmetrics_skip_tracking":false,"_exactmetrics_sitenote_active":false,"_exactmetrics_sitenote_note":"","_exactmetrics_sitenote_category":0,"footnotes":""},"categories":[1624],"tags":[83,1648],"class_list":["post-15354","post","type-post","status-publish","format-standard","hentry","category-nr-49-pazdziernik-2018","tag-ksiaznica-beskidzka","tag-regio-zrodla"],"acf":[],"jetpack_featured_media_url":"","_links":{"self":[{"href":"https:\/\/slaskipegaz.bs.katowice.pl\/index.php?rest_route=\/wp\/v2\/posts\/15354","targetHints":{"allow":["GET"]}}],"collection":[{"href":"https:\/\/slaskipegaz.bs.katowice.pl\/index.php?rest_route=\/wp\/v2\/posts"}],"about":[{"href":"https:\/\/slaskipegaz.bs.katowice.pl\/index.php?rest_route=\/wp\/v2\/types\/post"}],"author":[{"embeddable":true,"href":"https:\/\/slaskipegaz.bs.katowice.pl\/index.php?rest_route=\/wp\/v2\/users\/3"}],"replies":[{"embeddable":true,"href":"https:\/\/slaskipegaz.bs.katowice.pl\/index.php?rest_route=%2Fwp%2Fv2%2Fcomments&post=15354"}],"version-history":[{"count":1,"href":"https:\/\/slaskipegaz.bs.katowice.pl\/index.php?rest_route=\/wp\/v2\/posts\/15354\/revisions"}],"predecessor-version":[{"id":15355,"href":"https:\/\/slaskipegaz.bs.katowice.pl\/index.php?rest_route=\/wp\/v2\/posts\/15354\/revisions\/15355"}],"wp:attachment":[{"href":"https:\/\/slaskipegaz.bs.katowice.pl\/index.php?rest_route=%2Fwp%2Fv2%2Fmedia&parent=15354"}],"wp:term":[{"taxonomy":"category","embeddable":true,"href":"https:\/\/slaskipegaz.bs.katowice.pl\/index.php?rest_route=%2Fwp%2Fv2%2Fcategories&post=15354"},{"taxonomy":"post_tag","embeddable":true,"href":"https:\/\/slaskipegaz.bs.katowice.pl\/index.php?rest_route=%2Fwp%2Fv2%2Ftags&post=15354"}],"curies":[{"name":"wp","href":"https:\/\/api.w.org\/{rel}","templated":true}]}}