{"id":15579,"date":"2018-12-13T12:43:40","date_gmt":"2018-12-13T11:43:40","guid":{"rendered":"http:\/\/slaskipegaz.bs.katowice.pl\/?p=15579"},"modified":"2018-12-13T12:43:40","modified_gmt":"2018-12-13T11:43:40","slug":"relacja-miejska-i-powiatowa-biblioteka-publiczna-w-raciborzu-393","status":"publish","type":"post","link":"https:\/\/slaskipegaz.bs.katowice.pl\/?p=15579","title":{"rendered":"[Relacja] MIEJSKA I POWIATOWA BIBLIOTEKA PUBLICZNA W RACIBORZU"},"content":{"rendered":"<h6 style=\"text-align: center;\">Podsumowanie projektu \u201eIntegracja dla ksi\u0105\u017cki\u201d w raciborskiej bibliotece<\/h6>\n<p><a href=\"https:\/\/slaskipegaz.bs.katowice.pl\/wp-content\/uploads\/2018\/12\/IMAG0104.jpg\"><img loading=\"lazy\" decoding=\"async\" class=\"size-medium wp-image-15580 alignleft\" src=\"https:\/\/slaskipegaz.bs.katowice.pl\/wp-content\/uploads\/2018\/12\/IMAG0104-300x169.jpg\" alt=\"st\u00f3\u0142\" width=\"300\" height=\"169\" srcset=\"https:\/\/slaskipegaz.bs.katowice.pl\/wp-content\/uploads\/2018\/12\/IMAG0104-300x169.jpg 300w, https:\/\/slaskipegaz.bs.katowice.pl\/wp-content\/uploads\/2018\/12\/IMAG0104-768x432.jpg 768w, https:\/\/slaskipegaz.bs.katowice.pl\/wp-content\/uploads\/2018\/12\/IMAG0104-1024x576.jpg 1024w, https:\/\/slaskipegaz.bs.katowice.pl\/wp-content\/uploads\/2018\/12\/IMAG0104.jpg 1920w\" sizes=\"auto, (max-width: 300px) 100vw, 300px\" \/><\/a>W bibliotece na Ostrogu odby\u0142o si\u0119 fina\u0142owe spotkanie w ramach projektu \u201eIntegracja dla ksi\u0105\u017cki\u201d. Rodzice spotkali si\u0119 z Mart\u0105 Jas-Baran i Tamar\u0105 Chor\u0105\u017cyczewsk\u0105- autorkami ksi\u0105\u017cki \u201eU malucha na talerzu\u201d a dzieci wzi\u0119\u0142y udzia\u0142 w mini warsztatach kulinarnych.<!--more--><\/p>\n<p>W tym roku Filia nr 2 Miejskiej i Powiatowej Biblioteki Publicznej w Raciborzu wsp\u00f3lnie ze stowarzyszeniem wspieraj\u0105cym dzieci autystyczne i ich rodzic\u00f3w \u201eSpektrum\u201d realizowa\u0142a projekt pod nazw\u0105 \u201eIntegracja dla ksi\u0105\u017cki\u201d. W ramach projektu w kwietniu powsta\u0142 Klub Rodzica \u2013 miejsce, w\u00a0kt\u00f3rym rodzice mogli porozmawia\u0107 o\u00a0wa\u017cnych dla nich sprawach, poszerzy\u0107 swoj\u0105 wiedz\u0119 oraz\u00a0znale\u017a\u0107 wsparcie i\u00a0zrozumienie ze\u00a0strony innych. A przy okazji spotka\u0107 si\u0119 ze specjalistami z r\u00f3\u017cnych dziedzin wspomagaj\u0105cych wychowanie dziecka &#8211; autorami poradnik\u00f3w, psychologami, terapeutami czy autorami ksi\u0105\u017cek dla dzieci. W czasie trwania projektu biblioteka go\u015bci\u0142a m.in. dr Wand\u0119 Matras-Mastalerz, Izabel\u0119 Micht\u0119, Emili\u0119 G\u00f3\u017ad\u017a czy Wojciecha Wid\u0142aka.<\/p>\n<p><a href=\"https:\/\/slaskipegaz.bs.katowice.pl\/wp-content\/uploads\/2018\/12\/IMAG0110.jpg\"><img loading=\"lazy\" decoding=\"async\" class=\"aligncenter size-medium wp-image-15581\" src=\"https:\/\/slaskipegaz.bs.katowice.pl\/wp-content\/uploads\/2018\/12\/IMAG0110-300x169.jpg\" alt=\"spotkanie\" width=\"300\" height=\"169\" srcset=\"https:\/\/slaskipegaz.bs.katowice.pl\/wp-content\/uploads\/2018\/12\/IMAG0110-300x169.jpg 300w, https:\/\/slaskipegaz.bs.katowice.pl\/wp-content\/uploads\/2018\/12\/IMAG0110-768x432.jpg 768w, https:\/\/slaskipegaz.bs.katowice.pl\/wp-content\/uploads\/2018\/12\/IMAG0110-1024x575.jpg 1024w, https:\/\/slaskipegaz.bs.katowice.pl\/wp-content\/uploads\/2018\/12\/IMAG0110.jpg 1920w\" sizes=\"auto, (max-width: 300px) 100vw, 300px\" \/><\/a><\/p>\n<p>Co niemowl\u0119 mo\u017ce pi\u0107, a czego nie powinno? Jak rozpozna\u0107, \u017ce dziecko jest gotowe na rozszerzenie diety? Jakie produkty s\u0105 najsilniejszymi alergenami? Na fina\u0142owym spotkaniu autorki poradnik\u00f3w \u201eU malucha na talerzu\u201d i \u201eMniam, mniam maluch je ju\u017c sam\u201d przekaza\u0142y gar\u015b\u0107 praktycznych porad na temat \u017cywienia niemowl\u0105t oraz troch\u0119 starszych dzieci w wieku 1-3 lat. Dodatkow\u0105 atrakcj\u0105 by\u0142y warsztaty kulinarne, w trakcie kt\u00f3rych najm\u0142odsi uczestnicy przygotowali sa\u0142atk\u0119 owocow\u0105.<\/p>\n<p><a href=\"https:\/\/slaskipegaz.bs.katowice.pl\/wp-content\/uploads\/2018\/10\/mkidn_01_cmyk.jpg\"><img loading=\"lazy\" decoding=\"async\" class=\" wp-image-15057 alignleft\" src=\"https:\/\/slaskipegaz.bs.katowice.pl\/wp-content\/uploads\/2018\/10\/mkidn_01_cmyk-300x300.jpg\" alt=\"MKIDN\" width=\"95\" height=\"95\" srcset=\"https:\/\/slaskipegaz.bs.katowice.pl\/wp-content\/uploads\/2018\/10\/mkidn_01_cmyk-300x300.jpg 300w, https:\/\/slaskipegaz.bs.katowice.pl\/wp-content\/uploads\/2018\/10\/mkidn_01_cmyk-150x150.jpg 150w, https:\/\/slaskipegaz.bs.katowice.pl\/wp-content\/uploads\/2018\/10\/mkidn_01_cmyk-768x768.jpg 768w, https:\/\/slaskipegaz.bs.katowice.pl\/wp-content\/uploads\/2018\/10\/mkidn_01_cmyk-1024x1024.jpg 1024w, https:\/\/slaskipegaz.bs.katowice.pl\/wp-content\/uploads\/2018\/10\/mkidn_01_cmyk.jpg 1323w\" sizes=\"auto, (max-width: 95px) 100vw, 95px\" \/><\/a>Projekt \u201eIntegracja dla ksi\u0105\u017cki\u201d zosta\u0142 dofinansowany ze \u015brodk\u00f3w Ministra Kultury i Dziedzictwa Narodowego pochodz\u0105cych z Funduszu Promocji Kultury.<\/p>\n<p>&nbsp;<\/p>\n<p>Nades\u0142a\u0142a: Miejska i Powiatowa Biblioteka Publiczna w Raciborzu<\/p>\n<p>&nbsp;<\/p>\n<p>&nbsp;<\/p>\n<p>&nbsp;<\/p>\n<p>&nbsp;<\/p>\n","protected":false},"excerpt":{"rendered":"<p>Podsumowanie projektu \u201eIntegracja dla ksi\u0105\u017cki\u201d w raciborskiej bibliotece W bibliotece na Ostrogu odby\u0142o si\u0119 fina\u0142owe spotkanie w ramach projektu \u201eIntegracja dla ksi\u0105\u017cki\u201d. Rodzice spotkali si\u0119 z Mart\u0105 Jas-Baran i Tamar\u0105 Chor\u0105\u017cyczewsk\u0105- autorkami ksi\u0105\u017cki \u201eU malucha na talerzu\u201d a dzieci wzi\u0119\u0142y udzia\u0142 w mini warsztatach kulinarnych.<\/p>\n","protected":false},"author":3,"featured_media":0,"comment_status":"open","ping_status":"open","sticky":false,"template":"","format":"standard","meta":{"_acf_changed":false,"_exactmetrics_skip_tracking":false,"_exactmetrics_sitenote_active":false,"_exactmetrics_sitenote_note":"","_exactmetrics_sitenote_category":0,"footnotes":""},"categories":[1657],"tags":[1437,1673,48,320],"class_list":["post-15579","post","type-post","status-publish","format-standard","hentry","category-nr-50-listopad-2018","tag-gotowanie","tag-integracja-dla-ksiazki","tag-miejska-i-powiatowa-biblioteka-publiczna-w-raciborzu","tag-spotkanie-z-dietetykiem"],"acf":[],"jetpack_featured_media_url":"","_links":{"self":[{"href":"https:\/\/slaskipegaz.bs.katowice.pl\/index.php?rest_route=\/wp\/v2\/posts\/15579","targetHints":{"allow":["GET"]}}],"collection":[{"href":"https:\/\/slaskipegaz.bs.katowice.pl\/index.php?rest_route=\/wp\/v2\/posts"}],"about":[{"href":"https:\/\/slaskipegaz.bs.katowice.pl\/index.php?rest_route=\/wp\/v2\/types\/post"}],"author":[{"embeddable":true,"href":"https:\/\/slaskipegaz.bs.katowice.pl\/index.php?rest_route=\/wp\/v2\/users\/3"}],"replies":[{"embeddable":true,"href":"https:\/\/slaskipegaz.bs.katowice.pl\/index.php?rest_route=%2Fwp%2Fv2%2Fcomments&post=15579"}],"version-history":[{"count":1,"href":"https:\/\/slaskipegaz.bs.katowice.pl\/index.php?rest_route=\/wp\/v2\/posts\/15579\/revisions"}],"predecessor-version":[{"id":15582,"href":"https:\/\/slaskipegaz.bs.katowice.pl\/index.php?rest_route=\/wp\/v2\/posts\/15579\/revisions\/15582"}],"wp:attachment":[{"href":"https:\/\/slaskipegaz.bs.katowice.pl\/index.php?rest_route=%2Fwp%2Fv2%2Fmedia&parent=15579"}],"wp:term":[{"taxonomy":"category","embeddable":true,"href":"https:\/\/slaskipegaz.bs.katowice.pl\/index.php?rest_route=%2Fwp%2Fv2%2Fcategories&post=15579"},{"taxonomy":"post_tag","embeddable":true,"href":"https:\/\/slaskipegaz.bs.katowice.pl\/index.php?rest_route=%2Fwp%2Fv2%2Ftags&post=15579"}],"curies":[{"name":"wp","href":"https:\/\/api.w.org\/{rel}","templated":true}]}}