{"id":15935,"date":"2019-01-28T11:32:28","date_gmt":"2019-01-28T10:32:28","guid":{"rendered":"http:\/\/slaskipegaz.bs.katowice.pl\/?p=15935"},"modified":"2019-02-01T14:07:44","modified_gmt":"2019-02-01T13:07:44","slug":"relacja-biblioteka-publiczna-miasta-i-gminy-w-lazach-104","status":"publish","type":"post","link":"https:\/\/slaskipegaz.bs.katowice.pl\/?p=15935","title":{"rendered":"[Relacja] BIBLIOTEKA PUBLICZNA MIASTA I GMINY W \u0141AZACH"},"content":{"rendered":"<h6 style=\"text-align: center;\"><strong>\u201eWiwat Niepodleg\u0142o\u015b\u0107!\u201d z uczniami z Grabowej<\/strong><\/h6>\n<p><a href=\"https:\/\/slaskipegaz.bs.katowice.pl\/wp-content\/uploads\/2019\/01\/Wiwat-Niepodleg\u0142o\u015b\u0107-1.jpg\"><img loading=\"lazy\" decoding=\"async\" class=\"size-medium wp-image-15936 alignleft\" src=\"https:\/\/slaskipegaz.bs.katowice.pl\/wp-content\/uploads\/2019\/01\/Wiwat-Niepodleg\u0142o\u015b\u0107-1-300x200.jpg\" alt=\"zdjecie\" width=\"300\" height=\"200\" srcset=\"https:\/\/slaskipegaz.bs.katowice.pl\/wp-content\/uploads\/2019\/01\/Wiwat-Niepodleg\u0142o\u015b\u0107-1-300x200.jpg 300w, https:\/\/slaskipegaz.bs.katowice.pl\/wp-content\/uploads\/2019\/01\/Wiwat-Niepodleg\u0142o\u015b\u0107-1-768x512.jpg 768w, https:\/\/slaskipegaz.bs.katowice.pl\/wp-content\/uploads\/2019\/01\/Wiwat-Niepodleg\u0142o\u015b\u0107-1-1024x683.jpg 1024w\" sizes=\"auto, (max-width: 300px) 100vw, 300px\" \/><\/a>Nowy Rok bibliotecznych spotka\u0144 otworzony zosta\u0142 historycznie i z m\u0142odzie\u017c\u0105. 8 stycznia 2019 r. w Oddziale dla dzieci i m\u0142odzie\u017cy Biblioteki Publicznej Miasta i Gminy w \u0141azach odby\u0142o si\u0119 spotkanie promuj\u0105ce publikacj\u0119 \u201eWiwat Niepodleg\u0142o\u015b\u0107! Historia Niepodleg\u0142ej ukryta w \u017cyciorysach niezwyczajnych bohater\u00f3w codzienno\u015bci Dziewi\u0119\u0107dziesi\u0119ciolatk\u00f3w Plus\u201d. <!--more--><\/p>\n<p>W podr\u00f3\u017c po zakamarkach historii zabra\u0142a nas grupa projektowa z Niepublicznej Szko\u0142y Podstawowej im. Stanis\u0142awa B\u0119dkowskiego w Grabowej &#8211; uczniowie klasy VI w sk\u0142adzie: Joanna Chojnowska, Aleksandra W\u00f3jcik, Julia Bajek, Julia Banaszek, Oliwia Porc, Paulina Ziaja, Oliwier Wrze\u015bniak, do kt\u00f3rych go\u015bcinnie do\u0142\u0105czy\u0142a uczennica klasy VI Szko\u0142y Podstawowej nr 1 w \u0141azach, Iga Gajda. M\u0142odzie\u017c wspierana przez nauczycielki Teres\u0119 Supernak i Agnieszk\u0119 Gajd\u0119 bierze udzia\u0142 w programie \u201eM\u0142odzi w Akcji \u2013 Wiwat Niepodleg\u0142o\u015b\u0107!\u201d. Jej zadaniem by\u0142o poznanie lokalnej historii i opracowanie ksi\u0105\u017ceczki z \u017cyciorysami nadzwyczajnych \u201ebohater\u00f3w codzienno\u015bci\u201d.<\/p>\n<p>Uczniowie klasy VI zaprezentowali fragmenty swojej pracy, opowiadaj\u0105c o 8 wywiadach z niezwyk\u0142ymi osobami (mieszka\u0144cami Grabowej, Niegowonic i Zawiercia), kt\u00f3re z\u0142o\u017cy\u0142y si\u0119 na publikacj\u0119. Poznali\u015bmy niezwyk\u0142ych ludzi, pracowitych i zaradnych, kt\u00f3rych wspomnienia ukaza\u0142y obraz wojennego i powojennego \u017cycia.<\/p>\n<p><a href=\"https:\/\/slaskipegaz.bs.katowice.pl\/wp-content\/uploads\/2019\/01\/Wiwat-Niepodleg\u0142o\u015b\u0107-2.jpg\"><img loading=\"lazy\" decoding=\"async\" class=\"aligncenter size-medium wp-image-15937\" src=\"https:\/\/slaskipegaz.bs.katowice.pl\/wp-content\/uploads\/2019\/01\/Wiwat-Niepodleg\u0142o\u015b\u0107-2-300x200.jpg\" alt=\"spotkanie\" width=\"300\" height=\"200\" srcset=\"https:\/\/slaskipegaz.bs.katowice.pl\/wp-content\/uploads\/2019\/01\/Wiwat-Niepodleg\u0142o\u015b\u0107-2-300x200.jpg 300w, https:\/\/slaskipegaz.bs.katowice.pl\/wp-content\/uploads\/2019\/01\/Wiwat-Niepodleg\u0142o\u015b\u0107-2-768x512.jpg 768w, https:\/\/slaskipegaz.bs.katowice.pl\/wp-content\/uploads\/2019\/01\/Wiwat-Niepodleg\u0142o\u015b\u0107-2.jpg 1024w\" sizes=\"auto, (max-width: 300px) 100vw, 300px\" \/><\/a><\/p>\n<p>Przenie\u015bli\u015bmy si\u0119 do szkolnej \u0142awki lat 30. XX wieku, zderzyli\u015bmy si\u0119 z wojennym strachem i l\u0119kami o siebie i bliskich, zobaczyli\u015bmy pacyfikacj\u0119 B\u0142ojca oczami os\u00f3b, kt\u00f3re by\u0142y w centrum tamtych wydarze\u0144 oraz przejmuj\u0105cy obraz biedy i niebezpiecze\u0144stw czyhaj\u0105cych za ka\u017cdym rogiem. Dziewi\u0119\u0107dziesi\u0119ciolatkowie podkre\u015blali w rozmowach, \u017ce dzieci i nastolatkowie nie do ko\u0144ca byli \u015bwiadomi wojennych zagro\u017ce\u0144 (chronieni przez rodzic\u00f3w). Zwracali te\u017c uwag\u0119, \u017ce ludzie ich pokolenia prze\u017cywali koszmarne chwile, a mimo to potrafili cieszy\u0107 si\u0119 \u017cyciem, byli kreatywni, cho\u0107 zaj\u0119ci codzienno\u015bci\u0105 i jej trudami.<\/p>\n<p>Podkre\u015blali, \u017ce ludzie wspierali si\u0119 nie tylko w trakcie, ale i po wojnie, byli sobie \u017cyczliwi, zawsze mieli czas dla s\u0105siada. Opisuj\u0105c czas obecny, m\u00f3wili o tym, jak wa\u017cna jest edukacja, \u017ce teraz trudniej o prac\u0119, ale najwi\u0119cej czasu po\u015bwi\u0119cili ludziom i ich relacjom. Wed\u0142ug senior\u00f3w ludzie si\u0119 popsuli\u2026 a to co powinno si\u0119 poprawi\u0107, to szacunek dla drugiego cz\u0142owieka, powinno si\u0119 \u017cy\u0107 prawdziwie m\u0105drze i cieszy\u0107 si\u0119 ka\u017cd\u0105 chwil\u0105, co oddaj\u0105 s\u0142owa: \u201eNam starym tak przykro, bo nie ma uszanowania. Powiem tak, teraz ludziom jest dobrze, niech nie narzekaj\u0105, tylko trzeba uszanowa\u0107 drugiego, oblicza\u0107, co mi potrzebne, a co mi niepotrzebne\u2026 (\u2026) I trzeba pami\u0119ta\u0107 o starych dobrych warto\u015bciach, o rodzinie, ojczy\u017anie\u2026. i b\u0119dzie wtedy dobrze\u201d.<\/p>\n<p>W spotkaniu wzi\u0119li udzia\u0142 uczniowie klasy VI Szko\u0142y Podstawowej nr 1 w \u0141azach z opiekunem Ann\u0105 Iskierk\u0105-Szymusiak oraz uczniowie klasy VIII Szko\u0142y Podstawowej nr 3 w \u0141azach z wychowawczyni\u0105 Anet\u0105 \u0141\u0105giewk\u0105. Zauwa\u017cyli oni powag\u0119 problem\u00f3w ludzi prezentowanych przez grup\u0119 projektow\u0105. M\u00f3wili, \u017ce przedstawieni seniorzy ucz\u0105 \u017cycia swoim przyk\u0142adem, a w\u015br\u00f3d przemy\u015ble\u0144 znalaz\u0142y si\u0119 stwierdzenia, i\u017c nie powinni\u015bmy by\u0107 egoistami, musimy widzie\u0107 drugiego cz\u0142owieka na co dzie\u0144, a nie tylko od \u015bwi\u0119ta i pami\u0119ta\u0107, \u017ce trzeba dba\u0107 o wi\u0119zi, bo nie wiadomo kt\u00f3ra chwila przyniesie nam jak\u0105\u015b strat\u0119.<\/p>\n<p>Dzi\u0119kujemy za wyj\u0105tkow\u0105 lekcj\u0119 historii!<\/p>\n<p>Nades\u0142a\u0142a: Bogus\u0142awa Serzysko, Biblioteka Publiczna Miasta i Gminy w \u0141azach<\/p>\n","protected":false},"excerpt":{"rendered":"<p>\u201eWiwat Niepodleg\u0142o\u015b\u0107!\u201d z uczniami z Grabowej Nowy Rok bibliotecznych spotka\u0144 otworzony zosta\u0142 historycznie i z m\u0142odzie\u017c\u0105. 8 stycznia 2019 r. w Oddziale dla dzieci i m\u0142odzie\u017cy Biblioteki Publicznej Miasta i Gminy w \u0141azach odby\u0142o si\u0119 spotkanie promuj\u0105ce publikacj\u0119 \u201eWiwat Niepodleg\u0142o\u015b\u0107! Historia Niepodleg\u0142ej ukryta w \u017cyciorysach niezwyczajnych bohater\u00f3w codzienno\u015bci Dziewi\u0119\u0107dziesi\u0119ciolatk\u00f3w Plus\u201d.<\/p>\n","protected":false},"author":3,"featured_media":0,"comment_status":"closed","ping_status":"closed","sticky":false,"template":"","format":"standard","meta":{"_acf_changed":false,"_exactmetrics_skip_tracking":false,"_exactmetrics_sitenote_active":false,"_exactmetrics_sitenote_note":"","_exactmetrics_sitenote_category":0,"footnotes":""},"categories":[1698],"tags":[1385,40,244],"class_list":["post-15935","post","type-post","status-publish","format-standard","hentry","category-nr-52-styczen-2019","tag-100-lecie-odzyskania-niepodleglosci","tag-biblioteka-publiczna-miasta-i-gminy-w-lazach","tag-zajecia-dla-mlodziezy"],"acf":[],"jetpack_featured_media_url":"","_links":{"self":[{"href":"https:\/\/slaskipegaz.bs.katowice.pl\/index.php?rest_route=\/wp\/v2\/posts\/15935","targetHints":{"allow":["GET"]}}],"collection":[{"href":"https:\/\/slaskipegaz.bs.katowice.pl\/index.php?rest_route=\/wp\/v2\/posts"}],"about":[{"href":"https:\/\/slaskipegaz.bs.katowice.pl\/index.php?rest_route=\/wp\/v2\/types\/post"}],"author":[{"embeddable":true,"href":"https:\/\/slaskipegaz.bs.katowice.pl\/index.php?rest_route=\/wp\/v2\/users\/3"}],"replies":[{"embeddable":true,"href":"https:\/\/slaskipegaz.bs.katowice.pl\/index.php?rest_route=%2Fwp%2Fv2%2Fcomments&post=15935"}],"version-history":[{"count":1,"href":"https:\/\/slaskipegaz.bs.katowice.pl\/index.php?rest_route=\/wp\/v2\/posts\/15935\/revisions"}],"predecessor-version":[{"id":15944,"href":"https:\/\/slaskipegaz.bs.katowice.pl\/index.php?rest_route=\/wp\/v2\/posts\/15935\/revisions\/15944"}],"wp:attachment":[{"href":"https:\/\/slaskipegaz.bs.katowice.pl\/index.php?rest_route=%2Fwp%2Fv2%2Fmedia&parent=15935"}],"wp:term":[{"taxonomy":"category","embeddable":true,"href":"https:\/\/slaskipegaz.bs.katowice.pl\/index.php?rest_route=%2Fwp%2Fv2%2Fcategories&post=15935"},{"taxonomy":"post_tag","embeddable":true,"href":"https:\/\/slaskipegaz.bs.katowice.pl\/index.php?rest_route=%2Fwp%2Fv2%2Ftags&post=15935"}],"curies":[{"name":"wp","href":"https:\/\/api.w.org\/{rel}","templated":true}]}}