{"id":16100,"date":"2019-02-11T09:01:21","date_gmt":"2019-02-11T08:01:21","guid":{"rendered":"http:\/\/slaskipegaz.bs.katowice.pl\/?p=16100"},"modified":"2019-03-01T08:27:04","modified_gmt":"2019-03-01T07:27:04","slug":"relacja-miejska-i-powiatowa-biblioteka-publiczna-w-raciborzu-405","status":"publish","type":"post","link":"https:\/\/slaskipegaz.bs.katowice.pl\/?p=16100","title":{"rendered":"[Relacja] MIEJSKA I POWIATOWA BIBLIOTEKA PUBLICZNA W RACIBORZU"},"content":{"rendered":"<h6 style=\"text-align: center;\">Mam prawo do\u2026 Ruszy\u0142 nowy cykl spotka\u0144 w raciborskiej bibliotece<\/h6>\n<p><a href=\"https:\/\/slaskipegaz.bs.katowice.pl\/wp-content\/uploads\/2019\/02\/P1140565-Kopiowanie.jpg\"><img loading=\"lazy\" decoding=\"async\" class=\"size-medium wp-image-16101 alignleft\" src=\"https:\/\/slaskipegaz.bs.katowice.pl\/wp-content\/uploads\/2019\/02\/P1140565-Kopiowanie-300x169.jpg\" alt=\"spotkanie\" width=\"300\" height=\"169\" srcset=\"https:\/\/slaskipegaz.bs.katowice.pl\/wp-content\/uploads\/2019\/02\/P1140565-Kopiowanie-300x169.jpg 300w, https:\/\/slaskipegaz.bs.katowice.pl\/wp-content\/uploads\/2019\/02\/P1140565-Kopiowanie-768x432.jpg 768w, https:\/\/slaskipegaz.bs.katowice.pl\/wp-content\/uploads\/2019\/02\/P1140565-Kopiowanie-1024x576.jpg 1024w, https:\/\/slaskipegaz.bs.katowice.pl\/wp-content\/uploads\/2019\/02\/P1140565-Kopiowanie.jpg 1920w\" sizes=\"auto, (max-width: 300px) 100vw, 300px\" \/><\/a>Kiedy dochodzi do przekszta\u0142cenia prawa u\u017cytkowania wieczystego? Jakich grunt\u00f3w dotyczy przekszta\u0142cenie? Jakie kroki nale\u017cy podj\u0105\u0107? I ile to kosztuje? Za nami pierwsze spotkanie z cyklu edukacji prawnej \u201eMam prawo do&#8230;\u201d organizowane przez S\u0105d Rejonowy w Raciborzu oraz Miejsk\u0105 i Powiatow\u0105 Bibliotek\u0119 Publiczn\u0105 w Raciborzu.<!--more--><\/p>\n<p>Budz\u0105cy wiele pyta\u0144 i w\u0105tpliwo\u015bci temat przekszta\u0142cenia u\u017cytkowania wieczystego w prawo w\u0142asno\u015bci zosta\u0142 przedstawiony w bibliotece w niezwykle przyst\u0119pny i ciekawy spos\u00f3b przez El\u017cbiet\u0119 Soko\u0142owsk\u0105- naczelnik Wydzia\u0142u Gospodarki Nieruchomo\u015bciami Urz\u0119du Miasta Racib\u00f3rz oraz Arkadiusza Olejarnika- przewodnicz\u0105cego Wydzia\u0142u V Ksi\u0105g Wieczystych SR w Raciborzu.<\/p>\n<p>&#8211; Wprowadzona 1 stycznia tego roku ustawa z dnia 20 lipca 2018 r. o przekszta\u0142ceniu prawa u\u017cytkowania wieczystego grunt\u00f3w zabudowanych na cele mieszkaniowe w prawo w\u0142asno\u015bci tych grunt\u00f3w jest ustaw\u0105 bardzo \u015bwie\u017c\u0105, ale ju\u017c budz\u0105c\u0105 wiele kontrowersji. Dlatego w\u0142a\u015bnie nasz cykl w bibliotece postanowili\u015bmy rozpocz\u0105\u0107 w\u0142a\u015bnie od tego tematu &#8211;\u00a0 m\u00f3wi Marzena Korzonek, prezes S\u0105du Rejonowego w Raciborzu, kt\u00f3ra otworzy\u0142a czwartkowe spotkanie.<\/p>\n<p>Prowadz\u0105cy odpowiadali na liczne pytania publiczno\u015bci, wskazali gdzie mo\u017cna uzyska\u0107 niezb\u0119dn\u0105 pomoc oraz rozwiali wszelkie niepokoje towarzysz\u0105ce temu tematowi. Go\u015bcie biblioteki przypomnieli m.in. czym r\u00f3\u017cni si\u0119 u\u017cytkowanie wieczyste od prawa w\u0142asno\u015bci, jakie korzy\u015bci p\u0142yn\u0105 z przekszta\u0142cenia oraz jak wygl\u0105da sama procedura. Wszystko w formie praktycznego przewodnika, bez zb\u0119dnych paragraf\u00f3w.<\/p>\n<p>Przypomnijmy, cykl edukacji prawnej \u201eMam prawo do\u2026\u201d jest kolejnym dzia\u0142aniem raciborskiej biblioteki i S\u0105du Rejonowego. Zak\u0142ada on m.in. organizacj\u0119 wyk\u0142ad\u00f3w i wydarze\u0144 maj\u0105cych na celu w przyst\u0119pny spos\u00f3b przybli\u017cy\u0107 mieszka\u0144com zagadnienia i regulacje prawne o praktycznym znaczeniu w codziennym \u017cyciu. Kolejne wydarzenia zaplanowane zosta\u0142y na 15 marca &#8211; Dzie\u0144 Edukacji Prawnej oraz 23 maja &#8211; Dzie\u0144 Wymiaru Sprawiedliwo\u015bci.<\/p>\n<p>Nades\u0142a\u0142a: Miejska i Powiatowa Biblioteka Publiczna w Raciborzu<\/p>\n","protected":false},"excerpt":{"rendered":"<p>Mam prawo do\u2026 Ruszy\u0142 nowy cykl spotka\u0144 w raciborskiej bibliotece Kiedy dochodzi do przekszta\u0142cenia prawa u\u017cytkowania wieczystego? Jakich grunt\u00f3w dotyczy przekszta\u0142cenie? Jakie kroki nale\u017cy podj\u0105\u0107? I ile to kosztuje? Za nami pierwsze spotkanie z cyklu edukacji prawnej \u201eMam prawo do&#8230;\u201d organizowane przez S\u0105d Rejonowy w Raciborzu oraz Miejsk\u0105 i Powiatow\u0105 Bibliotek\u0119 Publiczn\u0105 w Raciborzu.<\/p>\n","protected":false},"author":3,"featured_media":0,"comment_status":"closed","ping_status":"closed","sticky":false,"template":"","format":"standard","meta":{"_acf_changed":false,"_exactmetrics_skip_tracking":false,"_exactmetrics_sitenote_active":false,"_exactmetrics_sitenote_note":"","_exactmetrics_sitenote_category":0,"footnotes":""},"categories":[1722],"tags":[1730,48,1640],"class_list":["post-16100","post","type-post","status-publish","format-standard","hentry","category-nr-53-luty-2019","tag-mam-prawo-do","tag-miejska-i-powiatowa-biblioteka-publiczna-w-raciborzu","tag-sad-rejonowy-w-raciborzu"],"acf":[],"jetpack_featured_media_url":"","_links":{"self":[{"href":"https:\/\/slaskipegaz.bs.katowice.pl\/index.php?rest_route=\/wp\/v2\/posts\/16100","targetHints":{"allow":["GET"]}}],"collection":[{"href":"https:\/\/slaskipegaz.bs.katowice.pl\/index.php?rest_route=\/wp\/v2\/posts"}],"about":[{"href":"https:\/\/slaskipegaz.bs.katowice.pl\/index.php?rest_route=\/wp\/v2\/types\/post"}],"author":[{"embeddable":true,"href":"https:\/\/slaskipegaz.bs.katowice.pl\/index.php?rest_route=\/wp\/v2\/users\/3"}],"replies":[{"embeddable":true,"href":"https:\/\/slaskipegaz.bs.katowice.pl\/index.php?rest_route=%2Fwp%2Fv2%2Fcomments&post=16100"}],"version-history":[{"count":1,"href":"https:\/\/slaskipegaz.bs.katowice.pl\/index.php?rest_route=\/wp\/v2\/posts\/16100\/revisions"}],"predecessor-version":[{"id":16102,"href":"https:\/\/slaskipegaz.bs.katowice.pl\/index.php?rest_route=\/wp\/v2\/posts\/16100\/revisions\/16102"}],"wp:attachment":[{"href":"https:\/\/slaskipegaz.bs.katowice.pl\/index.php?rest_route=%2Fwp%2Fv2%2Fmedia&parent=16100"}],"wp:term":[{"taxonomy":"category","embeddable":true,"href":"https:\/\/slaskipegaz.bs.katowice.pl\/index.php?rest_route=%2Fwp%2Fv2%2Fcategories&post=16100"},{"taxonomy":"post_tag","embeddable":true,"href":"https:\/\/slaskipegaz.bs.katowice.pl\/index.php?rest_route=%2Fwp%2Fv2%2Ftags&post=16100"}],"curies":[{"name":"wp","href":"https:\/\/api.w.org\/{rel}","templated":true}]}}