{"id":16222,"date":"2019-03-06T12:21:03","date_gmt":"2019-03-06T11:21:03","guid":{"rendered":"http:\/\/slaskipegaz.bs.katowice.pl\/?p=16222"},"modified":"2019-03-06T12:21:03","modified_gmt":"2019-03-06T11:21:03","slug":"relacja-miejsko-gminna-biblioteka-publiczna-w-siewierzu-filia-w-brudzowicach-8","status":"publish","type":"post","link":"https:\/\/slaskipegaz.bs.katowice.pl\/?p=16222","title":{"rendered":"[Relacja] MIEJSKO-GMINNA BIBLIOTEKA PUBLICZNA W SIEWIERZU. FILIA W BRUDZOWICACH"},"content":{"rendered":"<h6 style=\"text-align: center;\"><strong>ZAJ<\/strong>\u0118CIA EDUKACYJNE \u201eMY SI\u0118 ZIMY NIE BOIMY \u2026\u201d W FILII BIBLIOTECZNEJ W BRUDZOWICACH<\/h6>\n<p><a href=\"https:\/\/slaskipegaz.bs.katowice.pl\/wp-content\/uploads\/2019\/03\/IMG_1288.jpg\"><img loading=\"lazy\" decoding=\"async\" class=\"size-medium wp-image-16223 alignleft\" src=\"https:\/\/slaskipegaz.bs.katowice.pl\/wp-content\/uploads\/2019\/03\/IMG_1288-300x225.jpg\" alt=\"ferie\" width=\"300\" height=\"225\" srcset=\"https:\/\/slaskipegaz.bs.katowice.pl\/wp-content\/uploads\/2019\/03\/IMG_1288-300x225.jpg 300w, https:\/\/slaskipegaz.bs.katowice.pl\/wp-content\/uploads\/2019\/03\/IMG_1288-768x576.jpg 768w, https:\/\/slaskipegaz.bs.katowice.pl\/wp-content\/uploads\/2019\/03\/IMG_1288-1024x768.jpg 1024w\" sizes=\"auto, (max-width: 300px) 100vw, 300px\" \/><\/a>W czasie ferii zimowych 2019 w filii bibliotecznej nr 1 w Brudzowicach odbywa\u0142y si\u0119 zaj\u0119cia edukacyjne pod nazw\u0105 \u201eMy si\u0119 zimy nie boimy\u2026\u201d. W pi\u0119ciu spotkaniach wzi\u0119\u0142o udzia\u0142 45 uczestnik\u00f3w, kt\u00f3rzy z ogromnym zaanga\u017cowaniem wykonywali wszystkie przygotowane dla nich zadania plastyczne i literackie.<!--more--><\/p>\n<p>Tematem przewodnim tegorocznych zaj\u0119\u0107 by\u0142a oczywi\u015bcie zima.\u00a0 Spotkania rozpocz\u0119li\u015bmy od stworzenia ba\u0142wank\u00f3w z papieru kolorowego oraz podobizny Kr\u00f3lowej \u015aniegu w pi\u0119knej gwiazdkowej sukni z trenem. Uczestnicy wykonali r\u00f3wnie\u017c pa\u0142ac kr\u00f3lowej wykorzystuj\u0105c do tego celu surowce wt\u00f3rne. Nawi\u0105zuj\u0105c do \u015awi\u0119ta Zakochanych powsta\u0142y serca walentynkowe\u00a0 a \u015bwi\u0119to kota uczcili\u015bmy wykonuj\u0105c te sympatyczne zwierz\u0119ta z p\u0142yt CD.<\/p>\n<p>Obchodzony w lutym dzie\u0144 nied\u017awiedzia polarnego stanowi\u0142 doskona\u0142\u0105 okazj\u0119 do wykonania portretu misia z czarno \u2013 bia\u0142ych gazet. Powsta\u0142y r\u00f3wnie\u017c rodziny misi\u00f3w na lodowcu oraz akcesoria niezb\u0119dne do wyprawy na biegun p\u00f3\u0142nocny. Jeden z uczestnik\u00f3w wykona\u0142 z plasteliny rodzin\u0119 zwierz\u0105t lodowego kr\u00f3lestwa.<\/p>\n<p>Nie zabrak\u0142o r\u00f3wnie\u017c gier i zabaw edukacyjnych. Najwi\u0119kszym zainteresowaniem cieszy\u0142y si\u0119 kalambury, \u201eGor\u0105cy ziemniak\u201d, \u201e5 sekund\u201d. Mia\u0142o miejsce r\u00f3wnie\u017c karaoke, podczas kt\u00f3rego uczestnicy wykazali si\u0119 zdolno\u015bciami wokalnymi, wykonuj\u0105c utwory z r\u00f3\u017cnych gatunk\u00f3w muzycznych.<\/p>\n<p>Na zako\u0144czenie zaj\u0119\u0107 wszyscy uczestnicy otrzymali pami\u0105tkowe dyplomy \u00a0oraz s\u0142odycze. Wszystkie prace z zimowych spotka\u0144 mo\u017cna ogl\u0105da\u0107 w siedzibie filii do czego serdecznie zapraszamy.<\/p>\n<p>&nbsp;<\/p>\n<p>Nades\u0142a\u0142a: Paulina Peterek, Miejsko-Gminna Biblioteka Publiczna w Siewierzu, Filia biblioteczna w Brudzowicach<\/p>\n<p>&nbsp;<\/p>\n","protected":false},"excerpt":{"rendered":"<p>ZAJ\u0118CIA EDUKACYJNE \u201eMY SI\u0118 ZIMY NIE BOIMY \u2026\u201d W FILII BIBLIOTECZNEJ W BRUDZOWICACH W czasie ferii zimowych 2019 w filii bibliotecznej nr 1 w Brudzowicach odbywa\u0142y si\u0119 zaj\u0119cia edukacyjne pod nazw\u0105 \u201eMy si\u0119 zimy nie boimy\u2026\u201d. W pi\u0119ciu spotkaniach wzi\u0119\u0142o udzia\u0142 45 uczestnik\u00f3w, kt\u00f3rzy z ogromnym zaanga\u017cowaniem wykonywali wszystkie przygotowane dla nich zadania plastyczne i &hellip; <a href=\"https:\/\/slaskipegaz.bs.katowice.pl\/?p=16222\" class=\"more-link\">Czytaj dalej <span class=\"screen-reader-text\">[Relacja] MIEJSKO-GMINNA BIBLIOTEKA PUBLICZNA W SIEWIERZU. FILIA W BRUDZOWICACH<\/span> <span class=\"meta-nav\">&rarr;<\/span><\/a><\/p>\n","protected":false},"author":3,"featured_media":0,"comment_status":"closed","ping_status":"closed","sticky":false,"template":"","format":"standard","meta":{"_acf_changed":false,"_exactmetrics_skip_tracking":false,"_exactmetrics_sitenote_active":false,"_exactmetrics_sitenote_note":"","_exactmetrics_sitenote_category":0,"footnotes":""},"categories":[1722],"tags":[184,70,67],"class_list":["post-16222","post","type-post","status-publish","format-standard","hentry","category-nr-53-luty-2019","tag-ferie-z-biblioteka","tag-filia-biblioteczna-w-brudzowicach","tag-miejsko-gminna-biblioteka-publiczna-w-siewierzu"],"acf":[],"jetpack_featured_media_url":"","_links":{"self":[{"href":"https:\/\/slaskipegaz.bs.katowice.pl\/index.php?rest_route=\/wp\/v2\/posts\/16222","targetHints":{"allow":["GET"]}}],"collection":[{"href":"https:\/\/slaskipegaz.bs.katowice.pl\/index.php?rest_route=\/wp\/v2\/posts"}],"about":[{"href":"https:\/\/slaskipegaz.bs.katowice.pl\/index.php?rest_route=\/wp\/v2\/types\/post"}],"author":[{"embeddable":true,"href":"https:\/\/slaskipegaz.bs.katowice.pl\/index.php?rest_route=\/wp\/v2\/users\/3"}],"replies":[{"embeddable":true,"href":"https:\/\/slaskipegaz.bs.katowice.pl\/index.php?rest_route=%2Fwp%2Fv2%2Fcomments&post=16222"}],"version-history":[{"count":1,"href":"https:\/\/slaskipegaz.bs.katowice.pl\/index.php?rest_route=\/wp\/v2\/posts\/16222\/revisions"}],"predecessor-version":[{"id":16224,"href":"https:\/\/slaskipegaz.bs.katowice.pl\/index.php?rest_route=\/wp\/v2\/posts\/16222\/revisions\/16224"}],"wp:attachment":[{"href":"https:\/\/slaskipegaz.bs.katowice.pl\/index.php?rest_route=%2Fwp%2Fv2%2Fmedia&parent=16222"}],"wp:term":[{"taxonomy":"category","embeddable":true,"href":"https:\/\/slaskipegaz.bs.katowice.pl\/index.php?rest_route=%2Fwp%2Fv2%2Fcategories&post=16222"},{"taxonomy":"post_tag","embeddable":true,"href":"https:\/\/slaskipegaz.bs.katowice.pl\/index.php?rest_route=%2Fwp%2Fv2%2Ftags&post=16222"}],"curies":[{"name":"wp","href":"https:\/\/api.w.org\/{rel}","templated":true}]}}