{"id":16403,"date":"2019-03-22T10:33:35","date_gmt":"2019-03-22T09:33:35","guid":{"rendered":"http:\/\/slaskipegaz.bs.katowice.pl\/?p=16403"},"modified":"2019-04-05T14:54:03","modified_gmt":"2019-04-05T12:54:03","slug":"relacja-miejska-i-powiatowa-biblioteka-publiczna-w-raciborzu-74","status":"publish","type":"post","link":"https:\/\/slaskipegaz.bs.katowice.pl\/?p=16403","title":{"rendered":"[Relacja] MIEJSKA I POWIATOWA BIBLIOTEKA PUBLICZNA W RACIBORZU"},"content":{"rendered":"<h6 style=\"text-align: center;\">\u017bo\u0142nierze wykl\u0119ci: fakty i mity &#8211; spotkanie z Leszkiem \u017bebrowskim w bibliotece<\/h6>\n<p><a href=\"https:\/\/slaskipegaz.bs.katowice.pl\/wp-content\/uploads\/2019\/03\/P1150507-Kopiowanie.jpg\"><img loading=\"lazy\" decoding=\"async\" class=\"size-medium wp-image-16404 alignleft\" src=\"https:\/\/slaskipegaz.bs.katowice.pl\/wp-content\/uploads\/2019\/03\/P1150507-Kopiowanie-300x169.jpg\" alt=\"SPOTKANIE\" width=\"300\" height=\"169\" srcset=\"https:\/\/slaskipegaz.bs.katowice.pl\/wp-content\/uploads\/2019\/03\/P1150507-Kopiowanie-300x169.jpg 300w, https:\/\/slaskipegaz.bs.katowice.pl\/wp-content\/uploads\/2019\/03\/P1150507-Kopiowanie-768x432.jpg 768w, https:\/\/slaskipegaz.bs.katowice.pl\/wp-content\/uploads\/2019\/03\/P1150507-Kopiowanie-1024x575.jpg 1024w, https:\/\/slaskipegaz.bs.katowice.pl\/wp-content\/uploads\/2019\/03\/P1150507-Kopiowanie.jpg 1920w\" sizes=\"auto, (max-width: 300px) 100vw, 300px\" \/><\/a>Bez retuszu i politycznej poprawno\u015bci! Znany i ceniony historyk Leszek \u017bebrowski spotka\u0142 si\u0119 ze swoimi czytelnikami w raciborskiej bibliotece w ramach obchod\u00f3w Narodowego Dnia Pami\u0119ci \u201e\u017bo\u0142nierzy Wykl\u0119tych\u201d.<!--more--><\/p>\n<p>Kto tworzy\u0142 bandy pozorowane? Jakie by\u0142y kulisy akcji \u201eBurza\u201d? Jak tuszowano zbrodnie pope\u0142niane przez komunist\u00f3w i ich sojusznik\u00f3w? Odpowiedzi na te i wiele innych pyta\u0144 udzieli\u0142 raciborzanom Leszek \u017bebrowski &#8211; znany historyk, kt\u00f3ry zajmuje si\u0119 tematem \u017bo\u0142nierzy Wykl\u0119tych od ponad 20 lat, autor ksi\u0105\u017cek \u201eWalka o prawd\u0119. Historia i polityka\u201d, \u201eWarszawa &#8217;44. Krew i chwa\u0142a\u201d czy \u201eCzerwona trucizna\u201d.<\/p>\n<p><a href=\"https:\/\/slaskipegaz.bs.katowice.pl\/wp-content\/uploads\/2019\/03\/P1150523-Kopiowanie.jpg\"><img loading=\"lazy\" decoding=\"async\" class=\"aligncenter size-medium wp-image-16405\" src=\"https:\/\/slaskipegaz.bs.katowice.pl\/wp-content\/uploads\/2019\/03\/P1150523-Kopiowanie-300x169.jpg\" alt=\"spotkanie\" width=\"300\" height=\"169\" srcset=\"https:\/\/slaskipegaz.bs.katowice.pl\/wp-content\/uploads\/2019\/03\/P1150523-Kopiowanie-300x169.jpg 300w, https:\/\/slaskipegaz.bs.katowice.pl\/wp-content\/uploads\/2019\/03\/P1150523-Kopiowanie-768x432.jpg 768w, https:\/\/slaskipegaz.bs.katowice.pl\/wp-content\/uploads\/2019\/03\/P1150523-Kopiowanie-1024x575.jpg 1024w, https:\/\/slaskipegaz.bs.katowice.pl\/wp-content\/uploads\/2019\/03\/P1150523-Kopiowanie.jpg 1920w\" sizes=\"auto, (max-width: 300px) 100vw, 300px\" \/><\/a>1 marca 1951 r. w wi\u0119zieniu na warszawskim Mokotowie, w\u0142adze komunistyczne rozstrzela\u0142y siedmiu cz\u0142onk\u00f3w niepodleg\u0142o\u015bciowego IV Zarz\u0105du G\u0142\u00f3wnego Zrzeszenia &#8222;Wolno\u015b\u0107 i Niezawis\u0142o\u015b\u0107&#8221;. Od 2011 r. rocznica tej zbrodni obchodzona jest jako Narodowy Dzie\u0144 Pami\u0119ci &#8222;\u017bo\u0142nierzy Wykl\u0119tych&#8221;, czyli polskiego podziemia niepodleg\u0142o\u015bciowego, kt\u00f3re po II wojnie \u015bwiatowej zbrojnie wyst\u0105pi\u0142o przeciwko sowietyzacji Polski. \u017bebrowski podkre\u015bli\u0142 na pocz\u0105tku, \u017ce \u015bwi\u0119to to obchodzimy zaledwie po raz dziewi\u0105ty. \u2013 W Polsce toczy si\u0119 wojna. Z \u201ewykl\u0119tych\u201d robi si\u0119 bandyt\u00f3w a w mediach panuje jadowita propaganda \u2013 m\u00f3wi\u0142 na spotkaniu w Raciborzu historyk i opieraj\u0105c si\u0119 na dokumentach oraz ma\u0142o znanych \u017ar\u00f3d\u0142ach, pokaza\u0142 jak w \u015bwiecie i w Polsce zak\u0142amuje si\u0119 histori\u0119.<\/p>\n<p>Go\u015b\u0107 biblioteki przeczyta\u0142 tak\u017ce fragment typowego dla tamtego okresu listu z jednostki wojskowej do \u017cony \u017co\u0142nierza, kt\u00f3rej zamordowano m\u0119\u017ca, bo przeciwstawi\u0142 si\u0119 ludowej w\u0142adzy: \u201e\u2026ka\u017cdy, kto czuje w sobie polsk\u0105 krew, przeklina go \u2013 niech wi\u0119c wyrzeknie si\u0119 go w\u0142asna jego \u017cona i dziecko\u201d. \u2013 Ci, kt\u00f3rzy do dzi\u015b nie wiedz\u0105, sk\u0105d dok\u0142adnie wzi\u0119\u0142o si\u0119 okre\u015blenie &#8222;\u017bo\u0142nierze Wykl\u0119ci&#8221; powinni przeczyta\u0107 \u00f3w list a Ci, kt\u00f3rzy \u201eczuj\u0105 w sobie polsk\u0105 krew\u201d powinni przesta\u0107 ich przeklina\u0107 \u2013 zaapelowa\u0142 Leszek \u017bebrowski, prosz\u0105c na koniec licznie zgromadzon\u0105 publiczno\u015b\u0107 o wzbudzenie w sobie tzw. pami\u0119ci macierzystej.<\/p>\n<p>Ksi\u0105\u017cki Leszka \u017bebrowskiego mo\u017cna wypo\u017cyczy\u0107 w raciborskiej bibliotece. Serdecznie zapraszamy!<\/p>\n<p>Nades\u0142a\u0142a: Miejska i Powiatowa Biblioteka Publiczna w Raciborzu<\/p>\n","protected":false},"excerpt":{"rendered":"<p>\u017bo\u0142nierze wykl\u0119ci: fakty i mity &#8211; spotkanie z Leszkiem \u017bebrowskim w bibliotece Bez retuszu i politycznej poprawno\u015bci! Znany i ceniony historyk Leszek \u017bebrowski spotka\u0142 si\u0119 ze swoimi czytelnikami w raciborskiej bibliotece w ramach obchod\u00f3w Narodowego Dnia Pami\u0119ci \u201e\u017bo\u0142nierzy Wykl\u0119tych\u201d.<\/p>\n","protected":false},"author":3,"featured_media":0,"comment_status":"closed","ping_status":"closed","sticky":false,"template":"","format":"standard","meta":{"_acf_changed":false,"_exactmetrics_skip_tracking":false,"_exactmetrics_sitenote_active":false,"_exactmetrics_sitenote_note":"","_exactmetrics_sitenote_category":0,"footnotes":""},"categories":[1747],"tags":[1757,48,1745],"class_list":["post-16403","post","type-post","status-publish","format-standard","hentry","category-nr-54-marzec-2019","tag-leszek-zebrowski","tag-miejska-i-powiatowa-biblioteka-publiczna-w-raciborzu","tag-zolnierze-wykleci"],"acf":[],"jetpack_featured_media_url":"","_links":{"self":[{"href":"https:\/\/slaskipegaz.bs.katowice.pl\/index.php?rest_route=\/wp\/v2\/posts\/16403","targetHints":{"allow":["GET"]}}],"collection":[{"href":"https:\/\/slaskipegaz.bs.katowice.pl\/index.php?rest_route=\/wp\/v2\/posts"}],"about":[{"href":"https:\/\/slaskipegaz.bs.katowice.pl\/index.php?rest_route=\/wp\/v2\/types\/post"}],"author":[{"embeddable":true,"href":"https:\/\/slaskipegaz.bs.katowice.pl\/index.php?rest_route=\/wp\/v2\/users\/3"}],"replies":[{"embeddable":true,"href":"https:\/\/slaskipegaz.bs.katowice.pl\/index.php?rest_route=%2Fwp%2Fv2%2Fcomments&post=16403"}],"version-history":[{"count":1,"href":"https:\/\/slaskipegaz.bs.katowice.pl\/index.php?rest_route=\/wp\/v2\/posts\/16403\/revisions"}],"predecessor-version":[{"id":16406,"href":"https:\/\/slaskipegaz.bs.katowice.pl\/index.php?rest_route=\/wp\/v2\/posts\/16403\/revisions\/16406"}],"wp:attachment":[{"href":"https:\/\/slaskipegaz.bs.katowice.pl\/index.php?rest_route=%2Fwp%2Fv2%2Fmedia&parent=16403"}],"wp:term":[{"taxonomy":"category","embeddable":true,"href":"https:\/\/slaskipegaz.bs.katowice.pl\/index.php?rest_route=%2Fwp%2Fv2%2Fcategories&post=16403"},{"taxonomy":"post_tag","embeddable":true,"href":"https:\/\/slaskipegaz.bs.katowice.pl\/index.php?rest_route=%2Fwp%2Fv2%2Ftags&post=16403"}],"curies":[{"name":"wp","href":"https:\/\/api.w.org\/{rel}","templated":true}]}}