{"id":16713,"date":"2019-05-07T13:53:21","date_gmt":"2019-05-07T11:53:21","guid":{"rendered":"http:\/\/slaskipegaz.bs.katowice.pl\/?p=16713"},"modified":"2019-05-07T13:53:21","modified_gmt":"2019-05-07T11:53:21","slug":"relacja-miejsko-gminna-biblioteka-publiczna-w-siewierzu-filia-w-wojkowicach-koscielnych-26","status":"publish","type":"post","link":"https:\/\/slaskipegaz.bs.katowice.pl\/?p=16713","title":{"rendered":"[Relacja] MIEJSKO-GMINNA BIBLIOTEKA PUBLICZNA W SIEWIERZU. FILIA W WOJKOWICACH KO\u015aCIELNYCH"},"content":{"rendered":"<h6 style=\"text-align: center;\">Dzie\u0144 Ksi\u0105\u017cki dla Dzieci w Filii Bibliotecznej w Wojkowicach Ko\u015bcielnych<\/h6>\n<p><a href=\"https:\/\/slaskipegaz.bs.katowice.pl\/wp-content\/uploads\/2019\/05\/DSCN5268.jpg\"><img loading=\"lazy\" decoding=\"async\" class=\"size-medium wp-image-16714 alignleft\" src=\"https:\/\/slaskipegaz.bs.katowice.pl\/wp-content\/uploads\/2019\/05\/DSCN5268-300x225.jpg\" alt=\"tablica\" width=\"300\" height=\"225\" srcset=\"https:\/\/slaskipegaz.bs.katowice.pl\/wp-content\/uploads\/2019\/05\/DSCN5268-300x225.jpg 300w, https:\/\/slaskipegaz.bs.katowice.pl\/wp-content\/uploads\/2019\/05\/DSCN5268-768x576.jpg 768w, https:\/\/slaskipegaz.bs.katowice.pl\/wp-content\/uploads\/2019\/05\/DSCN5268-1024x768.jpg 1024w\" sizes=\"auto, (max-width: 300px) 100vw, 300px\" \/><\/a>Mi\u0119dzynarodowy Dzie\u0144 Ksi\u0105\u017cki dla Dzieci obchodzony jest od 1967 roku w rocznic\u0119 urodzin Hansa Christiana Andersena. Jak co roku dzie\u0144 ten \u015bwi\u0119towany by\u0142 r\u00f3wnie\u017c w naszej filii bibliotecznej podczas warsztat\u00f3w zorganizowanych w ramach cotygodniowych zaj\u0119\u0107 plastyczno-literackich. <!--more-->Zaj\u0119cia rozpocz\u0119\u0142y si\u0119 od g\u0142o\u015bnego czytania ksi\u0105\u017cki Zofii Staneckiej \u201eBasia i biblioteka\u201d oraz ksi\u0105\u017ceczki \u201eKicia Kocia w bibliotece\u201d. Po wys\u0142uchaniu opowiada\u0144 dzieci rysowa\u0142y swoich ulubionych bohater\u00f3w literackich. Nast\u0119pnie na przygotowanych wcze\u015bniej \u201estronicach\u201d wykona\u0142y ilustracj\u0119 do swojej ulubionej ksi\u0105\u017ceczki.<\/p>\n<p><a href=\"https:\/\/slaskipegaz.bs.katowice.pl\/wp-content\/uploads\/2019\/05\/DSCN5257.jpg\"><img loading=\"lazy\" decoding=\"async\" class=\"aligncenter size-medium wp-image-16715\" src=\"https:\/\/slaskipegaz.bs.katowice.pl\/wp-content\/uploads\/2019\/05\/DSCN5257-300x225.jpg\" alt=\"warsztaty\" width=\"300\" height=\"225\" srcset=\"https:\/\/slaskipegaz.bs.katowice.pl\/wp-content\/uploads\/2019\/05\/DSCN5257-300x225.jpg 300w, https:\/\/slaskipegaz.bs.katowice.pl\/wp-content\/uploads\/2019\/05\/DSCN5257-768x576.jpg 768w, https:\/\/slaskipegaz.bs.katowice.pl\/wp-content\/uploads\/2019\/05\/DSCN5257-1024x768.jpg 1024w\" sizes=\"auto, (max-width: 300px) 100vw, 300px\" \/><\/a>M\u00f3wili\u015bmy te\u017c o zaletach ksi\u0105\u017cek oraz o po\u017cytku jaki p\u0142ynie z ich czytania. Przy tej okazji dzieci zapozna\u0142y si\u0119 z nowo\u015bciami literatury dla najm\u0142odszych dost\u0119pnych w naszej bibliotece. Celem tych zaj\u0119\u0107 by\u0142o rozpowszechnienie czytelnictwa w\u015br\u00f3d najm\u0142odszych i zach\u0119cenie ich do si\u0119gania po ksi\u0105\u017cki.<\/p>\n<p>Nades\u0142a\u0142a: Marzena Wac\u0142awek, Filia Biblioteczna Wojkowice Ko\u015bcielne<\/p>\n","protected":false},"excerpt":{"rendered":"<p>Dzie\u0144 Ksi\u0105\u017cki dla Dzieci w Filii Bibliotecznej w Wojkowicach Ko\u015bcielnych Mi\u0119dzynarodowy Dzie\u0144 Ksi\u0105\u017cki dla Dzieci obchodzony jest od 1967 roku w rocznic\u0119 urodzin Hansa Christiana Andersena. Jak co roku dzie\u0144 ten \u015bwi\u0119towany by\u0142 r\u00f3wnie\u017c w naszej filii bibliotecznej podczas warsztat\u00f3w zorganizowanych w ramach cotygodniowych zaj\u0119\u0107 plastyczno-literackich.<\/p>\n","protected":false},"author":3,"featured_media":0,"comment_status":"closed","ping_status":"closed","sticky":false,"template":"","format":"standard","meta":{"_acf_changed":false,"_exactmetrics_skip_tracking":false,"_exactmetrics_sitenote_active":false,"_exactmetrics_sitenote_note":"","_exactmetrics_sitenote_category":0,"footnotes":""},"categories":[1779],"tags":[68,664,67],"class_list":["post-16713","post","type-post","status-publish","format-standard","hentry","category-nr-55-kwiecien-2019","tag-filia-biblioteczna-w-wojkowicach-koscielnych","tag-miedzynarodowy-dzien-ksiazki-dla-dzieci","tag-miejsko-gminna-biblioteka-publiczna-w-siewierzu"],"acf":[],"jetpack_featured_media_url":"","_links":{"self":[{"href":"https:\/\/slaskipegaz.bs.katowice.pl\/index.php?rest_route=\/wp\/v2\/posts\/16713","targetHints":{"allow":["GET"]}}],"collection":[{"href":"https:\/\/slaskipegaz.bs.katowice.pl\/index.php?rest_route=\/wp\/v2\/posts"}],"about":[{"href":"https:\/\/slaskipegaz.bs.katowice.pl\/index.php?rest_route=\/wp\/v2\/types\/post"}],"author":[{"embeddable":true,"href":"https:\/\/slaskipegaz.bs.katowice.pl\/index.php?rest_route=\/wp\/v2\/users\/3"}],"replies":[{"embeddable":true,"href":"https:\/\/slaskipegaz.bs.katowice.pl\/index.php?rest_route=%2Fwp%2Fv2%2Fcomments&post=16713"}],"version-history":[{"count":1,"href":"https:\/\/slaskipegaz.bs.katowice.pl\/index.php?rest_route=\/wp\/v2\/posts\/16713\/revisions"}],"predecessor-version":[{"id":16717,"href":"https:\/\/slaskipegaz.bs.katowice.pl\/index.php?rest_route=\/wp\/v2\/posts\/16713\/revisions\/16717"}],"wp:attachment":[{"href":"https:\/\/slaskipegaz.bs.katowice.pl\/index.php?rest_route=%2Fwp%2Fv2%2Fmedia&parent=16713"}],"wp:term":[{"taxonomy":"category","embeddable":true,"href":"https:\/\/slaskipegaz.bs.katowice.pl\/index.php?rest_route=%2Fwp%2Fv2%2Fcategories&post=16713"},{"taxonomy":"post_tag","embeddable":true,"href":"https:\/\/slaskipegaz.bs.katowice.pl\/index.php?rest_route=%2Fwp%2Fv2%2Ftags&post=16713"}],"curies":[{"name":"wp","href":"https:\/\/api.w.org\/{rel}","templated":true}]}}