{"id":16724,"date":"2019-05-07T14:54:24","date_gmt":"2019-05-07T12:54:24","guid":{"rendered":"http:\/\/slaskipegaz.bs.katowice.pl\/?p=16724"},"modified":"2019-05-07T14:54:24","modified_gmt":"2019-05-07T12:54:24","slug":"relacja-miejska-i-powiatowa-biblioteka-publiczna-w-bedzinie-19","status":"publish","type":"post","link":"https:\/\/slaskipegaz.bs.katowice.pl\/?p=16724","title":{"rendered":"[Relacja] MIEJSKA I POWIATOWA BIBLIOTEKA PUBLICZNA W B\u0118DZINIE"},"content":{"rendered":"<h6 style=\"text-align: center;\">Historia B\u0119dzina w opowie\u015bciach S\u0142awomira Pietrasa<\/h6>\n<p style=\"text-align: left;\"><a href=\"https:\/\/slaskipegaz.bs.katowice.pl\/wp-content\/uploads\/2019\/05\/1.jpg\"><img loading=\"lazy\" decoding=\"async\" class=\"size-medium wp-image-16725 alignleft\" src=\"https:\/\/slaskipegaz.bs.katowice.pl\/wp-content\/uploads\/2019\/05\/1-300x200.jpg\" alt=\"pietras\" width=\"300\" height=\"200\" srcset=\"https:\/\/slaskipegaz.bs.katowice.pl\/wp-content\/uploads\/2019\/05\/1-300x200.jpg 300w, https:\/\/slaskipegaz.bs.katowice.pl\/wp-content\/uploads\/2019\/05\/1-768x512.jpg 768w, https:\/\/slaskipegaz.bs.katowice.pl\/wp-content\/uploads\/2019\/05\/1.jpg 1024w\" sizes=\"auto, (max-width: 300px) 100vw, 300px\" \/><\/a>Dawny B\u0119dzin, z urokliwymi uliczkami i zabudow\u0105, kt\u00f3re mo\u017cna zobaczy\u0107 ju\u017c tylko na fotografiach oraz zachowan\u0105 w nostalgii m\u0142odzie\u0144czych wspomnie\u0144 atmosfer\u0105 dawnego miasta, s\u0105 dobrze znane S\u0142awomirowi Pietrasowi, menad\u017cerowi kultury i publicy\u015bcie, kt\u00f3ry w sobot\u0119, 27 kwietnia, go\u015bci\u0142 w Miejskiej i Powiatowej Biblioteki Publicznej w B\u0119dzinie.<!--more--><\/p>\n<p style=\"text-align: left;\">Trzecia wizyta Honorowego Obywatela Miasta B\u0119dzina w b\u0119dzi\u0144skiej ksi\u0105\u017cnicy po\u015bwi\u0119cona by\u0142a historii miasta czas\u00f3w dzieci\u0144stwa i m\u0142odo\u015bci S\u0142awomira Pietrasa, kt\u00f3r\u0105 ze znanym urokiem gaw\u0119dziarskiej narracji przybli\u017ca\u0142 m.in. studentom Uniwersytetu Trzeciego Wieku oraz cz\u0142onkom Zwi\u0105zku Emeryt\u00f3w i Rencist\u00f3w. Pochodz\u0105cy z rodziny od wielu pokole\u0144 zakorzenionej w B\u0119dzinie S\u0142awomir Pietras, ch\u0119tnie podzieli\u0142 si\u0119 swoimi wspomnieniami i wiedz\u0105, odkrywaj\u0105c fakty dnia codziennego kr\u00f3lewskiego B\u0119dzina, ukazuj\u0105c jego pi\u0119kno i wyj\u0105tkowo\u015b\u0107.<\/p>\n<p><a href=\"https:\/\/slaskipegaz.bs.katowice.pl\/wp-content\/uploads\/2019\/05\/3.jpg\"><img loading=\"lazy\" decoding=\"async\" class=\"aligncenter size-medium wp-image-16726\" src=\"https:\/\/slaskipegaz.bs.katowice.pl\/wp-content\/uploads\/2019\/05\/3-300x200.jpg\" alt=\"ksia\u017cka\" width=\"300\" height=\"200\" srcset=\"https:\/\/slaskipegaz.bs.katowice.pl\/wp-content\/uploads\/2019\/05\/3-300x200.jpg 300w, https:\/\/slaskipegaz.bs.katowice.pl\/wp-content\/uploads\/2019\/05\/3-768x512.jpg 768w, https:\/\/slaskipegaz.bs.katowice.pl\/wp-content\/uploads\/2019\/05\/3.jpg 1024w\" sizes=\"auto, (max-width: 300px) 100vw, 300px\" \/><\/a><\/p>\n<p style=\"text-align: left;\">Po spotkaniu w bibliotece Honorowy Obywatel Miasta B\u0119dzina uda\u0142 si\u0119 na w\u0119dr\u00f3wk\u0119<br \/>\ndo B\u0119dzi\u0144skich Podziemi. Na kolejne spotkanie z wyj\u0105tkowym go\u015bciem zapraszamy do biblioteki ju\u017c w czerwcu. Szczeg\u00f3\u0142y niebawem.<\/p>\n<p><a href=\"https:\/\/slaskipegaz.bs.katowice.pl\/wp-content\/uploads\/2019\/05\/7.jpg\"><img loading=\"lazy\" decoding=\"async\" class=\"aligncenter size-medium wp-image-16727\" src=\"https:\/\/slaskipegaz.bs.katowice.pl\/wp-content\/uploads\/2019\/05\/7-300x200.jpg\" alt=\"wystawa\" width=\"300\" height=\"200\" srcset=\"https:\/\/slaskipegaz.bs.katowice.pl\/wp-content\/uploads\/2019\/05\/7-300x200.jpg 300w, https:\/\/slaskipegaz.bs.katowice.pl\/wp-content\/uploads\/2019\/05\/7-768x512.jpg 768w, https:\/\/slaskipegaz.bs.katowice.pl\/wp-content\/uploads\/2019\/05\/7.jpg 1024w\" sizes=\"auto, (max-width: 300px) 100vw, 300px\" \/><\/a><\/p>\n<p>Nades\u0142a\u0142a: Miejska i Powiatowa Biblioteka Publiczna w B\u0119dzinie<\/p>\n","protected":false},"excerpt":{"rendered":"<p>Historia B\u0119dzina w opowie\u015bciach S\u0142awomira Pietrasa Dawny B\u0119dzin, z urokliwymi uliczkami i zabudow\u0105, kt\u00f3re mo\u017cna zobaczy\u0107 ju\u017c tylko na fotografiach oraz zachowan\u0105 w nostalgii m\u0142odzie\u0144czych wspomnie\u0144 atmosfer\u0105 dawnego miasta, s\u0105 dobrze znane S\u0142awomirowi Pietrasowi, menad\u017cerowi kultury i publicy\u015bcie, kt\u00f3ry w sobot\u0119, 27 kwietnia, go\u015bci\u0142 w Miejskiej i Powiatowej Biblioteki Publicznej w B\u0119dzinie.<\/p>\n","protected":false},"author":3,"featured_media":0,"comment_status":"closed","ping_status":"closed","sticky":false,"template":"","format":"standard","meta":{"_acf_changed":false,"_exactmetrics_skip_tracking":false,"_exactmetrics_sitenote_active":false,"_exactmetrics_sitenote_note":"","_exactmetrics_sitenote_category":0,"footnotes":""},"categories":[1779],"tags":[72,11,1800],"class_list":["post-16724","post","type-post","status-publish","format-standard","hentry","category-nr-55-kwiecien-2019","tag-miejska-i-powiatowa-biblioteka-publiczna-w-bedzinie","tag-spotkanie-autorskie","tag-slawomir-pietras"],"acf":[],"jetpack_featured_media_url":"","_links":{"self":[{"href":"https:\/\/slaskipegaz.bs.katowice.pl\/index.php?rest_route=\/wp\/v2\/posts\/16724","targetHints":{"allow":["GET"]}}],"collection":[{"href":"https:\/\/slaskipegaz.bs.katowice.pl\/index.php?rest_route=\/wp\/v2\/posts"}],"about":[{"href":"https:\/\/slaskipegaz.bs.katowice.pl\/index.php?rest_route=\/wp\/v2\/types\/post"}],"author":[{"embeddable":true,"href":"https:\/\/slaskipegaz.bs.katowice.pl\/index.php?rest_route=\/wp\/v2\/users\/3"}],"replies":[{"embeddable":true,"href":"https:\/\/slaskipegaz.bs.katowice.pl\/index.php?rest_route=%2Fwp%2Fv2%2Fcomments&post=16724"}],"version-history":[{"count":1,"href":"https:\/\/slaskipegaz.bs.katowice.pl\/index.php?rest_route=\/wp\/v2\/posts\/16724\/revisions"}],"predecessor-version":[{"id":16728,"href":"https:\/\/slaskipegaz.bs.katowice.pl\/index.php?rest_route=\/wp\/v2\/posts\/16724\/revisions\/16728"}],"wp:attachment":[{"href":"https:\/\/slaskipegaz.bs.katowice.pl\/index.php?rest_route=%2Fwp%2Fv2%2Fmedia&parent=16724"}],"wp:term":[{"taxonomy":"category","embeddable":true,"href":"https:\/\/slaskipegaz.bs.katowice.pl\/index.php?rest_route=%2Fwp%2Fv2%2Fcategories&post=16724"},{"taxonomy":"post_tag","embeddable":true,"href":"https:\/\/slaskipegaz.bs.katowice.pl\/index.php?rest_route=%2Fwp%2Fv2%2Ftags&post=16724"}],"curies":[{"name":"wp","href":"https:\/\/api.w.org\/{rel}","templated":true}]}}