{"id":16902,"date":"2019-06-04T07:56:15","date_gmt":"2019-06-04T05:56:15","guid":{"rendered":"http:\/\/slaskipegaz.bs.katowice.pl\/?p=16902"},"modified":"2019-06-10T11:23:07","modified_gmt":"2019-06-10T09:23:07","slug":"relacja-miejska-i-powiatowa-biblioteka-publiczna-w-zawierciu-160","status":"publish","type":"post","link":"https:\/\/slaskipegaz.bs.katowice.pl\/?p=16902","title":{"rendered":"[Relacja] MIEJSKA I POWIATOWA BIBLIOTEKA PUBLICZNA W ZAWIERCIU"},"content":{"rendered":"<h6 style=\"text-align: center;\">Szkolenie bibliotekarzy<\/h6>\n<p><a href=\"https:\/\/slaskipegaz.bs.katowice.pl\/wp-content\/uploads\/2019\/06\/60266326_2604621512884534_8571443177242755072_n.jpg\"><img loading=\"lazy\" decoding=\"async\" class=\"size-medium wp-image-16903 alignleft\" src=\"https:\/\/slaskipegaz.bs.katowice.pl\/wp-content\/uploads\/2019\/06\/60266326_2604621512884534_8571443177242755072_n-300x225.jpg\" alt=\"szkolenie\" width=\"300\" height=\"225\" srcset=\"https:\/\/slaskipegaz.bs.katowice.pl\/wp-content\/uploads\/2019\/06\/60266326_2604621512884534_8571443177242755072_n-300x225.jpg 300w, https:\/\/slaskipegaz.bs.katowice.pl\/wp-content\/uploads\/2019\/06\/60266326_2604621512884534_8571443177242755072_n-768x576.jpg 768w, https:\/\/slaskipegaz.bs.katowice.pl\/wp-content\/uploads\/2019\/06\/60266326_2604621512884534_8571443177242755072_n-1024x768.jpg 1024w\" sizes=\"auto, (max-width: 300px) 100vw, 300px\" \/><\/a>26 kwietnia 2016 roku sala w wie\u017cy Pa\u0142acyku Szyma\u0144skiego Miejskiej i Powiatowej Biblioteki Publicznej w Zawierciu sprzyja\u0142a wymianie my\u015bli edukacyjnej. Dyrektorzy i bibliotekarze Miejskiej i Powiatowej Biblioteki Publicznej w Zawierciu oraz z wszystkich bibliotek z ca\u0142ego powiatu, uczestniczyli w szkoleniu dotycz\u0105cym aplikowania wniosk\u00f3w do program\u00f3w grantowych Ministerstwa Kultury i Dziedzictwa Narodowego. <!--more--><\/p>\n<p>Szkolenie zorganizowane zosta\u0142o przez Miejsk\u0105 i Powiatow\u0105 Bibliotek\u0119 Publiczn\u0105 w Zawierciu, a przeprowadzone przez wyspecjalizowan\u0105 firm\u0119 szkoleniow\u0105. Podzielone na bloki tematyczne obejmowa\u0142o nast\u0119puj\u0105ce tre\u015bci: wyb\u00f3r w\u0142a\u015bciwego, interesuj\u0105cego nas programu dotacyjnego, okre\u015blenie celu projektu, okre\u015blenie grupy odbiorc\u00f3w zadania, cele strategiczne projektu.<\/p>\n<p><a href=\"https:\/\/slaskipegaz.bs.katowice.pl\/wp-content\/uploads\/2019\/06\/60063737_2195255900558255_2334723967039832064_n.jpg\"><img loading=\"lazy\" decoding=\"async\" class=\"aligncenter size-medium wp-image-16904\" src=\"https:\/\/slaskipegaz.bs.katowice.pl\/wp-content\/uploads\/2019\/06\/60063737_2195255900558255_2334723967039832064_n-300x225.jpg\" alt=\"spotkanie\" width=\"300\" height=\"225\" srcset=\"https:\/\/slaskipegaz.bs.katowice.pl\/wp-content\/uploads\/2019\/06\/60063737_2195255900558255_2334723967039832064_n-300x225.jpg 300w, https:\/\/slaskipegaz.bs.katowice.pl\/wp-content\/uploads\/2019\/06\/60063737_2195255900558255_2334723967039832064_n-768x576.jpg 768w, https:\/\/slaskipegaz.bs.katowice.pl\/wp-content\/uploads\/2019\/06\/60063737_2195255900558255_2334723967039832064_n-1024x768.jpg 1024w\" sizes=\"auto, (max-width: 300px) 100vw, 300px\" \/><\/a><\/p>\n<p>S\u0142uchacze dowiedzieli si\u0119 tak\u017ce jak wa\u017cny jest opis syntetyczny zadania, a tak\u017ce operowanie perswazyjnym s\u0142ownictwem. Pi\u0119ciogodzinne szkolenie dostarczy\u0142o s\u0142uchaczom du\u017cej ilo\u015bci wiedzy oraz oswoi\u0142o z zawi\u0142o\u015bciami ka\u017cdego projektu.<\/p>\n<p>Nades\u0142a\u0142a: Miejska i Powiatowa Biblioteka Publiczna w Zawierciu<\/p>\n","protected":false},"excerpt":{"rendered":"<p>Szkolenie bibliotekarzy 26 kwietnia 2016 roku sala w wie\u017cy Pa\u0142acyku Szyma\u0144skiego Miejskiej i Powiatowej Biblioteki Publicznej w Zawierciu sprzyja\u0142a wymianie my\u015bli edukacyjnej. Dyrektorzy i bibliotekarze Miejskiej i Powiatowej Biblioteki Publicznej w Zawierciu oraz z wszystkich bibliotek z ca\u0142ego powiatu, uczestniczyli w szkoleniu dotycz\u0105cym aplikowania wniosk\u00f3w do program\u00f3w grantowych Ministerstwa Kultury i Dziedzictwa Narodowego.<\/p>\n","protected":false},"author":3,"featured_media":0,"comment_status":"closed","ping_status":"closed","sticky":false,"template":"","format":"standard","meta":{"_acf_changed":false,"_exactmetrics_skip_tracking":false,"_exactmetrics_sitenote_active":false,"_exactmetrics_sitenote_note":"","_exactmetrics_sitenote_category":0,"footnotes":""},"categories":[1815],"tags":[110,1687],"class_list":["post-16902","post","type-post","status-publish","format-standard","hentry","category-nr-57-czerwiec-2019","tag-miejska-i-powiatowa-biblioteka-publiczna-w-zawierciu","tag-szkolenia-dla-bibliotekarzy"],"acf":[],"jetpack_featured_media_url":"","_links":{"self":[{"href":"https:\/\/slaskipegaz.bs.katowice.pl\/index.php?rest_route=\/wp\/v2\/posts\/16902","targetHints":{"allow":["GET"]}}],"collection":[{"href":"https:\/\/slaskipegaz.bs.katowice.pl\/index.php?rest_route=\/wp\/v2\/posts"}],"about":[{"href":"https:\/\/slaskipegaz.bs.katowice.pl\/index.php?rest_route=\/wp\/v2\/types\/post"}],"author":[{"embeddable":true,"href":"https:\/\/slaskipegaz.bs.katowice.pl\/index.php?rest_route=\/wp\/v2\/users\/3"}],"replies":[{"embeddable":true,"href":"https:\/\/slaskipegaz.bs.katowice.pl\/index.php?rest_route=%2Fwp%2Fv2%2Fcomments&post=16902"}],"version-history":[{"count":1,"href":"https:\/\/slaskipegaz.bs.katowice.pl\/index.php?rest_route=\/wp\/v2\/posts\/16902\/revisions"}],"predecessor-version":[{"id":16905,"href":"https:\/\/slaskipegaz.bs.katowice.pl\/index.php?rest_route=\/wp\/v2\/posts\/16902\/revisions\/16905"}],"wp:attachment":[{"href":"https:\/\/slaskipegaz.bs.katowice.pl\/index.php?rest_route=%2Fwp%2Fv2%2Fmedia&parent=16902"}],"wp:term":[{"taxonomy":"category","embeddable":true,"href":"https:\/\/slaskipegaz.bs.katowice.pl\/index.php?rest_route=%2Fwp%2Fv2%2Fcategories&post=16902"},{"taxonomy":"post_tag","embeddable":true,"href":"https:\/\/slaskipegaz.bs.katowice.pl\/index.php?rest_route=%2Fwp%2Fv2%2Ftags&post=16902"}],"curies":[{"name":"wp","href":"https:\/\/api.w.org\/{rel}","templated":true}]}}