{"id":16971,"date":"2019-06-04T13:51:27","date_gmt":"2019-06-04T11:51:27","guid":{"rendered":"http:\/\/slaskipegaz.bs.katowice.pl\/?p=16971"},"modified":"2019-06-04T13:51:27","modified_gmt":"2019-06-04T11:51:27","slug":"wystawa-miejska-biblioteka-publiczna-w-sosnowcu","status":"publish","type":"post","link":"https:\/\/slaskipegaz.bs.katowice.pl\/?p=16971","title":{"rendered":"[Wystawa] MIEJSKA BIBLIOTEKA PUBLICZNA W SOSNOWCU"},"content":{"rendered":"<h6 style=\"text-align: center;\"><strong>Literacki Sosnowiec \u2013 wystawa jubileuszowa w Zag\u0142\u0119biowskiej Mediatece<\/strong><\/h6>\n<p><a href=\"https:\/\/slaskipegaz.bs.katowice.pl\/wp-content\/uploads\/2019\/06\/15.SDLb_.jpg\"><img loading=\"lazy\" decoding=\"async\" class=\"size-medium wp-image-16972 alignleft\" src=\"https:\/\/slaskipegaz.bs.katowice.pl\/wp-content\/uploads\/2019\/06\/15.SDLb_-211x300.jpg\" alt=\"PLAKAT\" width=\"211\" height=\"300\" srcset=\"https:\/\/slaskipegaz.bs.katowice.pl\/wp-content\/uploads\/2019\/06\/15.SDLb_-211x300.jpg 211w, https:\/\/slaskipegaz.bs.katowice.pl\/wp-content\/uploads\/2019\/06\/15.SDLb_-768x1093.jpg 768w, https:\/\/slaskipegaz.bs.katowice.pl\/wp-content\/uploads\/2019\/06\/15.SDLb_-720x1024.jpg 720w, https:\/\/slaskipegaz.bs.katowice.pl\/wp-content\/uploads\/2019\/06\/15.SDLb_.jpg 1000w\" sizes=\"auto, (max-width: 211px) 100vw, 211px\" \/><\/a>15. Sosnowieckim Dniom Literatury (start ju\u017c 27 maja!) towarzyszy\u0107 b\u0119dzie wyj\u0105tkowa wystawa fotograficzna \u201eLiteracki Sosnowiec\u201d, na kt\u00f3r\u0105 zaprasza organizator \u2013 Miejska Biblioteka Publiczna w Sosnowcu. W ci\u0105gu 15 lat sosnowiecka Ksi\u0105\u017cnica go\u015bci\u0142a wielu znakomitych tw\u00f3rc\u00f3w \u2013 prozaik\u00f3w, poet\u00f3w, reporta\u017cyst\u00f3w czy felietonist\u00f3w. Wielu z nich otrzyma\u0142o potem najwa\u017cniejsze nagrody literackie w Polsce, takie jak Nagroda Literacka Nike czy Nagroda im. Wis\u0142awy Szymborskiej. To Im po\u015bwi\u0119cone zostan\u0105 ekspozycyjne fotoramy.<!--more--><\/p>\n<p>&nbsp;<\/p>\n<p>Joanna Bator, Wojciech Kuczok, Krzysztof Varga, Ewa Lipska, Jerzy Pilch, Olga Tokarczuk, Wojciech Jagielski, Jacek Hugo-Bader \u2013 to tylko kilku spo\u015br\u00f3d kilkudziesi\u0119ciu tw\u00f3rc\u00f3w, kt\u00f3rzy swoj\u0105 obecno\u015bci\u0105 u\u015bwietnili SDL. Promowali\u015bmy r\u00f3wnie\u017c autor\u00f3w lokalnych, kt\u00f3rzy swoj\u0105 tw\u00f3rczo\u015bci\u0105 wychodz\u0105 daleko poza granice regionu, m.in. Zbigniewa Bia\u0142asa, Mart\u0119 Fox, Wojciecha Brzosk\u0119 czy Mariana Kisiela. W ramach SDL odbywa\u0142y si\u0119 tak\u017ce spotkania z wybitnymi aktorami, m.in. Ma\u0142gorzat\u0105 Zaj\u0105czkowsk\u0105, Wojciechem Wysockim czy Ew\u0105 Da\u0142kowsk\u0105.<\/p>\n<p>Na wystawie ogl\u0105daj\u0105cy b\u0119d\u0105 mieli tak\u017ce okazj\u0119 obejrze\u0107 unikatowe wpisy, jakie nasi go\u015bcie pozostawili w kronikach sosnowieckiej Biblioteki przez te ostatnie 15 lat.<\/p>\n<p>Wystaw\u0119 w Pasa\u017cu Zag\u0142\u0119biowskiej Mediateki (ul. Ko\u015bcielna 11) b\u0119dzie mo\u017cna ogl\u0105da\u0107 od 27 maja 2019 do ko\u0144ca wakacji, w godzinach otwarcia plac\u00f3wki. Zapraszamy!<\/p>\n<p>Projekt dofinansowano ze \u015brodk\u00f3w Ministra Kultury i Dziedzictwa Narodowego pochodz\u0105cych z Funduszu Promocji Kultury.<\/p>\n<p>Program 15. Sosnowieckich Dni Literatury dost\u0119pny m.in. na stronie: <a href=\"http:\/\/www.biblioteka.sosnowiec.pl\">biblioteka.sosnowiec.pl<\/a><\/p>\n","protected":false},"excerpt":{"rendered":"<p>Literacki Sosnowiec \u2013 wystawa jubileuszowa w Zag\u0142\u0119biowskiej Mediatece 15. Sosnowieckim Dniom Literatury (start ju\u017c 27 maja!) towarzyszy\u0107 b\u0119dzie wyj\u0105tkowa wystawa fotograficzna \u201eLiteracki Sosnowiec\u201d, na kt\u00f3r\u0105 zaprasza organizator \u2013 Miejska Biblioteka Publiczna w Sosnowcu. W ci\u0105gu 15 lat sosnowiecka Ksi\u0105\u017cnica go\u015bci\u0142a wielu znakomitych tw\u00f3rc\u00f3w \u2013 prozaik\u00f3w, poet\u00f3w, reporta\u017cyst\u00f3w czy felietonist\u00f3w. Wielu z nich otrzyma\u0142o potem najwa\u017cniejsze &hellip; <a href=\"https:\/\/slaskipegaz.bs.katowice.pl\/?p=16971\" class=\"more-link\">Czytaj dalej <span class=\"screen-reader-text\">[Wystawa] MIEJSKA BIBLIOTEKA PUBLICZNA W SOSNOWCU<\/span> <span class=\"meta-nav\">&rarr;<\/span><\/a><\/p>\n","protected":false},"author":3,"featured_media":0,"comment_status":"closed","ping_status":"closed","sticky":false,"template":"","format":"standard","meta":{"_acf_changed":false,"_exactmetrics_skip_tracking":false,"_exactmetrics_sitenote_active":false,"_exactmetrics_sitenote_note":"","_exactmetrics_sitenote_category":0,"footnotes":""},"categories":[1815],"tags":[1821,146,24],"class_list":["post-16971","post","type-post","status-publish","format-standard","hentry","category-nr-57-czerwiec-2019","tag-15-sosnowieckie-dni-literatury","tag-miejska-biblioteka-publiczna-w-sosnowcu","tag-wystawa"],"acf":[],"jetpack_featured_media_url":"","_links":{"self":[{"href":"https:\/\/slaskipegaz.bs.katowice.pl\/index.php?rest_route=\/wp\/v2\/posts\/16971","targetHints":{"allow":["GET"]}}],"collection":[{"href":"https:\/\/slaskipegaz.bs.katowice.pl\/index.php?rest_route=\/wp\/v2\/posts"}],"about":[{"href":"https:\/\/slaskipegaz.bs.katowice.pl\/index.php?rest_route=\/wp\/v2\/types\/post"}],"author":[{"embeddable":true,"href":"https:\/\/slaskipegaz.bs.katowice.pl\/index.php?rest_route=\/wp\/v2\/users\/3"}],"replies":[{"embeddable":true,"href":"https:\/\/slaskipegaz.bs.katowice.pl\/index.php?rest_route=%2Fwp%2Fv2%2Fcomments&post=16971"}],"version-history":[{"count":1,"href":"https:\/\/slaskipegaz.bs.katowice.pl\/index.php?rest_route=\/wp\/v2\/posts\/16971\/revisions"}],"predecessor-version":[{"id":16973,"href":"https:\/\/slaskipegaz.bs.katowice.pl\/index.php?rest_route=\/wp\/v2\/posts\/16971\/revisions\/16973"}],"wp:attachment":[{"href":"https:\/\/slaskipegaz.bs.katowice.pl\/index.php?rest_route=%2Fwp%2Fv2%2Fmedia&parent=16971"}],"wp:term":[{"taxonomy":"category","embeddable":true,"href":"https:\/\/slaskipegaz.bs.katowice.pl\/index.php?rest_route=%2Fwp%2Fv2%2Fcategories&post=16971"},{"taxonomy":"post_tag","embeddable":true,"href":"https:\/\/slaskipegaz.bs.katowice.pl\/index.php?rest_route=%2Fwp%2Fv2%2Ftags&post=16971"}],"curies":[{"name":"wp","href":"https:\/\/api.w.org\/{rel}","templated":true}]}}