{"id":16994,"date":"2019-06-10T08:17:26","date_gmt":"2019-06-10T06:17:26","guid":{"rendered":"http:\/\/slaskipegaz.bs.katowice.pl\/?p=16994"},"modified":"2019-06-10T08:17:26","modified_gmt":"2019-06-10T06:17:26","slug":"relacja-miejska-i-powiatowa-biblioteka-publiczna-w-zawierciu-163","status":"publish","type":"post","link":"https:\/\/slaskipegaz.bs.katowice.pl\/?p=16994","title":{"rendered":"[Relacja] MIEJSKA I POWIATOWA BIBLIOTEKA PUBLICZNA W ZAWIERCIU"},"content":{"rendered":"<h6 style=\"text-align: center;\">Wolno\u015b\u0107 ukryta w ciszy serca<\/h6>\n<p><a href=\"https:\/\/slaskipegaz.bs.katowice.pl\/wp-content\/uploads\/2019\/06\/60958835_2419723438303677_3747852470387212288_n.jpg\"><img loading=\"lazy\" decoding=\"async\" class=\"size-medium wp-image-16995 alignleft\" src=\"https:\/\/slaskipegaz.bs.katowice.pl\/wp-content\/uploads\/2019\/06\/60958835_2419723438303677_3747852470387212288_n-211x300.jpg\" alt=\"ok\u0142adka\" width=\"211\" height=\"300\" srcset=\"https:\/\/slaskipegaz.bs.katowice.pl\/wp-content\/uploads\/2019\/06\/60958835_2419723438303677_3747852470387212288_n-211x300.jpg 211w, https:\/\/slaskipegaz.bs.katowice.pl\/wp-content\/uploads\/2019\/06\/60958835_2419723438303677_3747852470387212288_n-768x1092.jpg 768w, https:\/\/slaskipegaz.bs.katowice.pl\/wp-content\/uploads\/2019\/06\/60958835_2419723438303677_3747852470387212288_n-720x1024.jpg 720w\" sizes=\"auto, (max-width: 211px) 100vw, 211px\" \/><\/a>Mi\u0142o nam poinformowa\u0107, \u017ce Katarzyna Surman \u2013 bibliotekarka Miejskiej i Powiatowej Biblioteki Publicznej w Zawierciu wyda\u0142a sw\u00f3j debiutancki tomik poezji pt. \u201eWolno\u015b\u0107 ukryta w ciszy serca\u201d. Jest to niecodzienny spos\u00f3b opowiedzenia o sobie, o k\u0142\u0119bi\u0105cych si\u0119 emocjach i targaj\u0105cych dusz\u0119 uczuciach. <!--more-->To chwila zadumy nad nasz\u0105 egzystencj\u0105 i drog\u0105 \u017cyciow\u0105. W bardzo osobistych wierszach autorka snuje rozwa\u017cania nad sensem \u017cycia. Podkre\u015bla, co sugeruje te\u017c tytu\u0142 tomiku, \u017ce prawdziwa wolno\u015b\u0107 ukryta jest w ciszy serca. Dla ka\u017cdego czytelnika b\u0119dzie to bardzo indywidualne spotkanie ze \u015bwiatem literackich prze\u017cy\u0107, z kt\u00f3rego wy\u0142ania si\u0119 cz\u0142owiek z ca\u0142\u0105 gam\u0105 uczu\u0107.<\/p>\n<p>Katarzyna Surman z zawodu jest bibliotekarzem \u2013 filologiem, z zami\u0142owania poetk\u0105. Uko\u0144czy\u0142a II LO im. Heleny Malczewskiej w Zawierciu, studia licencjackie z zakresu j\u0119zyka rosyjskiego na Wydziale Filologii Wschodnios\u0142owia\u0144skiej Uniwersytetu \u015al\u0105skiego w Sosnowcu, studia podyplomowe na kierunku Bibliotekoznawstwo i Informacja Naukowa na Uniwersytecie Pedagogicznym w Krakowie. Jak sama pisze, ksi\u0105\u017cka zawsze by\u0142a obecna w jej \u017cyciu, kszta\u0142towa\u0142a jej osobowo\u015b\u0107, wra\u017cliwo\u015b\u0107 i spojrzenie na \u015bwiat.<\/p>\n<p>Wydanie tomiku to efekt otrzymania stypendium Prezydenta Miasta Zawiercie w dziedzinie kultury dla os\u00f3b zajmuj\u0105cych si\u0119 tw\u00f3rczo\u015bci\u0105 artystyczn\u0105, upowszechnianiem i ochron\u0105 d\u00f3br kultury.<\/p>\n<p>Zapraszamy do plac\u00f3wek bibliotecznych i zach\u0119camy do zapoznania si\u0119 z wierszami Katarzyny Surman.<\/p>\n<p>Nades\u0142a\u0142a: Miejska i Powiatowa Biblioteka Publiczna w Zawierciu<\/p>\n","protected":false},"excerpt":{"rendered":"<p>Wolno\u015b\u0107 ukryta w ciszy serca Mi\u0142o nam poinformowa\u0107, \u017ce Katarzyna Surman \u2013 bibliotekarka Miejskiej i Powiatowej Biblioteki Publicznej w Zawierciu wyda\u0142a sw\u00f3j debiutancki tomik poezji pt. \u201eWolno\u015b\u0107 ukryta w ciszy serca\u201d. Jest to niecodzienny spos\u00f3b opowiedzenia o sobie, o k\u0142\u0119bi\u0105cych si\u0119 emocjach i targaj\u0105cych dusz\u0119 uczuciach.<\/p>\n","protected":false},"author":3,"featured_media":0,"comment_status":"closed","ping_status":"closed","sticky":false,"template":"","format":"standard","meta":{"_acf_changed":false,"_exactmetrics_skip_tracking":false,"_exactmetrics_sitenote_active":false,"_exactmetrics_sitenote_note":"","_exactmetrics_sitenote_category":0,"footnotes":""},"categories":[1815],"tags":[110,30],"class_list":["post-16994","post","type-post","status-publish","format-standard","hentry","category-nr-57-czerwiec-2019","tag-miejska-i-powiatowa-biblioteka-publiczna-w-zawierciu","tag-poezja"],"acf":[],"jetpack_featured_media_url":"","_links":{"self":[{"href":"https:\/\/slaskipegaz.bs.katowice.pl\/index.php?rest_route=\/wp\/v2\/posts\/16994","targetHints":{"allow":["GET"]}}],"collection":[{"href":"https:\/\/slaskipegaz.bs.katowice.pl\/index.php?rest_route=\/wp\/v2\/posts"}],"about":[{"href":"https:\/\/slaskipegaz.bs.katowice.pl\/index.php?rest_route=\/wp\/v2\/types\/post"}],"author":[{"embeddable":true,"href":"https:\/\/slaskipegaz.bs.katowice.pl\/index.php?rest_route=\/wp\/v2\/users\/3"}],"replies":[{"embeddable":true,"href":"https:\/\/slaskipegaz.bs.katowice.pl\/index.php?rest_route=%2Fwp%2Fv2%2Fcomments&post=16994"}],"version-history":[{"count":1,"href":"https:\/\/slaskipegaz.bs.katowice.pl\/index.php?rest_route=\/wp\/v2\/posts\/16994\/revisions"}],"predecessor-version":[{"id":16996,"href":"https:\/\/slaskipegaz.bs.katowice.pl\/index.php?rest_route=\/wp\/v2\/posts\/16994\/revisions\/16996"}],"wp:attachment":[{"href":"https:\/\/slaskipegaz.bs.katowice.pl\/index.php?rest_route=%2Fwp%2Fv2%2Fmedia&parent=16994"}],"wp:term":[{"taxonomy":"category","embeddable":true,"href":"https:\/\/slaskipegaz.bs.katowice.pl\/index.php?rest_route=%2Fwp%2Fv2%2Fcategories&post=16994"},{"taxonomy":"post_tag","embeddable":true,"href":"https:\/\/slaskipegaz.bs.katowice.pl\/index.php?rest_route=%2Fwp%2Fv2%2Ftags&post=16994"}],"curies":[{"name":"wp","href":"https:\/\/api.w.org\/{rel}","templated":true}]}}