{"id":17020,"date":"2019-06-10T08:46:04","date_gmt":"2019-06-10T06:46:04","guid":{"rendered":"http:\/\/slaskipegaz.bs.katowice.pl\/?p=17020"},"modified":"2019-06-10T08:46:04","modified_gmt":"2019-06-10T06:46:04","slug":"relacja-miejska-i-powiatowa-biblioteka-publiczna-w-zawierciu-165","status":"publish","type":"post","link":"https:\/\/slaskipegaz.bs.katowice.pl\/?p=17020","title":{"rendered":"[Relacja] MIEJSKA I POWIATOWA BIBLIOTEKA PUBLICZNA W ZAWIERCIU"},"content":{"rendered":"<h6 style=\"text-align: center;\">Dyskusyjny Klub Ksi\u0105\u017cki W cieniu tamtych dni<\/h6>\n<p><a href=\"https:\/\/slaskipegaz.bs.katowice.pl\/wp-content\/uploads\/2019\/06\/61168757_2404103426543207_6191040128475987968_n.jpg\"><img loading=\"lazy\" decoding=\"async\" class=\"size-medium wp-image-17021 alignleft\" src=\"https:\/\/slaskipegaz.bs.katowice.pl\/wp-content\/uploads\/2019\/06\/61168757_2404103426543207_6191040128475987968_n-300x225.jpg\" alt=\"Dkk\" width=\"300\" height=\"225\" srcset=\"https:\/\/slaskipegaz.bs.katowice.pl\/wp-content\/uploads\/2019\/06\/61168757_2404103426543207_6191040128475987968_n-300x225.jpg 300w, https:\/\/slaskipegaz.bs.katowice.pl\/wp-content\/uploads\/2019\/06\/61168757_2404103426543207_6191040128475987968_n-768x576.jpg 768w, https:\/\/slaskipegaz.bs.katowice.pl\/wp-content\/uploads\/2019\/06\/61168757_2404103426543207_6191040128475987968_n-1024x768.jpg 1024w\" sizes=\"auto, (max-width: 300px) 100vw, 300px\" \/><\/a>Rodzinna tajemnica i powsta\u0144cza mi\u0142o\u015b\u0107, to tematyka ksi\u0105\u017cki Magdaleny Majcher W cieniu tamtych dni. Z tak\u0105 lektur\u0105 przysz\u0142o si\u0119 zmierzy\u0107 Paniom z Dyskusyjnego Klubu Ksi\u0105\u017cki Miejskiej i Powiatowej Biblioteki Publicznej w Zawierciu. <!--more--><\/p>\n<p>Obok tej ksi\u0105\u017cki nie przechodzi si\u0119 oboj\u0119tnie. To lektura, kt\u00f3ra niesie w sobie przes\u0142anie i pewnego rodzaju edukacyjn\u0105 misj\u0119 pami\u0119ci. Te wyj\u0105tkowo bolesne karty z naszej historii wstrz\u0105saj\u0105, bo s\u0105 do b\u00f3lu prawdziwe. Wyzwalaj\u0105 ca\u0142\u0105 gam\u0119 rozmaitych uczu\u0107, emocji. Sk\u0142aniaj\u0105 do zadumy i s\u0105 pr\u00f3b\u0105 zwr\u00f3cenia uwagi na historyczne zawirowania naszego kraju. Przypadkowo znaleziona opaska powsta\u0144cza oraz listy, staj\u0105 si\u0119 motywem do poszukiwa\u0144 i poznania tajemnicy k\u0142ad\u0105cej si\u0119 cieniem na \u017cyciu, na losach ca\u0142ej rodziny. Okazuje si\u0119, \u017ce czasami ma\u0142o wiemy o \u017cyciu najbli\u017cszych nas os\u00f3b. Czasami \u017cyjemy pozorami, bez wzgl\u0119du na pope\u0142nione w przesz\u0142o\u015bci grzeszki.<\/p>\n<p>W przedmowie ksi\u0105\u017cki Magdaleny Majcher przytoczono s\u0142owa autorstwa Jodi Picoult, kt\u00f3re w\u0142a\u015bciwie oddaje ca\u0142\u0105 istot\u0119 przesz\u0142o\u015bci: W historii nie chodzi o daty, miejsca i wojny. Chodzi o ludzi. Jest to ksi\u0105\u017cka ho\u0142d, przestroga przed wojn\u0105. Ca\u0142a ksi\u0105\u017cka Magdaleny Majcher jest ksi\u0105\u017ck\u0105 o ludziach, o ich tajemnicach, trudnej przesz\u0142o\u015bci. Historia zosta\u0142a tutaj pi\u0119knie ubrana w emocje. Pozwoli\u0142a czytelnikom prze\u017cywa\u0107 wahania i niepokoje bohater\u00f3w. Nie mamy wp\u0142ywu na miejsce ani czas w kt\u00f3rym si\u0119 rodzimy, mamy natomiast wp\u0142yw na nasze \u017cycie. Ksi\u0105\u017cka dedykowana pami\u0119ci powsta\u0144c\u00f3w i cywil\u00f3w poleg\u0142ych w Warszawie.<\/p>\n<p><a href=\"https:\/\/slaskipegaz.bs.katowice.pl\/wp-content\/uploads\/2019\/06\/61218951_432923117287346_4624854018789736448_n.jpg\"><img loading=\"lazy\" decoding=\"async\" class=\"aligncenter size-medium wp-image-17022\" src=\"https:\/\/slaskipegaz.bs.katowice.pl\/wp-content\/uploads\/2019\/06\/61218951_432923117287346_4624854018789736448_n-225x300.jpg\" alt=\"DKK\" width=\"225\" height=\"300\" srcset=\"https:\/\/slaskipegaz.bs.katowice.pl\/wp-content\/uploads\/2019\/06\/61218951_432923117287346_4624854018789736448_n-225x300.jpg 225w, https:\/\/slaskipegaz.bs.katowice.pl\/wp-content\/uploads\/2019\/06\/61218951_432923117287346_4624854018789736448_n-768x1024.jpg 768w\" sizes=\"auto, (max-width: 225px) 100vw, 225px\" \/><\/a><\/p>\n<p>Autorka zwraca szczeg\u00f3ln\u0105 uwag\u0119 na s\u0142owo patriotyzm. Zadaje pytanie: Czy wsp\u00f3\u0142czesna m\u0142odzie\u017c zdoby\u0142aby si\u0119 na taki heroizm jak ich r\u00f3wie\u015bnicy ponad siedemdziesi\u0105t lat temu? W jej uj\u0119ciu jest to bardzo trudny patriotyzm, sk\u0142aniaj\u0105cy do dyskusji. Podsumowaniem zmaga\u0144 powsta\u0144czych o kt\u00f3rych autorka pisze, mog\u0105 sta\u0107 si\u0119 s\u0142owa z wiersza Krzysztofa Kamila Baczy\u0144skiego Z g\u0142ow\u0105 na karabinie.<\/p>\n<p>Czytelniczki zaskoczy\u0142o nowoczesne uj\u0119cie bohaterki ksi\u0105\u017cki. Emilia nie jest bowiem typow\u0105 s\u0119dziw\u0105 staruszk\u0105. Pojawia si\u0119 zawsze w oparach papierosowego dymu i zawsze zna odpowied\u017a nawet na najbardziej trudne pytania. Doskonale opowiada o tym co prze\u017cy\u0142a, m\u00f3wi o mi\u0142o\u015bci, o \u017cyciu.<\/p>\n<p>Ksi\u0105\u017cka spotka\u0142a si\u0119 z pozytywnymi opiniami wszystkich Pa\u0144. Kolejne spotkanie ju\u017c 18.06.2019 roku.<\/p>\n<p>Nades\u0142a\u0142a: Miejska i Powiatowa Biblioteka Publiczna w Zawierciu<\/p>\n","protected":false},"excerpt":{"rendered":"<p>Dyskusyjny Klub Ksi\u0105\u017cki W cieniu tamtych dni Rodzinna tajemnica i powsta\u0144cza mi\u0142o\u015b\u0107, to tematyka ksi\u0105\u017cki Magdaleny Majcher W cieniu tamtych dni. Z tak\u0105 lektur\u0105 przysz\u0142o si\u0119 zmierzy\u0107 Paniom z Dyskusyjnego Klubu Ksi\u0105\u017cki Miejskiej i Powiatowej Biblioteki Publicznej w Zawierciu.<\/p>\n","protected":false},"author":3,"featured_media":0,"comment_status":"closed","ping_status":"closed","sticky":false,"template":"","format":"standard","meta":{"_acf_changed":false,"_exactmetrics_skip_tracking":false,"_exactmetrics_sitenote_active":false,"_exactmetrics_sitenote_note":"","_exactmetrics_sitenote_category":0,"footnotes":""},"categories":[1815],"tags":[1348,110],"class_list":["post-17020","post","type-post","status-publish","format-standard","hentry","category-nr-57-czerwiec-2019","tag-dkk","tag-miejska-i-powiatowa-biblioteka-publiczna-w-zawierciu"],"acf":[],"jetpack_featured_media_url":"","_links":{"self":[{"href":"https:\/\/slaskipegaz.bs.katowice.pl\/index.php?rest_route=\/wp\/v2\/posts\/17020","targetHints":{"allow":["GET"]}}],"collection":[{"href":"https:\/\/slaskipegaz.bs.katowice.pl\/index.php?rest_route=\/wp\/v2\/posts"}],"about":[{"href":"https:\/\/slaskipegaz.bs.katowice.pl\/index.php?rest_route=\/wp\/v2\/types\/post"}],"author":[{"embeddable":true,"href":"https:\/\/slaskipegaz.bs.katowice.pl\/index.php?rest_route=\/wp\/v2\/users\/3"}],"replies":[{"embeddable":true,"href":"https:\/\/slaskipegaz.bs.katowice.pl\/index.php?rest_route=%2Fwp%2Fv2%2Fcomments&post=17020"}],"version-history":[{"count":1,"href":"https:\/\/slaskipegaz.bs.katowice.pl\/index.php?rest_route=\/wp\/v2\/posts\/17020\/revisions"}],"predecessor-version":[{"id":17023,"href":"https:\/\/slaskipegaz.bs.katowice.pl\/index.php?rest_route=\/wp\/v2\/posts\/17020\/revisions\/17023"}],"wp:attachment":[{"href":"https:\/\/slaskipegaz.bs.katowice.pl\/index.php?rest_route=%2Fwp%2Fv2%2Fmedia&parent=17020"}],"wp:term":[{"taxonomy":"category","embeddable":true,"href":"https:\/\/slaskipegaz.bs.katowice.pl\/index.php?rest_route=%2Fwp%2Fv2%2Fcategories&post=17020"},{"taxonomy":"post_tag","embeddable":true,"href":"https:\/\/slaskipegaz.bs.katowice.pl\/index.php?rest_route=%2Fwp%2Fv2%2Ftags&post=17020"}],"curies":[{"name":"wp","href":"https:\/\/api.w.org\/{rel}","templated":true}]}}