{"id":17171,"date":"2019-06-19T10:06:39","date_gmt":"2019-06-19T08:06:39","guid":{"rendered":"http:\/\/slaskipegaz.bs.katowice.pl\/?p=17171"},"modified":"2019-07-05T12:46:32","modified_gmt":"2019-07-05T10:46:32","slug":"relacja-miejska-i-powiatowa-biblioteka-publiczna-w-raciborzu-444","status":"publish","type":"post","link":"https:\/\/slaskipegaz.bs.katowice.pl\/?p=17171","title":{"rendered":"[Relacja] MIEJSKA I POWIATOWA BIBLIOTEKA PUBLICZNA W RACIBORZU"},"content":{"rendered":"<h6 style=\"text-align: center;\">Racib\u00f3rz bi\u0142 og\u00f3lnopolski rekord w czytaniu<\/h6>\n<p><a href=\"https:\/\/slaskipegaz.bs.katowice.pl\/wp-content\/uploads\/2019\/06\/Lubi\u0119czyta\u0107.jpg\"><img loading=\"lazy\" decoding=\"async\" class=\"size-medium wp-image-17172 alignleft\" src=\"https:\/\/slaskipegaz.bs.katowice.pl\/wp-content\/uploads\/2019\/06\/Lubi\u0119czyta\u0107-300x174.jpg\" alt=\"FOTO\" width=\"300\" height=\"174\" srcset=\"https:\/\/slaskipegaz.bs.katowice.pl\/wp-content\/uploads\/2019\/06\/Lubi\u0119czyta\u0107-300x174.jpg 300w, https:\/\/slaskipegaz.bs.katowice.pl\/wp-content\/uploads\/2019\/06\/Lubi\u0119czyta\u0107-768x445.jpg 768w, https:\/\/slaskipegaz.bs.katowice.pl\/wp-content\/uploads\/2019\/06\/Lubi\u0119czyta\u0107-1024x593.jpg 1024w, https:\/\/slaskipegaz.bs.katowice.pl\/wp-content\/uploads\/2019\/06\/Lubi\u0119czyta\u0107.jpg 1864w\" sizes=\"auto, (max-width: 300px) 100vw, 300px\" \/><\/a>\u201eJak nie czytam, jak czytam\u201d jest najpopularniejsz\u0105 akcj\u0105 czytelnicz\u0105 w Polsce. W poprzedniej edycji w jednym momencie czyta\u0142o prawie 407 tys. os\u00f3b, tak\u017ce uczniowie raciborskich szk\u00f3\u0142 we wsp\u00f3\u0142pracy z filiami raciborskiej biblioteki. A jak by\u0142o w tym roku?<!--more--><\/p>\n<p>Od 2016 roku uczniowie z ca\u0142ej Polski manifestuj\u0105, \u017ce lubi\u0105 czyta\u0107 i czytaj\u0105 wi\u0119cej ni\u017c doro\u015bli. \u201eJak nie czytam, jak czytam\u201d ma na celu promocj\u0119 czytania dla przyjemno\u015bci &#8211; w mi\u0142ej atmosferze, bez przymusu. W akcj\u0119 jak co roku w\u0142\u0105czy\u0142y si\u0119 filie Miejskiej i Powiatowej Biblioteki Publicznej w Raciborzu. Na Ostrogu, w Ocicach, na \u017borskiej i w Markowicach ksi\u0105\u017cki czyta\u0142o prawie 1000 os\u00f3b!<\/p>\n<p><a href=\"https:\/\/slaskipegaz.bs.katowice.pl\/wp-content\/uploads\/2019\/06\/DSC_8391.jpg\"><img loading=\"lazy\" decoding=\"async\" class=\"aligncenter size-medium wp-image-17173\" src=\"https:\/\/slaskipegaz.bs.katowice.pl\/wp-content\/uploads\/2019\/06\/DSC_8391-300x200.jpg\" alt=\"SALA\" width=\"300\" height=\"200\" srcset=\"https:\/\/slaskipegaz.bs.katowice.pl\/wp-content\/uploads\/2019\/06\/DSC_8391-300x200.jpg 300w, https:\/\/slaskipegaz.bs.katowice.pl\/wp-content\/uploads\/2019\/06\/DSC_8391-768x513.jpg 768w, https:\/\/slaskipegaz.bs.katowice.pl\/wp-content\/uploads\/2019\/06\/DSC_8391-1024x684.jpg 1024w, https:\/\/slaskipegaz.bs.katowice.pl\/wp-content\/uploads\/2019\/06\/DSC_8391.jpg 1618w\" sizes=\"auto, (max-width: 300px) 100vw, 300px\" \/><\/a><\/p>\n<p>Spotkania odbywa\u0142y si\u0119 w pomieszczeniach szko\u0142y albo na podw\u00f3rkach. Uczestnicy czytali przyniesione ze sob\u0105 ulubione ksi\u0105\u017cki, albo wypo\u017cyczali je z biblioteki. W Markowicach dzieci z kl. I-IV wykaza\u0142y si\u0119 kreatywno\u015bci\u0105 i z w\u0142asnych cia\u0142 utworzy\u0142y napis \u201eCzytam\u201d, w bibliotece przy \u017borskiej po sko\u0144czonym czytaniu, przy przygotowanych wcze\u015bniej stoiskach, bibliotekarze i uczniowie polecali ciekawe ksi\u0105\u017cki dost\u0119pne w plac\u00f3wce, Ocice zrobi\u0142y ciekaw\u0105 sesj\u0119 zdj\u0119ciow\u0105 a biblioteka na Ostrogu, kt\u00f3ra zorganizowa\u0142a spotkanie z uczniami Zespo\u0142u Szk\u00f3\u0142 Specjalnych, og\u0142osi\u0142a si\u0119 wynalazcami nowej dyscypliny \u2013 czytania podczas chodzenia, czyli \u201enordic reading\u201d.<\/p>\n<p><a href=\"https:\/\/slaskipegaz.bs.katowice.pl\/wp-content\/uploads\/2019\/06\/IMAG6177-Kopiowanie.jpg\"><img loading=\"lazy\" decoding=\"async\" class=\"aligncenter size-medium wp-image-17174\" src=\"https:\/\/slaskipegaz.bs.katowice.pl\/wp-content\/uploads\/2019\/06\/IMAG6177-Kopiowanie-300x169.jpg\" alt=\"SPOTKANIE\" width=\"300\" height=\"169\" srcset=\"https:\/\/slaskipegaz.bs.katowice.pl\/wp-content\/uploads\/2019\/06\/IMAG6177-Kopiowanie-300x169.jpg 300w, https:\/\/slaskipegaz.bs.katowice.pl\/wp-content\/uploads\/2019\/06\/IMAG6177-Kopiowanie-768x432.jpg 768w, https:\/\/slaskipegaz.bs.katowice.pl\/wp-content\/uploads\/2019\/06\/IMAG6177-Kopiowanie-1024x576.jpg 1024w, https:\/\/slaskipegaz.bs.katowice.pl\/wp-content\/uploads\/2019\/06\/IMAG6177-Kopiowanie.jpg 1920w\" sizes=\"auto, (max-width: 300px) 100vw, 300px\" \/><\/a><\/p>\n<p>Opr\u00f3cz akcji \u201eJak nie czytam, jak czytam\u201d w bibliotece odby\u0142y si\u0119 ostatnie spotkania w ramach Tygodnia Czytania Dzieciom. Na P\u0142oni wiersze \u201eAbecad\u0142o w rymy wpad\u0142o\u201d, \u201eW \u015alimakowie\u201d czy \u201eMysia Mowa\u201d przeczyta\u0142a emerytowana bibliotekarka Ma\u0142gorzata Drobnicka. Z kolei go\u015bciem biblioteki na Ostrogu by\u0142 radny Micha\u0142 Kuliga, kt\u00f3ry przeczyta\u0142 uczniom z klas II i III SP nr 8 wiersze \u201eDziury w serze\u201d, \u201eDlaczego ciele ogonem miele\u201d i jak sam przyzna\u0142 wiersz o nim samym \u201ePan Ba\u0142agan\u201d. Opr\u00f3cz utwor\u00f3w Chotomskiej dzieci wys\u0142ucha\u0142y tak\u017ce \u201eLegendy o pi\u0119knej pasterce i ksi\u0119ciu z Raciborza\u201d.<\/p>\n<p><a href=\"https:\/\/slaskipegaz.bs.katowice.pl\/wp-content\/uploads\/2019\/06\/IMAG6058-Kopiowanie.jpg\"><img loading=\"lazy\" decoding=\"async\" class=\"aligncenter size-medium wp-image-17175\" src=\"https:\/\/slaskipegaz.bs.katowice.pl\/wp-content\/uploads\/2019\/06\/IMAG6058-Kopiowanie-300x169.jpg\" alt=\"spotkanie\" width=\"300\" height=\"169\" srcset=\"https:\/\/slaskipegaz.bs.katowice.pl\/wp-content\/uploads\/2019\/06\/IMAG6058-Kopiowanie-300x169.jpg 300w, https:\/\/slaskipegaz.bs.katowice.pl\/wp-content\/uploads\/2019\/06\/IMAG6058-Kopiowanie-768x432.jpg 768w, https:\/\/slaskipegaz.bs.katowice.pl\/wp-content\/uploads\/2019\/06\/IMAG6058-Kopiowanie-1024x577.jpg 1024w, https:\/\/slaskipegaz.bs.katowice.pl\/wp-content\/uploads\/2019\/06\/IMAG6058-Kopiowanie.jpg 1918w\" sizes=\"auto, (max-width: 300px) 100vw, 300px\" \/><\/a><\/p>\n<p>Obszerne fotorelacje ze wszystkich spotka\u0144 dost\u0119pne na stronie internetowej biblioteki: <a href=\"http:\/\/www.biblrac.pl\">www.biblrac.pl<\/a><\/p>\n<p>Nades\u0142a\u0142a: Miejska i Powiatowa Biblioteka Publiczna w Raciborzu<\/p>\n","protected":false},"excerpt":{"rendered":"<p>Racib\u00f3rz bi\u0142 og\u00f3lnopolski rekord w czytaniu \u201eJak nie czytam, jak czytam\u201d jest najpopularniejsz\u0105 akcj\u0105 czytelnicz\u0105 w Polsce. W poprzedniej edycji w jednym momencie czyta\u0142o prawie 407 tys. os\u00f3b, tak\u017ce uczniowie raciborskich szk\u00f3\u0142 we wsp\u00f3\u0142pracy z filiami raciborskiej biblioteki. A jak by\u0142o w tym roku?<\/p>\n","protected":false},"author":3,"featured_media":0,"comment_status":"closed","ping_status":"closed","sticky":false,"template":"","format":"standard","meta":{"_acf_changed":false,"_exactmetrics_skip_tracking":false,"_exactmetrics_sitenote_active":false,"_exactmetrics_sitenote_note":"","_exactmetrics_sitenote_category":0,"footnotes":""},"categories":[1828],"tags":[727,48],"class_list":["post-17171","post","type-post","status-publish","format-standard","hentry","category-nr-58-lipiec-2019","tag-jak-nie-czytam-jak-czytam","tag-miejska-i-powiatowa-biblioteka-publiczna-w-raciborzu"],"acf":[],"jetpack_featured_media_url":"","_links":{"self":[{"href":"https:\/\/slaskipegaz.bs.katowice.pl\/index.php?rest_route=\/wp\/v2\/posts\/17171","targetHints":{"allow":["GET"]}}],"collection":[{"href":"https:\/\/slaskipegaz.bs.katowice.pl\/index.php?rest_route=\/wp\/v2\/posts"}],"about":[{"href":"https:\/\/slaskipegaz.bs.katowice.pl\/index.php?rest_route=\/wp\/v2\/types\/post"}],"author":[{"embeddable":true,"href":"https:\/\/slaskipegaz.bs.katowice.pl\/index.php?rest_route=\/wp\/v2\/users\/3"}],"replies":[{"embeddable":true,"href":"https:\/\/slaskipegaz.bs.katowice.pl\/index.php?rest_route=%2Fwp%2Fv2%2Fcomments&post=17171"}],"version-history":[{"count":1,"href":"https:\/\/slaskipegaz.bs.katowice.pl\/index.php?rest_route=\/wp\/v2\/posts\/17171\/revisions"}],"predecessor-version":[{"id":17176,"href":"https:\/\/slaskipegaz.bs.katowice.pl\/index.php?rest_route=\/wp\/v2\/posts\/17171\/revisions\/17176"}],"wp:attachment":[{"href":"https:\/\/slaskipegaz.bs.katowice.pl\/index.php?rest_route=%2Fwp%2Fv2%2Fmedia&parent=17171"}],"wp:term":[{"taxonomy":"category","embeddable":true,"href":"https:\/\/slaskipegaz.bs.katowice.pl\/index.php?rest_route=%2Fwp%2Fv2%2Fcategories&post=17171"},{"taxonomy":"post_tag","embeddable":true,"href":"https:\/\/slaskipegaz.bs.katowice.pl\/index.php?rest_route=%2Fwp%2Fv2%2Ftags&post=17171"}],"curies":[{"name":"wp","href":"https:\/\/api.w.org\/{rel}","templated":true}]}}