{"id":17194,"date":"2019-06-19T12:26:45","date_gmt":"2019-06-19T10:26:45","guid":{"rendered":"http:\/\/slaskipegaz.bs.katowice.pl\/?p=17194"},"modified":"2019-06-19T12:26:45","modified_gmt":"2019-06-19T10:26:45","slug":"zapowiedz-miejska-i-powiatowa-biblioteka-publiczna-w-raciborzu-filia-w-ocicach","status":"publish","type":"post","link":"https:\/\/slaskipegaz.bs.katowice.pl\/?p=17194","title":{"rendered":"[Zapowied\u017a] MIEJSKA I POWIATOWA BIBLIOTEKA PUBLICZNA W RACIBORZU. FILIA W OCICACH"},"content":{"rendered":"<h6 style=\"text-align: center;\">Warsztaty <em>Ma\u0142e skrzyd\u0142a-jak wychowa\u0107 szcz\u0119\u015bliwego cz\u0142owieka<\/em> w Ocicach<\/h6>\n<p><a href=\"https:\/\/slaskipegaz.bs.katowice.pl\/wp-content\/uploads\/2019\/06\/Plakat_F3menatlspa.jpg\"><img loading=\"lazy\" decoding=\"async\" class=\"size-medium wp-image-17195 alignleft\" src=\"https:\/\/slaskipegaz.bs.katowice.pl\/wp-content\/uploads\/2019\/06\/Plakat_F3menatlspa-212x300.jpg\" alt=\"plakat\" width=\"212\" height=\"300\" srcset=\"https:\/\/slaskipegaz.bs.katowice.pl\/wp-content\/uploads\/2019\/06\/Plakat_F3menatlspa-212x300.jpg 212w, https:\/\/slaskipegaz.bs.katowice.pl\/wp-content\/uploads\/2019\/06\/Plakat_F3menatlspa-768x1086.jpg 768w, https:\/\/slaskipegaz.bs.katowice.pl\/wp-content\/uploads\/2019\/06\/Plakat_F3menatlspa-724x1024.jpg 724w, https:\/\/slaskipegaz.bs.katowice.pl\/wp-content\/uploads\/2019\/06\/Plakat_F3menatlspa.jpg 1754w\" sizes=\"auto, (max-width: 212px) 100vw, 212px\" \/><\/a>Czym jest uwa\u017cne rodzicielstwo i jak je praktykowa\u0107? Filia nr 3 w Ocicach zaprasza na ostatnie przed wakacjami \u201eSpotkanie po s\u0105siedzku\u201d. Tym razem go\u015b\u0107mi biblioteki b\u0119d\u0105 Patrycja Chomiczewska oraz Marzena Kud &#8211; trenerki MentalSpa Chomiczewska &amp; Kud.<!--more--><\/p>\n<p>Wychowaj dziecko na \u015bwiadomego, pewnego siebie i czu\u0142ego cz\u0142owieka \u2013 m\u00f3wi\u0105 wsp\u00f3\u0142czesne poradniki dla rodzic\u00f3w. Ale jak to zrobi\u0107? Jak sta\u0107 si\u0119 rodzicem bez nagr\u00f3d i kar? O do\u015bwiadczaniu mi\u0142o\u015bci i rado\u015bci, jak r\u00f3wnie\u017c czerpania nauki ze wspania\u0142ej przygody, jak\u0105 jest wychowywanie dzieci opowiedz\u0105 w trakcie spotkania w raciborskiej bibliotece trenerki mentalne \u2013 Patrycja Chomiczewska oraz Marzena Kud.<\/p>\n<p>Prelekcja, po\u0142\u0105czona z prostymi \u0107wiczeniami, kt\u00f3re pomog\u0105 uczestnikom zobrazowa\u0107 wiedz\u0119 przekazan\u0105 przez prowadz\u0105ce, odb\u0119dzie si\u0119 w \u015brod\u0119 19 czerwca o godz. 16.00 w bibliotece w Ocicach przy ul. Tuwima 1. Wst\u0119p wolny. Serdecznie zapraszamy!<\/p>\n","protected":false},"excerpt":{"rendered":"<p>Warsztaty Ma\u0142e skrzyd\u0142a-jak wychowa\u0107 szcz\u0119\u015bliwego cz\u0142owieka w Ocicach Czym jest uwa\u017cne rodzicielstwo i jak je praktykowa\u0107? Filia nr 3 w Ocicach zaprasza na ostatnie przed wakacjami \u201eSpotkanie po s\u0105siedzku\u201d. Tym razem go\u015b\u0107mi biblioteki b\u0119d\u0105 Patrycja Chomiczewska oraz Marzena Kud &#8211; trenerki MentalSpa Chomiczewska &amp; Kud.<\/p>\n","protected":false},"author":3,"featured_media":0,"comment_status":"closed","ping_status":"closed","sticky":false,"template":"","format":"standard","meta":{"_acf_changed":false,"_exactmetrics_skip_tracking":false,"_exactmetrics_sitenote_active":false,"_exactmetrics_sitenote_note":"","_exactmetrics_sitenote_category":0,"footnotes":""},"categories":[6],"tags":[1836,48,1787],"class_list":["post-17194","post","type-post","status-publish","format-standard","hentry","category-aktualnosci","tag-filia-w-ocicach","tag-miejska-i-powiatowa-biblioteka-publiczna-w-raciborzu","tag-spotkania-po-sasiedzku"],"acf":[],"jetpack_featured_media_url":"","_links":{"self":[{"href":"https:\/\/slaskipegaz.bs.katowice.pl\/index.php?rest_route=\/wp\/v2\/posts\/17194","targetHints":{"allow":["GET"]}}],"collection":[{"href":"https:\/\/slaskipegaz.bs.katowice.pl\/index.php?rest_route=\/wp\/v2\/posts"}],"about":[{"href":"https:\/\/slaskipegaz.bs.katowice.pl\/index.php?rest_route=\/wp\/v2\/types\/post"}],"author":[{"embeddable":true,"href":"https:\/\/slaskipegaz.bs.katowice.pl\/index.php?rest_route=\/wp\/v2\/users\/3"}],"replies":[{"embeddable":true,"href":"https:\/\/slaskipegaz.bs.katowice.pl\/index.php?rest_route=%2Fwp%2Fv2%2Fcomments&post=17194"}],"version-history":[{"count":1,"href":"https:\/\/slaskipegaz.bs.katowice.pl\/index.php?rest_route=\/wp\/v2\/posts\/17194\/revisions"}],"predecessor-version":[{"id":17196,"href":"https:\/\/slaskipegaz.bs.katowice.pl\/index.php?rest_route=\/wp\/v2\/posts\/17194\/revisions\/17196"}],"wp:attachment":[{"href":"https:\/\/slaskipegaz.bs.katowice.pl\/index.php?rest_route=%2Fwp%2Fv2%2Fmedia&parent=17194"}],"wp:term":[{"taxonomy":"category","embeddable":true,"href":"https:\/\/slaskipegaz.bs.katowice.pl\/index.php?rest_route=%2Fwp%2Fv2%2Fcategories&post=17194"},{"taxonomy":"post_tag","embeddable":true,"href":"https:\/\/slaskipegaz.bs.katowice.pl\/index.php?rest_route=%2Fwp%2Fv2%2Ftags&post=17194"}],"curies":[{"name":"wp","href":"https:\/\/api.w.org\/{rel}","templated":true}]}}