{"id":17209,"date":"2019-06-21T14:11:58","date_gmt":"2019-06-21T12:11:58","guid":{"rendered":"http:\/\/slaskipegaz.bs.katowice.pl\/?p=17209"},"modified":"2019-07-05T12:46:00","modified_gmt":"2019-07-05T10:46:00","slug":"relacja-miejska-biblioteka-publiczna-w-sosnowcu-3","status":"publish","type":"post","link":"https:\/\/slaskipegaz.bs.katowice.pl\/?p=17209","title":{"rendered":"[Relacja] MIEJSKA BIBLIOTEKA PUBLICZNA W SOSNOWCU"},"content":{"rendered":"<h6 style=\"text-align: center;\"><strong> 15.Sosnowieckie Dni Literatury 2019 <\/strong><\/h6>\n<p><a href=\"https:\/\/slaskipegaz.bs.katowice.pl\/wp-content\/uploads\/2019\/06\/Przegl\u0105d.jpg\"><img loading=\"lazy\" decoding=\"async\" class=\"size-medium wp-image-17210 alignleft\" src=\"https:\/\/slaskipegaz.bs.katowice.pl\/wp-content\/uploads\/2019\/06\/Przegl\u0105d-300x200.jpg\" alt=\"GALA\" width=\"300\" height=\"200\" srcset=\"https:\/\/slaskipegaz.bs.katowice.pl\/wp-content\/uploads\/2019\/06\/Przegl\u0105d-300x200.jpg 300w, https:\/\/slaskipegaz.bs.katowice.pl\/wp-content\/uploads\/2019\/06\/Przegl\u0105d-768x511.jpg 768w, https:\/\/slaskipegaz.bs.katowice.pl\/wp-content\/uploads\/2019\/06\/Przegl\u0105d.jpg 1000w\" sizes=\"auto, (max-width: 300px) 100vw, 300px\" \/><\/a>8 czerwca 2019 roku zako\u0144czy\u0142a si\u0119 pi\u0119tnasta, jubileuszowa, edycja Sosnowieckich Dni Literatury, jednej z najwa\u017cniejszych imprez kulturalnych w regionie. Tegoroczna edycja w du\u017cej mierze po\u015bwi\u0119cona by\u0142a postaci Witolda Gombrowicza, a przy\u015bwieca\u0142o jej has\u0142o \u201eWitold ferdydurkista\u201d, w tym roku bowiem przypada 50. rocznica \u015bmierci pisarza.<!--more--><\/p>\n<p>Go\u015b\u0107mi tegorocznych SDL byli m.in.: wybitni reporta\u017cy\u015bci Wojciech Tochman i Filip Springer, a tak\u017ce uznani prozaicy i poeci tacy jak: Maja Wolny, Anna Ka\u0144toch, W\u0142odzimierz Bolecki, Marta Podg\u00f3rnik, nagrodzona w ostatni weekend Nagrod\u0105 im. W. Szymborskiej, czy Marta Fox. Spotkania przyci\u0105gn\u0119\u0142y grono czytelnik\u00f3w \u017cywo zainteresowanych wsp\u00f3\u0142czesn\u0105 polsk\u0105 literatur\u0105. Poza spotkaniami autorskimi w programie SDL znalaz\u0142y si\u0119 tak\u017ce dzia\u0142ania z pogranicza literatury i innych sztuk: wystawa plakat\u00f3w teatralnych ze spektakli opartych na tekstach Gombrowicza przygotowana z pomoc\u0105 Dydo Poster Gallery z Krakowa, kt\u00f3r\u0105 w Galerii Zag\u0142\u0119biowskiej Mediateki mo\u017cna ogl\u0105da\u0107 jeszcze do 23 sierpnia 2019, niezwykle interesuj\u0105cy panel dyskusyjny po\u015bwi\u0119cony postaci autora \u201eFerdydurke\u201d, w kt\u00f3rym udzia\u0142 wzi\u0119li specjali\u015bci zajmuj\u0105cy si\u0119 jego tw\u00f3rczo\u015bci\u0105 \u2013 prof. zw. dr hab. J\u00f3zef Olejniczak z Uniwersytetu \u015al\u0105skiego w Katowicach oraz prof. zw. dr hab. W\u0142odzimierz Bolecki z Instytutu Bada\u0144 Literackich Polskiej Akademii Nauk; wiecz\u00f3r filmowy, w ramach kt\u00f3rego zaprezentowali\u015bmy g\u0142o\u015bny film Andrzeja \u017bu\u0142awskiego \u201eKosmos\u201d; warsztaty dla dzieci i m\u0142odzie\u017cy poprowadzone przez znakomit\u0105 prozaiczk\u0119 Ann\u0119 Cieplak, kt\u00f3re najm\u0142odsi czytelnicy przyj\u0119li z wielkim entuzjazmem oraz spotkanie z go\u015bciem specjalnym, Klementyn\u0105 Suchanow, autork\u0105 g\u0142o\u015bnej biografii Gombrowicza \u2013 \u201eGombrowicz. Ja, geniusz\u201d.<\/p>\n<p><a href=\"https:\/\/slaskipegaz.bs.katowice.pl\/wp-content\/uploads\/2019\/06\/Cieplak.jpg\"><img loading=\"lazy\" decoding=\"async\" class=\"aligncenter size-medium wp-image-17212\" src=\"https:\/\/slaskipegaz.bs.katowice.pl\/wp-content\/uploads\/2019\/06\/Cieplak-300x199.jpg\" alt=\"zaj\u0119cia\" width=\"300\" height=\"199\" srcset=\"https:\/\/slaskipegaz.bs.katowice.pl\/wp-content\/uploads\/2019\/06\/Cieplak-300x199.jpg 300w, https:\/\/slaskipegaz.bs.katowice.pl\/wp-content\/uploads\/2019\/06\/Cieplak-768x510.jpg 768w, https:\/\/slaskipegaz.bs.katowice.pl\/wp-content\/uploads\/2019\/06\/Cieplak.jpg 1000w\" sizes=\"auto, (max-width: 300px) 100vw, 300px\" \/><\/a><a href=\"https:\/\/slaskipegaz.bs.katowice.pl\/wp-content\/uploads\/2019\/06\/Springer.jpg\"><img loading=\"lazy\" decoding=\"async\" class=\"aligncenter size-medium wp-image-17213\" src=\"https:\/\/slaskipegaz.bs.katowice.pl\/wp-content\/uploads\/2019\/06\/Springer-300x199.jpg\" alt=\"pisarz\" width=\"300\" height=\"199\" srcset=\"https:\/\/slaskipegaz.bs.katowice.pl\/wp-content\/uploads\/2019\/06\/Springer-300x199.jpg 300w, https:\/\/slaskipegaz.bs.katowice.pl\/wp-content\/uploads\/2019\/06\/Springer-768x510.jpg 768w, https:\/\/slaskipegaz.bs.katowice.pl\/wp-content\/uploads\/2019\/06\/Springer.jpg 1000w\" sizes=\"auto, (max-width: 300px) 100vw, 300px\" \/><\/a><a href=\"https:\/\/slaskipegaz.bs.katowice.pl\/wp-content\/uploads\/2019\/06\/Suchanow.jpg\"><img loading=\"lazy\" decoding=\"async\" class=\"aligncenter size-medium wp-image-17214\" src=\"https:\/\/slaskipegaz.bs.katowice.pl\/wp-content\/uploads\/2019\/06\/Suchanow-300x199.jpg\" alt=\"spotkanie\" width=\"300\" height=\"199\" srcset=\"https:\/\/slaskipegaz.bs.katowice.pl\/wp-content\/uploads\/2019\/06\/Suchanow-300x199.jpg 300w, https:\/\/slaskipegaz.bs.katowice.pl\/wp-content\/uploads\/2019\/06\/Suchanow-768x510.jpg 768w, https:\/\/slaskipegaz.bs.katowice.pl\/wp-content\/uploads\/2019\/06\/Suchanow.jpg 1000w\" sizes=\"auto, (max-width: 300px) 100vw, 300px\" \/><\/a><a href=\"https:\/\/slaskipegaz.bs.katowice.pl\/wp-content\/uploads\/2019\/06\/Tochman.jpg\"><img loading=\"lazy\" decoding=\"async\" class=\"aligncenter size-medium wp-image-17215\" src=\"https:\/\/slaskipegaz.bs.katowice.pl\/wp-content\/uploads\/2019\/06\/Tochman-300x209.jpg\" alt=\"spotkanie\" width=\"300\" height=\"209\" srcset=\"https:\/\/slaskipegaz.bs.katowice.pl\/wp-content\/uploads\/2019\/06\/Tochman-300x209.jpg 300w, https:\/\/slaskipegaz.bs.katowice.pl\/wp-content\/uploads\/2019\/06\/Tochman-768x536.jpg 768w, https:\/\/slaskipegaz.bs.katowice.pl\/wp-content\/uploads\/2019\/06\/Tochman.jpg 1000w\" sizes=\"auto, (max-width: 300px) 100vw, 300px\" \/><\/a><\/p>\n<p>Na zako\u0144czenie 15. SDL odby\u0142 si\u0119 fina\u0142 konkursu \u201eBiblio\u017cerca roku 2018\/2019\u201d oraz przegl\u0105d zespo\u0142\u00f3w muzycznych \u201eG\u0119by, maski, twarze\u201d. Jury w sk\u0142adzie: Alicja Ludwichowska (plastyk MBP, specjalista ds. reklamy i marketingu, basistka), Szczepan \u0141ach (za\u0142o\u017cyciel zespo\u0142u Skankan), Sebastian Ste\u0107 \u201eStecyk\u201d (perkusista, za\u0142o\u017cyciel projektu STC), Artur Rumi\u0144ski (gitarzysta zespo\u0142\u00f3w Arrm i Mentor) nagrodzi\u0142o nast\u0119puj\u0105ce zespo\u0142y: I miejsce \u2013 Note Nation Orchestra, II miejsce \u2013 032, III miejsce \u2013 MOLE. Wyr\u00f3\u017cnienia otrzymali tak\u017ce: 4 GENERACJE, Ametyst oraz Nutritional Yeast.<\/p>\n<p>Tegorocznej jubileuszowej edycji towarzyszy\u0142a tak\u017ce wystawa wspomnieniowa \u201eLiteracki Sosnowiec\u201d (w Pasa\u017cu Mediateki), kt\u00f3r\u0105 mo\u017cna ogl\u0105da\u0107 jeszcze do ko\u0144ca wakacji.<\/p>\n<p>15.Sosnowieckie Dni Literatury promowa\u0142 \u2013 jak co roku \u2013 oryginalny plakat prof. Romana Kalarusa.<\/p>\n<p><a href=\"https:\/\/slaskipegaz.bs.katowice.pl\/wp-content\/uploads\/2019\/06\/15.SDLb_-1.jpg\"><img loading=\"lazy\" decoding=\"async\" class=\"aligncenter size-medium wp-image-17211\" src=\"https:\/\/slaskipegaz.bs.katowice.pl\/wp-content\/uploads\/2019\/06\/15.SDLb_-1-211x300.jpg\" alt=\"kalarus\" width=\"211\" height=\"300\" srcset=\"https:\/\/slaskipegaz.bs.katowice.pl\/wp-content\/uploads\/2019\/06\/15.SDLb_-1-211x300.jpg 211w, https:\/\/slaskipegaz.bs.katowice.pl\/wp-content\/uploads\/2019\/06\/15.SDLb_-1-768x1093.jpg 768w, https:\/\/slaskipegaz.bs.katowice.pl\/wp-content\/uploads\/2019\/06\/15.SDLb_-1-720x1024.jpg 720w, https:\/\/slaskipegaz.bs.katowice.pl\/wp-content\/uploads\/2019\/06\/15.SDLb_-1.jpg 1000w\" sizes=\"auto, (max-width: 211px) 100vw, 211px\" \/><\/a>Partnerami MBP przy 15. SDL byli: Regionalny Instytut Kultury w Katowicach, Uniwersytet \u015al\u0105ski w Katowicach, Fundacja Kultury Afront, Centrum Doskonalenia Nauczycieli w Sosnowcu, Instytut Miko\u0142owski im. R. Wojaczka, Dydo Poster Gallery z Krakowa. Honorowy patronat obj\u0105\u0142: Prezydent Miasta Sosnowca \u2013 Arkadiusz Ch\u0119ci\u0144ski oraz Rektor Uniwersytetu \u015al\u0105skiego \u2013 prof. dr hab. Andrzej Kowalczyk.<\/p>\n<p><a href=\"https:\/\/slaskipegaz.bs.katowice.pl\/wp-content\/uploads\/2019\/06\/mkidn_01_cmyk.jpg\"><img loading=\"lazy\" decoding=\"async\" class=\" wp-image-17161 alignleft\" src=\"https:\/\/slaskipegaz.bs.katowice.pl\/wp-content\/uploads\/2019\/06\/mkidn_01_cmyk-300x300.jpg\" alt=\"\" width=\"98\" height=\"98\" srcset=\"https:\/\/slaskipegaz.bs.katowice.pl\/wp-content\/uploads\/2019\/06\/mkidn_01_cmyk-300x300.jpg 300w, https:\/\/slaskipegaz.bs.katowice.pl\/wp-content\/uploads\/2019\/06\/mkidn_01_cmyk-150x150.jpg 150w, https:\/\/slaskipegaz.bs.katowice.pl\/wp-content\/uploads\/2019\/06\/mkidn_01_cmyk-768x768.jpg 768w, https:\/\/slaskipegaz.bs.katowice.pl\/wp-content\/uploads\/2019\/06\/mkidn_01_cmyk-1024x1024.jpg 1024w, https:\/\/slaskipegaz.bs.katowice.pl\/wp-content\/uploads\/2019\/06\/mkidn_01_cmyk.jpg 1323w\" sizes=\"auto, (max-width: 98px) 100vw, 98px\" \/><\/a><strong>Projekt dofinansowano ze \u015brodk\u00f3w Ministra Kultury i Dziedzictwa Narodowego pochodz\u0105cych z Funduszu Promocji Kultury.<\/strong><\/p>\n<p>&nbsp;<\/p>\n<p>Nades\u0142a\u0142a: Miejska Biblioteka Publiczna w Sosnowcu<\/p>\n","protected":false},"excerpt":{"rendered":"<p>15.Sosnowieckie Dni Literatury 2019 8 czerwca 2019 roku zako\u0144czy\u0142a si\u0119 pi\u0119tnasta, jubileuszowa, edycja Sosnowieckich Dni Literatury, jednej z najwa\u017cniejszych imprez kulturalnych w regionie. Tegoroczna edycja w du\u017cej mierze po\u015bwi\u0119cona by\u0142a postaci Witolda Gombrowicza, a przy\u015bwieca\u0142o jej has\u0142o \u201eWitold ferdydurkista\u201d, w tym roku bowiem przypada 50. rocznica \u015bmierci pisarza.<\/p>\n","protected":false},"author":3,"featured_media":0,"comment_status":"closed","ping_status":"closed","sticky":false,"template":"","format":"standard","meta":{"_acf_changed":false,"_exactmetrics_skip_tracking":false,"_exactmetrics_sitenote_active":false,"_exactmetrics_sitenote_note":"","_exactmetrics_sitenote_category":0,"footnotes":""},"categories":[1828],"tags":[1821,146],"class_list":["post-17209","post","type-post","status-publish","format-standard","hentry","category-nr-58-lipiec-2019","tag-15-sosnowieckie-dni-literatury","tag-miejska-biblioteka-publiczna-w-sosnowcu"],"acf":[],"jetpack_featured_media_url":"","_links":{"self":[{"href":"https:\/\/slaskipegaz.bs.katowice.pl\/index.php?rest_route=\/wp\/v2\/posts\/17209","targetHints":{"allow":["GET"]}}],"collection":[{"href":"https:\/\/slaskipegaz.bs.katowice.pl\/index.php?rest_route=\/wp\/v2\/posts"}],"about":[{"href":"https:\/\/slaskipegaz.bs.katowice.pl\/index.php?rest_route=\/wp\/v2\/types\/post"}],"author":[{"embeddable":true,"href":"https:\/\/slaskipegaz.bs.katowice.pl\/index.php?rest_route=\/wp\/v2\/users\/3"}],"replies":[{"embeddable":true,"href":"https:\/\/slaskipegaz.bs.katowice.pl\/index.php?rest_route=%2Fwp%2Fv2%2Fcomments&post=17209"}],"version-history":[{"count":2,"href":"https:\/\/slaskipegaz.bs.katowice.pl\/index.php?rest_route=\/wp\/v2\/posts\/17209\/revisions"}],"predecessor-version":[{"id":17223,"href":"https:\/\/slaskipegaz.bs.katowice.pl\/index.php?rest_route=\/wp\/v2\/posts\/17209\/revisions\/17223"}],"wp:attachment":[{"href":"https:\/\/slaskipegaz.bs.katowice.pl\/index.php?rest_route=%2Fwp%2Fv2%2Fmedia&parent=17209"}],"wp:term":[{"taxonomy":"category","embeddable":true,"href":"https:\/\/slaskipegaz.bs.katowice.pl\/index.php?rest_route=%2Fwp%2Fv2%2Fcategories&post=17209"},{"taxonomy":"post_tag","embeddable":true,"href":"https:\/\/slaskipegaz.bs.katowice.pl\/index.php?rest_route=%2Fwp%2Fv2%2Ftags&post=17209"}],"curies":[{"name":"wp","href":"https:\/\/api.w.org\/{rel}","templated":true}]}}