{"id":17250,"date":"2019-06-24T08:23:59","date_gmt":"2019-06-24T06:23:59","guid":{"rendered":"http:\/\/slaskipegaz.bs.katowice.pl\/?p=17250"},"modified":"2019-06-24T08:23:59","modified_gmt":"2019-06-24T06:23:59","slug":"zapowiedz-miejska-biblioteka-publiczna-w-sosnowcu-17","status":"publish","type":"post","link":"https:\/\/slaskipegaz.bs.katowice.pl\/?p=17250","title":{"rendered":"[Zapowied\u017a] MIEJSKA BIBLIOTEKA PUBLICZNA W SOSNOWCU"},"content":{"rendered":"<h6 style=\"text-align: center;\"><strong>\u00a0\u201eZ legend\u0105 w plecaku, czyli folkowe lato z bibliotek\u0105\u201d \u2013 akcja letnia <\/strong><\/h6>\n<p><a href=\"https:\/\/slaskipegaz.bs.katowice.pl\/wp-content\/uploads\/2019\/06\/Lato-2019-plakat.jpg\"><img loading=\"lazy\" decoding=\"async\" class=\"size-medium wp-image-17251 alignleft\" src=\"https:\/\/slaskipegaz.bs.katowice.pl\/wp-content\/uploads\/2019\/06\/Lato-2019-plakat-211x300.jpg\" alt=\"plakat\" width=\"211\" height=\"300\" srcset=\"https:\/\/slaskipegaz.bs.katowice.pl\/wp-content\/uploads\/2019\/06\/Lato-2019-plakat-211x300.jpg 211w, https:\/\/slaskipegaz.bs.katowice.pl\/wp-content\/uploads\/2019\/06\/Lato-2019-plakat-768x1093.jpg 768w, https:\/\/slaskipegaz.bs.katowice.pl\/wp-content\/uploads\/2019\/06\/Lato-2019-plakat-720x1024.jpg 720w, https:\/\/slaskipegaz.bs.katowice.pl\/wp-content\/uploads\/2019\/06\/Lato-2019-plakat.jpg 1000w\" sizes=\"auto, (max-width: 211px) 100vw, 211px\" \/><\/a>Wakacje 2019 w Miejskiej Bibliotece Publicznej w Sosnowcu zapowiadaj\u0105 si\u0119 niezwykle ciekawie. Dlaczego? Wszystko za spraw\u0105 organizowanej przez Ksi\u0105\u017cnic\u0119 &#8211; kolejny rok z rz\u0119du &#8211; akcji letniej, przeznaczonej specjalnie dla dzieci sp\u0119dzaj\u0105cych wakacje w mie\u015bcie. W ramach trwaj\u0105cego od 1 lipca do 31 sierpnia projektu, na dzieci i nastolatk\u00f3w czeka\u0107 b\u0119dzie mn\u00f3stwo atrakcji, a wszystkie zaplanowane imprezy kr\u0105\u017cy\u0107 b\u0119d\u0105 wok\u00f3\u0142 wsp\u00f3lnego zagadnienia \u2013 legend i folkloru r\u00f3\u017cnych region\u00f3w polski.<!--more--><\/p>\n<p>\u201eZ legend\u0105 w plecaku, czyli folkowe lato z bibliotek\u0105\u201d \u2013 tak brzmi oficjalny tytu\u0142 akcji, do udzia\u0142u w kt\u00f3rej organizatorzy zapraszaj\u0105 serdecznie ju\u017c dzi\u015b! Wycieczki, warsztaty, spotkania, imprezy plenerowe, konkursy \u2013 i co jeszcze? Zach\u0119camy do zapoznania si\u0119 ze szczeg\u00f3\u0142owym programem.<\/p>\n<h6 style=\"text-align: center;\"><strong>Kalendarium imprez:<\/strong><\/h6>\n<p>\u201eZ legend\u0105 w plecaku, czyli folkowe lato z bibliotek\u0105\u201d &#8211; cykl spotka\u0144 literacko-plastyczno-ruchowych dla dzieci w wieku 6-15 lat. W ka\u017cdym tygodniu uczestnicy akcji przenios\u0105 si\u0119 do innego regionu Polski i poznaj\u0105 legendy i zwyczaje charakterystyczne dla danej krainy (poniedzia\u0142ki, \u015brody, pi\u0105tki)<\/p>\n<ul>\n<li>Zag\u0142\u0119biowska Mediateka: pn, \u015br : 12.30-14.00; pt 16.00-17.30<\/li>\n<li>Oddzia\u0142 dla Dzieci i M\u0142odzie\u017cy: w godz. 10.00-11.00<\/li>\n<li>Biblioteka Dzieci\u0119ca \u201eTajemniczy ogr\u00f3d\u201d: w godz. 11.00-12.00<\/li>\n<li>Filia nr 1 \u015arodula: w godz. 12.00-13.00<\/li>\n<li>Filia nr 2 Rudna IV: w godz. 10.00-11.00<\/li>\n<li>Filia nr 3 Klimont\u00f3w: w godz. 12.30-13.30<\/li>\n<li>Filia nr 4 Sielec: w godz. 10.00-11.00<\/li>\n<li>Filia nr 5 Walcownia: w godz. 10.00-11.00<\/li>\n<li>Filia nr 6 Niwka: w godz. 10.00-11.00<\/li>\n<li>Filia nr 7 Da\u0144d\u00f3wka \u201eBibliosfera\u201d: w godz. 10.00-11.00<\/li>\n<li>Filia nr 10 Kazimierz G\u00f3rniczy: w godz. 10.30-11.30<\/li>\n<li>Filia nr 11 Ostrowy G\u00f3rnicze: w godz. 12.00-13.00, z wy\u0142\u0105czeniem 15.07 \u2013 2.08.2019 r.<\/li>\n<li>Filia nr 12 Por\u0105bka: pn: 11.00-12.00; \u015br, pt: 15.00-16.00 z wy\u0142\u0105czeniem 1.07-5.07.2019 r. oraz 16.08-30.08.2019 r.<\/li>\n<li>Filia nr 13 Maczki: w godz.12.00-14.00; z wy\u0142\u0105czeniem 29.07 &#8211; 19.08.2019 r.<\/li>\n<li>Filia nr 14 Zag\u00f3rze: w godz. 10.00-11.00<\/li>\n<li>Filia nr 15 Mec: w godz. 12.00-13.00<\/li>\n<li>Filia nr 17 Pogo\u0144: w godz. 10.00-11.00<\/li>\n<li>Filia nr 18 Juliusz: w godz. 10.00-11.00; z wy\u0142\u0105czeniem 15.07-26.07.2019 r.<\/li>\n<li>Filia nr 19 Milowice: w godz. 10.00-11.00<\/li>\n<li>Filia nr 20 Stary Sosnowiec: w godz. 10.00-11.00<\/li>\n<\/ul>\n<p><strong>\u00a0<\/strong><\/p>\n<p style=\"text-align: center;\">Ba\u015bnie i bajki polskie na wielkim ekranie \u2013 projekcje filmowe<\/p>\n<ul>\n<li>Lipiec-sierpie\u0144 2019, wtorki, godz. 11.00<\/li>\n<li>Aula Zag\u0142\u0119biowskiej Mediateki, ul. Ko\u015bcielna 11<\/li>\n<\/ul>\n<p style=\"text-align: center;\"><strong>\u00a0<\/strong>Poznaj najpi\u0119kniejsze polskie legendy \u2013 wystawa<\/p>\n<ul>\n<li>Wernisa\u017c &#8211; 3 lipca 2019, godz. 12.30 (ekspozycja potrwa do 31 sierpnia 2019)<\/li>\n<li>Galeria \u201ePod \u015bwietlikiem\u201d &#8211; Zag\u0142\u0119biowska Mediateka, ul. Ko\u015bcielna 11<\/li>\n<\/ul>\n<p style=\"text-align: center;\"><strong>\u00a0<\/strong>W ogrodzie pe\u0142nym legend \u2013 sobotnie czytanie plenerowe z udzia\u0142em aktor\u00f3w z Teatru Zag\u0142\u0119bia<\/p>\n<ul>\n<li>13, 27 lipca oraz 10, 24 sierpnia 2019, godz. 11.00<\/li>\n<li>Dziedziniec Zag\u0142\u0119biowskiej Mediateki, ul. Ko\u015bcielna 11<\/li>\n<\/ul>\n<p><strong>\u00a0<\/strong>Z wizyt\u0105 w Legendii (\u015al\u0105skie Weso\u0142e Miasteczko) \u2013 wycieczka (zapisy)<\/p>\n<ul>\n<li>18 lipca 2019, godz. 11.00<\/li>\n<\/ul>\n<p><strong>\u00a0<\/strong>Zabytkowa Kopalnia Srebra i Sztolnia Czarnego Pstr\u0105ga w Tarnowskich G\u00f3rach &#8211; wycieczka (zapisy)<\/p>\n<ul>\n<li>25 lipca 2019, godz.10.00<\/li>\n<\/ul>\n<p><strong>\u00a0<\/strong>Folkowe podr\u00f3\u017ce malowane na murze \u2013 wsp\u00f3lne malowanie muralu<\/p>\n<ul>\n<li>29 lipca 2019, godz. 11.00<\/li>\n<li>Biblioteka Dzieci\u0119ca \u201eTajemniczy ogr\u00f3d\u201d, ul. Gen. G. Roweckiego 23<\/li>\n<\/ul>\n<p><strong>\u00a0<\/strong>Wakacyjna Akademia Literatury na ludowo! \u2013 spotkanie autorskie \u2013 Mariola Jarocka<\/p>\n<ul>\n<li>31 lipca 2019, godz. 11.00<\/li>\n<li>\u015awiat Nauki i Fantazji Zag\u0142\u0119biowskiej Mediateki, ul. Ko\u015bcielna 11<\/li>\n<\/ul>\n<p><strong>\u00a0<\/strong><\/p>\n<p style=\"text-align: center;\">Palce liza\u0107, czyli Zag\u0142\u0119bie na talerzu \u2013 warsztaty kulinarne w Maglu Kulinarnym (zapisy)<\/p>\n<ul>\n<li>7 sierpnia 2019, godz. 12.00<\/li>\n<li>Restauracja Magiel Kulinarny, ul. Warszawska 5A<\/li>\n<\/ul>\n<p><strong>\u00a0<\/strong><\/p>\n<p style=\"text-align: center;\">Wielki Turniej Legendoznawc\u00f3w<\/p>\n<ul>\n<li>19 sierpnia 2019, godz. 12.00<\/li>\n<li>Zag\u0142\u0119biowska Mediateka, ul. Ko\u015bcielna 11<\/li>\n<\/ul>\n<p style=\"text-align: center;\">Tajemnice chorzowskiego Skansenu \u2013 wycieczka + ognisko (zapisy)<\/p>\n<ul>\n<li>22 sierpnia 2019, godz.10.00<\/li>\n<\/ul>\n<p style=\"text-align: center;\"><strong>\u00a0<\/strong>Wielki Fina\u0142 Akcji Letniej \u2013 poch\u00f3d przebiera\u0144c\u00f3w, wr\u0119czenie nagr\u00f3d, piknik literacki<\/p>\n<ul>\n<li>31 sierpnia 2019, godz. 10.00<\/li>\n<li>Zag\u0142\u0119biowska Mediateka, ul. Ko\u015bcielna 11<\/li>\n<\/ul>\n<p>&nbsp;<\/p>\n<p style=\"text-align: center;\">Konkursy<\/p>\n<ul>\n<li>Selfie z legend\u0105 w tle \u2013 konkurs fotograficzny<\/li>\n<li>Legendy po naszemu \u2013 konkurs literacki<\/li>\n<li>Nie taki Bazyliszek straszny\u2026 \u2013 konkurs plastyczny<\/li>\n<li>(ZA)kr\u0119cone legendy \u2013\u00a0 dru\u017cynowy konkurs filmowy<\/li>\n<\/ul>\n<p>&nbsp;<\/p>\n<p><strong>\u00a0<\/strong><\/p>\n<p style=\"text-align: center;\">Plastyczne akcje integracyjne<\/p>\n<p><strong>\u00a0<\/strong>Legendarna mapa Polski<\/p>\n<ul>\n<li>Lipiec-sierpie\u0144<\/li>\n<li>Filia nr 1 \u2013 \u015arodula, ul. J. Kossaka 10A<\/li>\n<\/ul>\n<p>LOL &#8211; Le\u015bny Opiekun Legend<\/p>\n<ul>\n<li>Lipiec-sierpie\u0144<\/li>\n<li>Filia nr 15 \u2013 Mec, ul. S. Kisielewskiego 9A<\/li>\n<\/ul>\n<p>Organizator zastrzega sobie prawo do zmian w harmonogramie akcji letniej. Pierwsze\u0144stwo udzia\u0142u w imprezach, na kt\u00f3rych obowi\u0105zuj\u0105 zapisy, maj\u0105 dzieci bior\u0105ce aktywny udzia\u0142 w zaj\u0119ciach prowadzonych w plac\u00f3wkach MBP.<\/p>\n<p>Dzieci poni\u017cej 6. roku \u017cycia mog\u0105 uczestniczy\u0107 w zaj\u0119ciach wy\u0142\u0105cznie w towarzystwie opiekuna, JEDNAK\u017bE Organizator zastrzega, \u017ce zaj\u0119cia dostosowane b\u0119d\u0105 do poziomu dzieci w wieku 6-15 lat.<\/p>\n<p><strong>\u00a0<\/strong><\/p>\n<p style=\"text-align: center;\">S\u0141\u00d3WKO O PROJEKCIE<\/p>\n<p>\u201eZ legend\u0105 w plecaku, czyli folkowe lato z bibliotek\u0105\u201d to interdyscyplinarny projekt wakacyjny dla dzieci (6-15 lat) zach\u0119caj\u0105cy do udzia\u0142u w zaj\u0119ciach, kt\u00f3re poprzez czytanie i kreatywn\u0105 zabaw\u0119 przybli\u017c\u0105 dzieciom polskie legendy, ba\u015bnie i bajki regionalne oraz cenn\u0105 wiedz\u0119 o polskich tradycjach, obyczajach i kulturze ludowej. Dzieci wraz z bohaterami swych ulubionych ksi\u0105\u017cek, przekonaj\u0105 si\u0119 jak bogaty i zr\u00f3\u017cnicowany jest \u015bwiat rodzimego folkloru! W programie znajd\u0105 si\u0119 m.in. arcyciekawe zaj\u0119cia \u015bwietlicowe, wycieczki, konkursy, projekcje filmowe, warsztaty, spotkanie z pisarzem, akcje plenerowe. R\u00f3\u017cnorodne propozycje programowe &#8211; z zakresu literatury, filmu, plastyki, r\u0119kodzie\u0142a, kulinari\u00f3w i nowych technologii &#8211; zapewni\u0105 interesuj\u0105c\u0105 form\u0119 sp\u0119dzenia czasu w gronie r\u00f3wie\u015bnik\u00f3w, a tak\u017ce mo\u017cliwo\u015b\u0107 rozwoju pasji i wyobra\u017ani. Nie zabraknie w\u0105tk\u00f3w historycznych i etnograficznych oraz\u00a0 &#8211; przede wszystkim \u2013 wy\u015bmienitej zabawy w\u015br\u00f3d literackich symboli i wzorc\u00f3w przekazywanych z pokolenia na pokolenie.<\/p>\n<p>&nbsp;<\/p>\n<p>Celem akcji jest integracja dzieci z r\u00f3\u017cnych \u015brodowisk, rozbudzanie w nich potrzeby pog\u0142\u0119biania wiedzy, rozwijania wyobra\u017ani, fantazji i talent\u00f3w, rozw\u00f3j logicznego i kreatywnego my\u015blenia, propagowanie czytelnictwa w\u015br\u00f3d dzieci, promocja ksi\u0105\u017cek beletrystycznych i popularnonaukowych o polskiej historii, legendach, regionalnych ba\u015bniach i bajkach autorstwa polskich tw\u00f3rc\u00f3w, kszta\u0142towanie zainteresowa\u0144 kulturalnych (ze szczeg\u00f3lnym uwzgl\u0119dnieniem kultury ludowej i regionalnej), wyrabianie nawyku aktywnego uczestnictwa w kulturze, pog\u0142\u0119bianie wiedzy humanistycznej i patriotycznej. Ponadto, kreatywne zorganizowanie i wykorzystanie czasu wolnego dla dzieci sp\u0119dzaj\u0105cych wakacje w mie\u015bcie, nie zapominaj\u0105c o dobrej zabawie! Podczas naszej letniej akcji, dzieci nab\u0119d\u0105 nowe umiej\u0119tno\u015bci, odkryj\u0105 nowe pasje, ujawni\u0105 ukryte talenty. M\u0142odzi czytelnicy poznaj\u0105 plejad\u0119 literackich bohater\u00f3w z ksi\u0105\u017cek m.in.\u00a0 M. Jarockiej, W. Chotomskiej, M. Wollnego, \u0141. D\u0119bskiego, E. Piotrowskiej itp., z kt\u00f3rymi wyrusz\u0105 w pasjonuj\u0105c\u0105 podr\u00f3\u017c po Polsce. Poznaj\u0105 \u017cycie i zwyczaje ludzi zamieszkuj\u0105cych r\u00f3\u017cne zak\u0105tki naszego kraju \u2013 pasma g\u00f3rskie, wybrze\u017ce, Mazowsze, \u015al\u0105sk, Wielkopolsk\u0119, Ma\u0142opolsk\u0119, Zag\u0142\u0119bie D\u0105browskie i inne.<\/p>\n<p>&nbsp;<\/p>\n<p>Spotkania literacko-plastyczno-przygodowe odbywa\u0107 si\u0119 b\u0119d\u0105 w 20 filiach Miejskiej Biblioteki Publicznej oraz w Zag\u0142\u0119biowskiej Mediatece, trzy razy w tygodniu, w okre\u015blone dni. Ka\u017cdy tydzie\u0144 b\u0119dzie ni\u00f3s\u0142 ze sob\u0105 now\u0105 przygod\u0119 i wyzwanie. W trakcie zaj\u0119\u0107 uczestnicy poznaj\u0105 przygody bohater\u00f3w legend, a wraz z nimi liczne tajemnice polskiej historii i kultury ludowej. Podczas obcowania z postaciami literackimi i historycznymi uczestnicy naucz\u0105 si\u0119 wiele na temat nauki, historii, kultury, muzyki, sztuki i r\u0119kodzie\u0142a, ale tak\u017ce o wsp\u00f3\u0142pracy i przyja\u017ani, a dzi\u0119ki pracy w grupie rozwin\u0105 umiej\u0119tno\u015bci spo\u0142eczne i z pewno\u015bci\u0105 na d\u0142ugo zapomn\u0105 o nudzie!<\/p>\n<p>Wakacyjne spotkania z dzie\u0107mi b\u0119d\u0105 idealn\u0105 okazj\u0105 do od\u015bwie\u017cenia wspania\u0142ych pere\u0142 literatury i do odkrycia najnowszych publikacji polskich autor\u00f3w.<\/p>\n<p>&nbsp;<\/p>\n<p>MAMY SOLIDNE WSPARCIE\u00a0\u00a0\u00a0\u00a0\u00a0\u00a0\u00a0\u00a0<strong>\u00a0\u00a0\u00a0\u00a0\u00a0\u00a0\u00a0\u00a0 <\/strong><\/p>\n<p>Honorowym patronatem letni\u0105 akcj\u0119 obj\u0105\u0142 Prezydent Miasta Sosnowca \u2013 Arkadiusz Ch\u0119ci\u0144ski. We wsp\u00f3\u0142prac\u0119 zaanga\u017cowali si\u0119: Restauracja Magiel Kulinarny w Sosnowcu, Teatr Zag\u0142\u0119bia w Sosnowcu, Centrum Informacji Miejskiej w Sosnowcu, Stowarzyszenie Kocia Becia, TV Studio Film\u00f3w Animowanych w Poznaniu. Patronat medialny zapewniaj\u0105: TVP Katowice, Zag\u0142\u0119bie.fm, Kurier Miejski, Wiadomo\u015bci Zag\u0142\u0119bia, CzasDzieci.pl, Sosnowiec.pl, Sosnowiecki.pl, SilesiaDzieci.pl, MiastoDzieci.pl; a cz\u0119\u015b\u0107 nagr\u00f3d funduj\u0105: Kino Helios w Sosnowcu, Laserhouse Sosnowiec, Sport Poziom 450 w Sosnowcu, Wydawnictwo Literatura z \u0141odzi, Wydawnictwo Media Rodzina z Poznania, Wydawnictwo Akapit Press z \u0141odzi, Wydawnictwo Egmont z Warszawy, DVD MAX Sp. z o. o. z Konina oraz Ksi\u0119garnia i Hurtownia Taniej Ksi\u0105\u017cki i Wydawnictwo IBIS z \u017bychlina.<\/p>\n<p>&nbsp;<\/p>\n<p><strong><a href=\"https:\/\/slaskipegaz.bs.katowice.pl\/wp-content\/uploads\/2019\/06\/mkidn_01_cmyk.jpg\"><img loading=\"lazy\" decoding=\"async\" class=\" wp-image-17161 alignleft\" src=\"https:\/\/slaskipegaz.bs.katowice.pl\/wp-content\/uploads\/2019\/06\/mkidn_01_cmyk-300x300.jpg\" alt=\"\" width=\"158\" height=\"158\" srcset=\"https:\/\/slaskipegaz.bs.katowice.pl\/wp-content\/uploads\/2019\/06\/mkidn_01_cmyk-300x300.jpg 300w, https:\/\/slaskipegaz.bs.katowice.pl\/wp-content\/uploads\/2019\/06\/mkidn_01_cmyk-150x150.jpg 150w, https:\/\/slaskipegaz.bs.katowice.pl\/wp-content\/uploads\/2019\/06\/mkidn_01_cmyk-768x768.jpg 768w, https:\/\/slaskipegaz.bs.katowice.pl\/wp-content\/uploads\/2019\/06\/mkidn_01_cmyk-1024x1024.jpg 1024w, https:\/\/slaskipegaz.bs.katowice.pl\/wp-content\/uploads\/2019\/06\/mkidn_01_cmyk.jpg 1323w\" sizes=\"auto, (max-width: 158px) 100vw, 158px\" \/><\/a><\/strong>Projekt dofinansowano ze \u015brodk\u00f3w Ministra Kultury i Dziedzictwa Narodowego pochodz\u0105cych z Funduszu Promocji Kultury.<\/p>\n<p>&nbsp;<\/p>\n","protected":false},"excerpt":{"rendered":"<p>\u00a0\u201eZ legend\u0105 w plecaku, czyli folkowe lato z bibliotek\u0105\u201d \u2013 akcja letnia Wakacje 2019 w Miejskiej Bibliotece Publicznej w Sosnowcu zapowiadaj\u0105 si\u0119 niezwykle ciekawie. Dlaczego? Wszystko za spraw\u0105 organizowanej przez Ksi\u0105\u017cnic\u0119 &#8211; kolejny rok z rz\u0119du &#8211; akcji letniej, przeznaczonej specjalnie dla dzieci sp\u0119dzaj\u0105cych wakacje w mie\u015bcie. W ramach trwaj\u0105cego od 1 lipca do 31 &hellip; <a href=\"https:\/\/slaskipegaz.bs.katowice.pl\/?p=17250\" class=\"more-link\">Czytaj dalej <span class=\"screen-reader-text\">[Zapowied\u017a] MIEJSKA BIBLIOTEKA PUBLICZNA W SOSNOWCU<\/span> <span class=\"meta-nav\">&rarr;<\/span><\/a><\/p>\n","protected":false},"author":3,"featured_media":0,"comment_status":"closed","ping_status":"closed","sticky":false,"template":"","format":"standard","meta":{"_acf_changed":false,"_exactmetrics_skip_tracking":false,"_exactmetrics_sitenote_active":false,"_exactmetrics_sitenote_note":"","_exactmetrics_sitenote_category":0,"footnotes":""},"categories":[1828],"tags":[146,304],"class_list":["post-17250","post","type-post","status-publish","format-standard","hentry","category-nr-58-lipiec-2019","tag-miejska-biblioteka-publiczna-w-sosnowcu","tag-wakacje-w-bibliotece"],"acf":[],"jetpack_featured_media_url":"","_links":{"self":[{"href":"https:\/\/slaskipegaz.bs.katowice.pl\/index.php?rest_route=\/wp\/v2\/posts\/17250","targetHints":{"allow":["GET"]}}],"collection":[{"href":"https:\/\/slaskipegaz.bs.katowice.pl\/index.php?rest_route=\/wp\/v2\/posts"}],"about":[{"href":"https:\/\/slaskipegaz.bs.katowice.pl\/index.php?rest_route=\/wp\/v2\/types\/post"}],"author":[{"embeddable":true,"href":"https:\/\/slaskipegaz.bs.katowice.pl\/index.php?rest_route=\/wp\/v2\/users\/3"}],"replies":[{"embeddable":true,"href":"https:\/\/slaskipegaz.bs.katowice.pl\/index.php?rest_route=%2Fwp%2Fv2%2Fcomments&post=17250"}],"version-history":[{"count":1,"href":"https:\/\/slaskipegaz.bs.katowice.pl\/index.php?rest_route=\/wp\/v2\/posts\/17250\/revisions"}],"predecessor-version":[{"id":17252,"href":"https:\/\/slaskipegaz.bs.katowice.pl\/index.php?rest_route=\/wp\/v2\/posts\/17250\/revisions\/17252"}],"wp:attachment":[{"href":"https:\/\/slaskipegaz.bs.katowice.pl\/index.php?rest_route=%2Fwp%2Fv2%2Fmedia&parent=17250"}],"wp:term":[{"taxonomy":"category","embeddable":true,"href":"https:\/\/slaskipegaz.bs.katowice.pl\/index.php?rest_route=%2Fwp%2Fv2%2Fcategories&post=17250"},{"taxonomy":"post_tag","embeddable":true,"href":"https:\/\/slaskipegaz.bs.katowice.pl\/index.php?rest_route=%2Fwp%2Fv2%2Ftags&post=17250"}],"curies":[{"name":"wp","href":"https:\/\/api.w.org\/{rel}","templated":true}]}}