{"id":17276,"date":"2019-06-24T08:49:51","date_gmt":"2019-06-24T06:49:51","guid":{"rendered":"http:\/\/slaskipegaz.bs.katowice.pl\/?p=17276"},"modified":"2019-06-24T08:49:51","modified_gmt":"2019-06-24T06:49:51","slug":"zapowiedz-miejska-biblioteka-publiczna-w-wisle-2","status":"publish","type":"post","link":"https:\/\/slaskipegaz.bs.katowice.pl\/?p=17276","title":{"rendered":"[Zapowied\u017a] MIEJSKA BIBLIOTEKA PUBLICZNA W WI\u015aLE"},"content":{"rendered":"<p><a href=\"https:\/\/slaskipegaz.bs.katowice.pl\/wp-content\/uploads\/2019\/06\/wak_2019.jpg\"><img loading=\"lazy\" decoding=\"async\" class=\"size-medium wp-image-17277 alignleft\" src=\"https:\/\/slaskipegaz.bs.katowice.pl\/wp-content\/uploads\/2019\/06\/wak_2019-212x300.jpg\" alt=\"plakat\" width=\"212\" height=\"300\" srcset=\"https:\/\/slaskipegaz.bs.katowice.pl\/wp-content\/uploads\/2019\/06\/wak_2019-212x300.jpg 212w, https:\/\/slaskipegaz.bs.katowice.pl\/wp-content\/uploads\/2019\/06\/wak_2019-768x1086.jpg 768w, https:\/\/slaskipegaz.bs.katowice.pl\/wp-content\/uploads\/2019\/06\/wak_2019-724x1024.jpg 724w, https:\/\/slaskipegaz.bs.katowice.pl\/wp-content\/uploads\/2019\/06\/wak_2019.jpg 1024w\" sizes=\"auto, (max-width: 212px) 100vw, 212px\" \/><\/a>Miejska Biblioteka Publiczna im. J. \u015aniegonia w Wi\u015ble serdecznie zaprasza na prelekcje i wyk\u0142ady z cyklu <em>WAKACYJNA AKADEMIA KULTURY 2019 \u015al\u0105sk. Autoidentyfikacja<\/em>.<!--more--><\/p>\n<p>&nbsp;<\/p>\n<p><u>W programie:<\/u><u>\u00a0<\/u><\/p>\n<p>4 lipca: prof. dr hab. Jolanta Tambor, Na \u015al\u0105sku, po \u015bl\u0105sku, o \u015al\u0105sku \u2013 dylematy wyk\u0142adowcy<\/p>\n<p>11 lipca: prof. dr hab. Dariusz Rott, Z dziej\u00f3w jednego \u015bl\u0105skiego rodu. Gaw\u0119da genetyczno-historyczno-filologiczna<\/p>\n<p>18 lipca: prof. dr hab. Ryszard Kaczmarek, \u015al\u0105sk Cieszy\u0144ski a powstania \u015bl\u0105skie<\/p>\n<p><em>\u00a0<\/em>25 lipca: prof. nadzw. dr hab. Maria Szmeja, Jedna czy wiele historii \u015al\u0105ska?<\/p>\n<p>Spotkania odbywaj\u0105 si\u0119 w sali g\u0142\u00f3wnej biblioteki na I pi\u0119trze w budynku Domu Zdrojowego pl. Hoffa 3 o godz. 16.00. Wst\u0119p wolny.<\/p>\n<p>S E R D E C Z N I E\u00a0 Z A P R A S Z A M Y<\/p>\n","protected":false},"excerpt":{"rendered":"<p>Miejska Biblioteka Publiczna im. J. \u015aniegonia w Wi\u015ble serdecznie zaprasza na prelekcje i wyk\u0142ady z cyklu WAKACYJNA AKADEMIA KULTURY 2019 \u015al\u0105sk. Autoidentyfikacja.<\/p>\n","protected":false},"author":3,"featured_media":0,"comment_status":"closed","ping_status":"closed","sticky":false,"template":"","format":"standard","meta":{"_acf_changed":false,"_exactmetrics_skip_tracking":false,"_exactmetrics_sitenote_active":false,"_exactmetrics_sitenote_note":"","_exactmetrics_sitenote_category":0,"footnotes":""},"categories":[6],"tags":[35,308],"class_list":["post-17276","post","type-post","status-publish","format-standard","hentry","category-aktualnosci","tag-miejska-biblioteka-publiczna-w-wisle","tag-wakacyjna-akademia-kultury"],"acf":[],"jetpack_featured_media_url":"","_links":{"self":[{"href":"https:\/\/slaskipegaz.bs.katowice.pl\/index.php?rest_route=\/wp\/v2\/posts\/17276","targetHints":{"allow":["GET"]}}],"collection":[{"href":"https:\/\/slaskipegaz.bs.katowice.pl\/index.php?rest_route=\/wp\/v2\/posts"}],"about":[{"href":"https:\/\/slaskipegaz.bs.katowice.pl\/index.php?rest_route=\/wp\/v2\/types\/post"}],"author":[{"embeddable":true,"href":"https:\/\/slaskipegaz.bs.katowice.pl\/index.php?rest_route=\/wp\/v2\/users\/3"}],"replies":[{"embeddable":true,"href":"https:\/\/slaskipegaz.bs.katowice.pl\/index.php?rest_route=%2Fwp%2Fv2%2Fcomments&post=17276"}],"version-history":[{"count":1,"href":"https:\/\/slaskipegaz.bs.katowice.pl\/index.php?rest_route=\/wp\/v2\/posts\/17276\/revisions"}],"predecessor-version":[{"id":17278,"href":"https:\/\/slaskipegaz.bs.katowice.pl\/index.php?rest_route=\/wp\/v2\/posts\/17276\/revisions\/17278"}],"wp:attachment":[{"href":"https:\/\/slaskipegaz.bs.katowice.pl\/index.php?rest_route=%2Fwp%2Fv2%2Fmedia&parent=17276"}],"wp:term":[{"taxonomy":"category","embeddable":true,"href":"https:\/\/slaskipegaz.bs.katowice.pl\/index.php?rest_route=%2Fwp%2Fv2%2Fcategories&post=17276"},{"taxonomy":"post_tag","embeddable":true,"href":"https:\/\/slaskipegaz.bs.katowice.pl\/index.php?rest_route=%2Fwp%2Fv2%2Ftags&post=17276"}],"curies":[{"name":"wp","href":"https:\/\/api.w.org\/{rel}","templated":true}]}}