{"id":17365,"date":"2019-07-05T12:20:44","date_gmt":"2019-07-05T10:20:44","guid":{"rendered":"http:\/\/slaskipegaz.bs.katowice.pl\/?p=17365"},"modified":"2019-07-05T12:20:44","modified_gmt":"2019-07-05T10:20:44","slug":"zapowiedz-miejska-i-powiatowa-biblioteka-publiczna-w-zawierciu","status":"publish","type":"post","link":"https:\/\/slaskipegaz.bs.katowice.pl\/?p=17365","title":{"rendered":"[Zapowied\u017a] MIEJSKA I POWIATOWA BIBLIOTEKA PUBLICZNA W ZAWIERCIU"},"content":{"rendered":"<h6 style=\"text-align: center;\">Ksi\u0105\u017cka na wakacjach: konkurs fotograficzny<\/h6>\n<p><a href=\"https:\/\/slaskipegaz.bs.katowice.pl\/wp-content\/uploads\/2019\/07\/Konkurs-fotograficzny-1.jpg\"><img loading=\"lazy\" decoding=\"async\" class=\"size-medium wp-image-17366 alignleft\" src=\"https:\/\/slaskipegaz.bs.katowice.pl\/wp-content\/uploads\/2019\/07\/Konkurs-fotograficzny-1-300x213.jpg\" alt=\"PLAKAT\" width=\"300\" height=\"213\" srcset=\"https:\/\/slaskipegaz.bs.katowice.pl\/wp-content\/uploads\/2019\/07\/Konkurs-fotograficzny-1-300x213.jpg 300w, https:\/\/slaskipegaz.bs.katowice.pl\/wp-content\/uploads\/2019\/07\/Konkurs-fotograficzny-1.jpg 559w\" sizes=\"auto, (max-width: 300px) 100vw, 300px\" \/><\/a>Miejska i Powiatowa Biblioteka Publiczna w Zawierciu zaprasza czytelnik\u00f3w i bibliotekarzy do udzia\u0142u w konkursie fotograficznym <em>Ksi\u0105\u017cka na wakacjach.<\/em> Zdj\u0119cia mo\u017cna nadsy\u0142a\u0107 do 13 wrze\u015bnia br. Wi\u0119cej informacji na stronie Biblioteki w Zawierciu.<\/p>\n","protected":false},"excerpt":{"rendered":"<p>Ksi\u0105\u017cka na wakacjach: konkurs fotograficzny Miejska i Powiatowa Biblioteka Publiczna w Zawierciu zaprasza czytelnik\u00f3w i bibliotekarzy do udzia\u0142u w konkursie fotograficznym Ksi\u0105\u017cka na wakacjach. Zdj\u0119cia mo\u017cna nadsy\u0142a\u0107 do 13 wrze\u015bnia br. Wi\u0119cej informacji na stronie Biblioteki w Zawierciu.<\/p>\n","protected":false},"author":3,"featured_media":0,"comment_status":"open","ping_status":"open","sticky":false,"template":"","format":"standard","meta":{"_acf_changed":false,"_exactmetrics_skip_tracking":false,"_exactmetrics_sitenote_active":false,"_exactmetrics_sitenote_note":"","_exactmetrics_sitenote_category":0,"footnotes":""},"categories":[1828],"tags":[312,110],"class_list":["post-17365","post","type-post","status-publish","format-standard","hentry","category-nr-58-lipiec-2019","tag-konkurs-fotograficzny","tag-miejska-i-powiatowa-biblioteka-publiczna-w-zawierciu"],"acf":[],"jetpack_featured_media_url":"","_links":{"self":[{"href":"https:\/\/slaskipegaz.bs.katowice.pl\/index.php?rest_route=\/wp\/v2\/posts\/17365","targetHints":{"allow":["GET"]}}],"collection":[{"href":"https:\/\/slaskipegaz.bs.katowice.pl\/index.php?rest_route=\/wp\/v2\/posts"}],"about":[{"href":"https:\/\/slaskipegaz.bs.katowice.pl\/index.php?rest_route=\/wp\/v2\/types\/post"}],"author":[{"embeddable":true,"href":"https:\/\/slaskipegaz.bs.katowice.pl\/index.php?rest_route=\/wp\/v2\/users\/3"}],"replies":[{"embeddable":true,"href":"https:\/\/slaskipegaz.bs.katowice.pl\/index.php?rest_route=%2Fwp%2Fv2%2Fcomments&post=17365"}],"version-history":[{"count":1,"href":"https:\/\/slaskipegaz.bs.katowice.pl\/index.php?rest_route=\/wp\/v2\/posts\/17365\/revisions"}],"predecessor-version":[{"id":17367,"href":"https:\/\/slaskipegaz.bs.katowice.pl\/index.php?rest_route=\/wp\/v2\/posts\/17365\/revisions\/17367"}],"wp:attachment":[{"href":"https:\/\/slaskipegaz.bs.katowice.pl\/index.php?rest_route=%2Fwp%2Fv2%2Fmedia&parent=17365"}],"wp:term":[{"taxonomy":"category","embeddable":true,"href":"https:\/\/slaskipegaz.bs.katowice.pl\/index.php?rest_route=%2Fwp%2Fv2%2Fcategories&post=17365"},{"taxonomy":"post_tag","embeddable":true,"href":"https:\/\/slaskipegaz.bs.katowice.pl\/index.php?rest_route=%2Fwp%2Fv2%2Ftags&post=17365"}],"curies":[{"name":"wp","href":"https:\/\/api.w.org\/{rel}","templated":true}]}}