{"id":17393,"date":"2019-07-29T09:15:52","date_gmt":"2019-07-29T07:15:52","guid":{"rendered":"http:\/\/slaskipegaz.bs.katowice.pl\/?p=17393"},"modified":"2019-07-29T09:15:52","modified_gmt":"2019-07-29T07:15:52","slug":"zapowiedz-miejska-biblioteka-publiczna-w-sosnowcu-20","status":"publish","type":"post","link":"https:\/\/slaskipegaz.bs.katowice.pl\/?p=17393","title":{"rendered":"[Zapowied\u017a] MIEJSKA BIBLIOTEKA PUBLICZNA W SOSNOWCU"},"content":{"rendered":"<h6 style=\"text-align: center;\"><strong>Ba\u015bnie i bajki polskie na wielkim ekranie<\/strong><\/h6>\n<p><a href=\"https:\/\/slaskipegaz.bs.katowice.pl\/wp-content\/uploads\/2019\/07\/ba\u015bnie-i-bajki-na-ekranie_plakat-1.jpg\"><img loading=\"lazy\" decoding=\"async\" class=\"size-medium wp-image-17394 alignleft\" src=\"https:\/\/slaskipegaz.bs.katowice.pl\/wp-content\/uploads\/2019\/07\/ba\u015bnie-i-bajki-na-ekranie_plakat-1-211x300.jpg\" alt=\"wakacje\" width=\"211\" height=\"300\" srcset=\"https:\/\/slaskipegaz.bs.katowice.pl\/wp-content\/uploads\/2019\/07\/ba\u015bnie-i-bajki-na-ekranie_plakat-1-211x300.jpg 211w, https:\/\/slaskipegaz.bs.katowice.pl\/wp-content\/uploads\/2019\/07\/ba\u015bnie-i-bajki-na-ekranie_plakat-1-768x1094.jpg 768w, https:\/\/slaskipegaz.bs.katowice.pl\/wp-content\/uploads\/2019\/07\/ba\u015bnie-i-bajki-na-ekranie_plakat-1-719x1024.jpg 719w, https:\/\/slaskipegaz.bs.katowice.pl\/wp-content\/uploads\/2019\/07\/ba\u015bnie-i-bajki-na-ekranie_plakat-1.jpg 1000w\" sizes=\"auto, (max-width: 211px) 100vw, 211px\" \/><\/a>Miejska Biblioteka Publiczna w Sosnowcu serdecznie zaprasza wszystkie dzieci i ich opiekun\u00f3w na cotygodniowe bezp\u0142atne projekcje filmowe odbywaj\u0105ce si\u0119 w Auli Zag\u0142\u0119biowskiej Mediateki przy ul. Ko\u015bcielnej 11. W ka\u017cdy wtorek lipca i sierpnia o godz. 11.00 zaprezentowane zostan\u0105 zestawy bajeczek kr\u00f3tkometra\u017cowych, stworzonych na podstawie polskich legend i poda\u0144. Ka\u017cdy pokaz potrwa ok. 50 minut.<!--more--><\/p>\n<p>W ramach akcji letniej \u201eZ legend\u0105 w plecaku, czyli folkowe lato z bibliotek\u0105\u201d odb\u0119dzie si\u0119 9 seans\u00f3w filmowych (9 x 4 bajki). W odcinkach zostanie zaprezentowany polski serial animowany, kt\u00f3ry powsta\u0142 w latach 2002\u20132017 w Telewizyjnym Studiu Film\u00f3w Animowanych w Poznaniu, pod okiem Ewy Sobolewskiej.<\/p>\n<p>Seri\u0119 tworzy\u0142o wielu znakomitych polskich artyst\u00f3w: grafik\u00f3w, re\u017cyser\u00f3w, scenarzyst\u00f3w, muzyk\u00f3w m. in.: Zbigniew Kotecki, Witold Giersz, Robert Tur\u0142o, Jacek Adamczak, Andrzej Gosieniecki, Zbigniew Kozub, Aniela Lubieniecka, Krzysztof Napiera\u0142a, Artur Wrotniewski, Hieronim Neumann i Jacek Kasprzycki. Serial zosta\u0142 oparty na motywach polskich ba\u015bni, bajek i legend.<\/p>\n<p>Dzi\u0119ki swojej otwartej formie poszczeg\u00f3lne cz\u0119\u015bci r\u00f3\u017cni\u0105 si\u0119 mi\u0119dzy sob\u0105 stylistyk\u0105 i estetyk\u0105, tym samym pokazuj\u0105c bogactwo artystyczne i r\u00f3\u017cnorodno\u015b\u0107 interpretacyjn\u0105. Seria zdoby\u0142a wiele nagr\u00f3d na polskich i mi\u0119dzynarodowych festiwalach.<\/p>\n<p style=\"text-align: center;\"><strong>Repertuar:<\/strong><\/p>\n<p>30 lipca:<\/p>\n<ol>\n<li>Z\u0141OTA JAB\u0141O\u0143, re\u017cyseria Joanna Jasi\u0144ska Koronkiewicz<\/li>\n<li>DAR SKARBNIKA, re\u017cyseria Robert Tur\u0142o<\/li>\n<li>KR\u00d3L KRUK\u00d3W, re\u017cyseria Jacek Adamczak<\/li>\n<li>KORALE CZAROWNICY, re\u017cyseria Aniela Lubieniecka<\/li>\n<\/ol>\n<p>6 sierpnia:<\/p>\n<ol>\n<li>ZIMOWE WR\u00d3\u017bKI, re\u017cyseria Anna Dudek<\/li>\n<li>PASTERZ TYSI\u0104CA ZAJ\u0118CY, re\u017cyseria Zuzanna Krzysik<\/li>\n<li>ZUZANKA I UTOPCE, re\u017cyseria Monika Martini Madej<\/li>\n<li>BURSZTYNOWA KORONA, re\u017cyseria Pawe\u0142 Czarzasty<\/li>\n<\/ol>\n<p>13 sierpnia:<\/p>\n<ol>\n<li>O ZEFLIKU I SMOKU, re\u017cyseria Andrzej Kuku\u0142a<\/li>\n<li>POZNA\u0143SKIE KOZIO\u0141KI, re\u017cyseria Jacek Adamczak<\/li>\n<li>O BARTKU DOKTORZE, re\u017cyseria Andrzej Kuku\u0142a<\/li>\n<li>\u017bYWA WODA, re\u017cyseria Witold Giersz<\/li>\n<\/ol>\n<p>20 sierpnia:<\/p>\n<ol>\n<li>LODOWA G\u00d3RA, re\u017cyseria Robert Tur\u0142o<\/li>\n<li>DWANA\u015aCIE MIESI\u0118CY, re\u017cyseria Zbigniew Kotecki<\/li>\n<li>BAZYLISZEK, re\u017cyseria Andrzej Kuku\u0142a<\/li>\n<li>O KOWALU I DIABLE, re\u017cyseria Jacek Adamczak<\/li>\n<\/ol>\n<p>27 sierpnia:<\/p>\n<ol>\n<li>KRAWIEC NITECZKA, re\u017cyseria Andrzej Gosieniecki<\/li>\n<li>O KR\u00d3LEWNIE ZAKL\u0118TEJ W \u017bAB\u0118, re\u017cyseria Robert Tur\u0142o<\/li>\n<li>ZACZAROWANE PANTOFELKI, re\u017cyseria Aniela Lubieniecka<\/li>\n<li>SMOK WAWELSKI, re\u017cyseria Anna Dudek<\/li>\n<\/ol>\n<p><strong>\u00a0<\/strong><\/p>\n<p><strong>Projekt dofinansowano ze \u015brodk\u00f3w Ministra Kultury i Dziedzictwa Narodowego pochodz\u0105cych z Funduszu Promocji Kultury.<\/strong><\/p>\n<p>Program akcji letniej \u201eZ legend\u0105 w plecaku, czyli folkowe lato z bibliotek\u0105\u201d dost\u0119pny m.in. na stronie www.biblioteka.sosnowiec.pl<\/p>\n","protected":false},"excerpt":{"rendered":"<p>Ba\u015bnie i bajki polskie na wielkim ekranie Miejska Biblioteka Publiczna w Sosnowcu serdecznie zaprasza wszystkie dzieci i ich opiekun\u00f3w na cotygodniowe bezp\u0142atne projekcje filmowe odbywaj\u0105ce si\u0119 w Auli Zag\u0142\u0119biowskiej Mediateki przy ul. Ko\u015bcielnej 11. W ka\u017cdy wtorek lipca i sierpnia o godz. 11.00 zaprezentowane zostan\u0105 zestawy bajeczek kr\u00f3tkometra\u017cowych, stworzonych na podstawie polskich legend i poda\u0144. &hellip; <a href=\"https:\/\/slaskipegaz.bs.katowice.pl\/?p=17393\" class=\"more-link\">Czytaj dalej <span class=\"screen-reader-text\">[Zapowied\u017a] MIEJSKA BIBLIOTEKA PUBLICZNA W SOSNOWCU<\/span> <span class=\"meta-nav\">&rarr;<\/span><\/a><\/p>\n","protected":false},"author":3,"featured_media":0,"comment_status":"closed","ping_status":"closed","sticky":false,"template":"","format":"standard","meta":{"_acf_changed":false,"_exactmetrics_skip_tracking":false,"_exactmetrics_sitenote_active":false,"_exactmetrics_sitenote_note":"","_exactmetrics_sitenote_category":0,"footnotes":""},"categories":[6,1855],"tags":[146,304],"class_list":["post-17393","post","type-post","status-publish","format-standard","hentry","category-aktualnosci","category-nr-59-sierpien-2019","tag-miejska-biblioteka-publiczna-w-sosnowcu","tag-wakacje-w-bibliotece"],"acf":[],"jetpack_featured_media_url":"","_links":{"self":[{"href":"https:\/\/slaskipegaz.bs.katowice.pl\/index.php?rest_route=\/wp\/v2\/posts\/17393","targetHints":{"allow":["GET"]}}],"collection":[{"href":"https:\/\/slaskipegaz.bs.katowice.pl\/index.php?rest_route=\/wp\/v2\/posts"}],"about":[{"href":"https:\/\/slaskipegaz.bs.katowice.pl\/index.php?rest_route=\/wp\/v2\/types\/post"}],"author":[{"embeddable":true,"href":"https:\/\/slaskipegaz.bs.katowice.pl\/index.php?rest_route=\/wp\/v2\/users\/3"}],"replies":[{"embeddable":true,"href":"https:\/\/slaskipegaz.bs.katowice.pl\/index.php?rest_route=%2Fwp%2Fv2%2Fcomments&post=17393"}],"version-history":[{"count":1,"href":"https:\/\/slaskipegaz.bs.katowice.pl\/index.php?rest_route=\/wp\/v2\/posts\/17393\/revisions"}],"predecessor-version":[{"id":17395,"href":"https:\/\/slaskipegaz.bs.katowice.pl\/index.php?rest_route=\/wp\/v2\/posts\/17393\/revisions\/17395"}],"wp:attachment":[{"href":"https:\/\/slaskipegaz.bs.katowice.pl\/index.php?rest_route=%2Fwp%2Fv2%2Fmedia&parent=17393"}],"wp:term":[{"taxonomy":"category","embeddable":true,"href":"https:\/\/slaskipegaz.bs.katowice.pl\/index.php?rest_route=%2Fwp%2Fv2%2Fcategories&post=17393"},{"taxonomy":"post_tag","embeddable":true,"href":"https:\/\/slaskipegaz.bs.katowice.pl\/index.php?rest_route=%2Fwp%2Fv2%2Ftags&post=17393"}],"curies":[{"name":"wp","href":"https:\/\/api.w.org\/{rel}","templated":true}]}}