{"id":17481,"date":"2019-07-30T07:50:58","date_gmt":"2019-07-30T05:50:58","guid":{"rendered":"http:\/\/slaskipegaz.bs.katowice.pl\/?p=17481"},"modified":"2019-08-09T12:22:07","modified_gmt":"2019-08-09T10:22:07","slug":"relacja-miejska-biblioteka-publiczna-w-wisle-48","status":"publish","type":"post","link":"https:\/\/slaskipegaz.bs.katowice.pl\/?p=17481","title":{"rendered":"[Relacja] MIEJSKA BIBLIOTEKA PUBLICZNA W WI\u015aLE"},"content":{"rendered":"<h6 style=\"text-align: center;\">Letnia Akademia Zabawy<\/h6>\n<p><a href=\"https:\/\/slaskipegaz.bs.katowice.pl\/wp-content\/uploads\/2019\/07\/29nawww_laz-300x200.jpg\"><img loading=\"lazy\" decoding=\"async\" class=\"size-medium wp-image-17482 alignleft\" src=\"https:\/\/slaskipegaz.bs.katowice.pl\/wp-content\/uploads\/2019\/07\/29nawww_laz-300x200-300x200.jpg\" alt=\"wakacje\" width=\"300\" height=\"200\" \/><\/a>Miejska Biblioteka Publiczna w\u00a0Wi\u015ble ju\u017c po\u00a0raz trzeci zorganizowa\u0142a wakacyjne zaj\u0119cia czytelniczo-plastyczne dla dzieci z\u00a0Wis\u0142y i\u00a0okolic. M\u0142odzi czytelnicy spotykali si\u0119 w\u00a0dniach od\u00a01-5 lipca 2019 r. tym razem poznaj\u0105c pi\u0119kn\u0105 ba\u015b\u0144 Zofii Kossak pt.\u00a0\u201ePrzygody Kacperka g\u00f3reckiego skrzata\u201d.\u00a0<!--more--><\/p>\n<p>Podczas pierwszych czterech dni uczestnicy sp\u0119dzali czas na\u00a0wsp\u00f3lnej zabawie, wykonywaniu prac plastycznych i\u00a0rozgrywkach dru\u017cynowych. Natomiast w\u00a0ostatnim dniu grupa wybra\u0142a si\u0119 na\u00a0wycieczk\u0119 autokarow\u0105 do\u00a0Dworu Kossak\u00f3w w\u00a0G\u00f3rkach Wielkich, gdzie \u017cy\u0142a i\u00a0tworzy\u0142a Zofia Kossak, a\u00a0jednocze\u015bnie do\u00a0miejsca, w\u00a0kt\u00f3rym\u00a0toczy\u0142a si\u0119 akcja omawianej ba\u015bni. Uczestnicy Letniej Akademii Zabawy wzi\u0119li udzia\u0142 w\u00a0grze terenowej w\u00a0parku wok\u00f3\u0142 dworu, a\u00a0p\u00f3\u017aniej udali si\u0119 do\u00a0obserwatorium nietoperzy w\u00a0Brennej. Na\u00a0zako\u0144czenie ka\u017cde dziecko otrzyma\u0142o od\u00a0biblioteki pami\u0105tkowy egzemplarz ba\u015bni, co zapewne przyczyni si\u0119 do\u00a0jeszcze wi\u0119kszego spopularyzowania przyg\u00f3d skrzacika Kacperka.<\/p>\n<p><a href=\"https:\/\/slaskipegaz.bs.katowice.pl\/wp-content\/uploads\/2019\/07\/16nawww_laz-300x200.jpg\"><img loading=\"lazy\" decoding=\"async\" class=\"aligncenter size-medium wp-image-17483\" src=\"https:\/\/slaskipegaz.bs.katowice.pl\/wp-content\/uploads\/2019\/07\/16nawww_laz-300x200-300x200.jpg\" alt=\"wakacje\" width=\"300\" height=\"200\" \/><\/a><a href=\"https:\/\/slaskipegaz.bs.katowice.pl\/wp-content\/uploads\/2019\/07\/40nawww_laz-300x200.jpg\"><img loading=\"lazy\" decoding=\"async\" class=\"aligncenter size-medium wp-image-17484\" src=\"https:\/\/slaskipegaz.bs.katowice.pl\/wp-content\/uploads\/2019\/07\/40nawww_laz-300x200-300x200.jpg\" alt=\"wakacje\" width=\"300\" height=\"200\" \/><\/a><a href=\"https:\/\/slaskipegaz.bs.katowice.pl\/wp-content\/uploads\/2019\/07\/66nawww_laz-300x200.jpg\"><img loading=\"lazy\" decoding=\"async\" class=\"aligncenter size-medium wp-image-17485\" src=\"https:\/\/slaskipegaz.bs.katowice.pl\/wp-content\/uploads\/2019\/07\/66nawww_laz-300x200-300x200.jpg\" alt=\"wakacje\" width=\"300\" height=\"200\" \/><\/a><\/p>\n<p>Dzi\u0119kujemy wszystkim, kt\u00f3rzy\u00a0wsparli nasze dzia\u0142ania: Panu Robertowi Baronowi \u201eIce Coffe Wis\u0142a\u201d za\u00a0ufundowanie lod\u00f3w dla uczestnik\u00f3w zaj\u0119\u0107, Panu Grzegorzowi Osi\u0144skiemu za\u00a0owoce, Pani Joannie Bolechowicz-\u015awierczek za\u00a0pomoc w\u00a0opiece nad\u00a0dzie\u0107mi w\u00a0czasie wycieczki oraz\u00a0Marcie \u015aliwce za\u00a0pomoc w\u00a0realizacji zabaw dla uczestnik\u00f3w akademii.<\/p>\n<p>Nades\u0142a\u0142a: Monika \u015aliwka<\/p>\n","protected":false},"excerpt":{"rendered":"<p>Letnia Akademia Zabawy Miejska Biblioteka Publiczna w\u00a0Wi\u015ble ju\u017c po\u00a0raz trzeci zorganizowa\u0142a wakacyjne zaj\u0119cia czytelniczo-plastyczne dla dzieci z\u00a0Wis\u0142y i\u00a0okolic. M\u0142odzi czytelnicy spotykali si\u0119 w\u00a0dniach od\u00a01-5 lipca 2019 r. tym razem poznaj\u0105c pi\u0119kn\u0105 ba\u015b\u0144 Zofii Kossak pt.\u00a0\u201ePrzygody Kacperka g\u00f3reckiego skrzata\u201d.\u00a0<\/p>\n","protected":false},"author":3,"featured_media":0,"comment_status":"closed","ping_status":"closed","sticky":false,"template":"","format":"standard","meta":{"_acf_changed":false,"_exactmetrics_skip_tracking":false,"_exactmetrics_sitenote_active":false,"_exactmetrics_sitenote_note":"","_exactmetrics_sitenote_category":0,"footnotes":""},"categories":[1855],"tags":[35,304],"class_list":["post-17481","post","type-post","status-publish","format-standard","hentry","category-nr-59-sierpien-2019","tag-miejska-biblioteka-publiczna-w-wisle","tag-wakacje-w-bibliotece"],"acf":[],"jetpack_featured_media_url":"","_links":{"self":[{"href":"https:\/\/slaskipegaz.bs.katowice.pl\/index.php?rest_route=\/wp\/v2\/posts\/17481","targetHints":{"allow":["GET"]}}],"collection":[{"href":"https:\/\/slaskipegaz.bs.katowice.pl\/index.php?rest_route=\/wp\/v2\/posts"}],"about":[{"href":"https:\/\/slaskipegaz.bs.katowice.pl\/index.php?rest_route=\/wp\/v2\/types\/post"}],"author":[{"embeddable":true,"href":"https:\/\/slaskipegaz.bs.katowice.pl\/index.php?rest_route=\/wp\/v2\/users\/3"}],"replies":[{"embeddable":true,"href":"https:\/\/slaskipegaz.bs.katowice.pl\/index.php?rest_route=%2Fwp%2Fv2%2Fcomments&post=17481"}],"version-history":[{"count":1,"href":"https:\/\/slaskipegaz.bs.katowice.pl\/index.php?rest_route=\/wp\/v2\/posts\/17481\/revisions"}],"predecessor-version":[{"id":17486,"href":"https:\/\/slaskipegaz.bs.katowice.pl\/index.php?rest_route=\/wp\/v2\/posts\/17481\/revisions\/17486"}],"wp:attachment":[{"href":"https:\/\/slaskipegaz.bs.katowice.pl\/index.php?rest_route=%2Fwp%2Fv2%2Fmedia&parent=17481"}],"wp:term":[{"taxonomy":"category","embeddable":true,"href":"https:\/\/slaskipegaz.bs.katowice.pl\/index.php?rest_route=%2Fwp%2Fv2%2Fcategories&post=17481"},{"taxonomy":"post_tag","embeddable":true,"href":"https:\/\/slaskipegaz.bs.katowice.pl\/index.php?rest_route=%2Fwp%2Fv2%2Ftags&post=17481"}],"curies":[{"name":"wp","href":"https:\/\/api.w.org\/{rel}","templated":true}]}}